{"id":952938,"date":"2026-05-24T00:06:16","date_gmt":"2026-05-24T00:06:16","guid":{"rendered":"https:\/\/www.europesays.com\/fr\/952938\/"},"modified":"2026-05-24T00:06:16","modified_gmt":"2026-05-24T00:06:16","slug":"edouard-philippe-favorable-a-la-pantheonisation-de-samuel-paty","status":"publish","type":"post","link":"https:\/\/www.europesays.com\/fr\/952938\/","title":{"rendered":"\u00c9douard Philippe favorable \u00e0 la panth\u00e9onisation de Samuel Paty"},"content":{"rendered":"<p>\n    \u00abSamuel Paty doit pouvoir \u00eatre au Panth\u00e9on, je pense\u00bb, a expliqu\u00e9 le maire Horizons du Havre, disant avoir \u00e9t\u00e9 sollicit\u00e9 \u00e0 ce sujet par la s\u0153ur de Samuel Paty, et lui avoir r\u00e9pondu \u00eatre \u00abtout \u00e0 fait pr\u00eat \u00e0 l\u2019aider dans ses d\u00e9marches\u00bb, alors que la d\u00e9cision revient au pr\u00e9sident de la R\u00e9publique.<\/p>\n<p class=\"fig-paragraph\">L&rsquo;ancien premier ministre\u00a0<a href=\"http:\/\/www.lefigaro.fr\/politique\/referendums-calendrier-de-la-dissolution-ordonnances-pour-agir-vite-le-plan-d-edouard-philippe-pour-ses-premiers-jours-a-l-elysee-20260520\" target=\"_blank\" data-fig-type=\"Article\" rel=\"noopener nofollow\" data-gtm-custom-categorie=\"navigation\" data-gtm-custom-action=\"crossclick\" data-gtm-custom-label=\"Contextuel\" data-gtm-event=\"customEventSPE\" data-fig-domain=\"LEFIGARO\">\u00c9douard Philippe<\/a>\u00a0s&rsquo;est dit favorable samedi sur France 5 \u00e0 la panth\u00e9onisation de\u00a0<a href=\"http:\/\/www.lefigaro.fr\/actualite-france\/c-est-une-projection-difficile-mais-indispensable-nous-avons-demande-aux-enseignants-et-aux-eleves-ce-qu-ils-pensent-du-film-sur-samuel-paty-20260523\" target=\"_blank\" data-fig-type=\"Article\" rel=\"noopener nofollow\" data-gtm-custom-categorie=\"navigation\" data-gtm-custom-action=\"crossclick\" data-gtm-custom-label=\"Contextuel\" data-gtm-event=\"customEventSPE\" data-fig-domain=\"LEFIGARO\">Samuel Paty, professeur assassin\u00e9 en 2020 par un islamiste<\/a>. \u00abSamuel Paty doit pouvoir \u00eatre au Panth\u00e9on, je pense\u00bb, a expliqu\u00e9 le maire Horizons du Havre, disant avoir \u00e9t\u00e9 sollicit\u00e9 \u00e0 ce sujet par la s\u0153ur de Samuel Paty, et lui avoir r\u00e9pondu \u00eatre \u00abtout \u00e0 fait pr\u00eat \u00e0 l&rsquo;aider dans ses d\u00e9marches\u00bb, alors que la d\u00e9cision revient au pr\u00e9sident de la R\u00e9publique.<\/p>\n<p class=\"fig-paragraph\">Interrog\u00e9 sur le sujet en janvier, le ministre de l&rsquo;\u00c9ducation nationale \u00c9douard Geffray avait r\u00e9pondu que la question m\u00e9ritait r\u00e9flexion. La panth\u00e9onisation est \u00abhistoriquement\u00bb associ\u00e9e \u00e0 \u00abun apport individuel d\u00e9terminant\u00bb \u00e0 une \u0153uvre \u00ablitt\u00e9raire, scientifique, etc.\u00bb ; or \u00abla situation de Samuel Paty est un petit peu diff\u00e9rente au sens o\u00f9 c&rsquo;est une victime de terrorisme qui est devenue un symbole \u00e0 son corps d\u00e9fendant\u00bb, avait-il expliqu\u00e9.<\/p>\n<p>                                            <a class=\"fig-a11y-skip\" href=\"#fig-a11y-skip-main-inarticle\" is=\"fig-a11y-skip\" data-trigger-mode=\"visible-once\"><br \/>\n    Passer la publicit\u00e9<br \/>\n<\/a>            <\/p>\n<p>                                            \u00abDon de sa vie\u00bb<\/p>\n<p class=\"fig-paragraph\">La ministre d\u00e9l\u00e9gu\u00e9e \u00e0 l&rsquo;Enseignement professionnel Sabrina Roubache, interrog\u00e9e \u00e0 son tour sur cette panth\u00e9onisation lors des Questions au gouvernement la semaine derni\u00e8re, a redit que cela posait \u00abla question de la forme la plus juste pour honorer sa m\u00e9moire\u00bb.<\/p>\n<p class=\"fig-paragraph\">Pour \u00c9douard Philippe, \u00abon place au Panth\u00e9on des gens (&#8230;) qui se sont illustr\u00e9s au service de la R\u00e9publique et au service de la France\u00bb. Samuel Paty \u00abn&rsquo;a pas fait don de sa vie\u00bb, il a \u00e9t\u00e9 \u00abassassin\u00e9\u00bb, mais \u00abil a fait don de sa vie au sens o\u00f9 il a continu\u00e9 modestement, (&#8230;) r\u00e9solument et avec une honn\u00eatet\u00e9 intellectuelle (&#8230;) \u00e0 enseigner,\u00bb de sorte \u00abqu&rsquo;on soit capable de comprendre ce qui se joue dans ce pays en mati\u00e8re de valeurs r\u00e9publicaines\u00bb.<\/p>\n<p>                                            P\u00e9tition en ligne<\/p>\n<p class=\"fig-paragraph\">Dans une tribune publi\u00e9e mercredi 14 janvier dans Lib\u00e9ration, le comit\u00e9 de soutien \u00abSamuel Paty\u00a0: un professeur au Panth\u00e9on\u00bb a demand\u00e9 l&rsquo;entr\u00e9e dans ce monument du professeur d&rsquo;histoire-g\u00e9ographie, poignard\u00e9 puis d\u00e9capit\u00e9 pr\u00e8s du coll\u00e8ge o\u00f9 il enseignait \u00e0 Conflans-Saint-Honorine (Yvelines), le 16 octobre 2020.<\/p>\n<p class=\"fig-paragraph\">Une\u00a0<a href=\"https:\/\/www.change.org\/p\/samuel-paty-un-professeur-au-panth%C3%A9on\" target=\"_blank\" rel=\"noopener nofollow\" data-gtm-custom-categorie=\"navigation\" data-gtm-custom-action=\"crossclick\" data-gtm-custom-label=\"Contextuel\" data-gtm-event=\"customEventSPE\">p\u00e9tition en ligne pour la panth\u00e9onisation de l&rsquo;enseignant<\/a>\u00a0a recueilli plus de 57\u00a0000 signatures \u00e0 ce jour.<\/p>\n","protected":false},"excerpt":{"rendered":"\u00abSamuel Paty doit pouvoir \u00eatre au Panth\u00e9on, je pense\u00bb, a expliqu\u00e9 le maire Horizons du Havre, disant avoir&hellip;\n","protected":false},"author":2,"featured_media":952939,"comment_status":"","ping_status":"","sticky":false,"template":"","format":"standard","meta":{"footnotes":"","_share_on_mastodon":"0"},"categories":[1359],"tags":[58,3080,59,1011,27,973,35490],"class_list":["post-952938","post","type-post","status-publish","format-standard","has-post-thumbnail","category-people","tag-divertissement","tag-edouard-philippe","tag-entertainment","tag-fr","tag-france","tag-people","tag-samuel-paty"],"share_on_mastodon":{"url":"https:\/\/pubeurope.com\/@fr\/116626639412662116","error":""},"_links":{"self":[{"href":"https:\/\/www.europesays.com\/fr\/wp-json\/wp\/v2\/posts\/952938","targetHints":{"allow":["GET"]}}],"collection":[{"href":"https:\/\/www.europesays.com\/fr\/wp-json\/wp\/v2\/posts"}],"about":[{"href":"https:\/\/www.europesays.com\/fr\/wp-json\/wp\/v2\/types\/post"}],"author":[{"embeddable":true,"href":"https:\/\/www.europesays.com\/fr\/wp-json\/wp\/v2\/users\/2"}],"replies":[{"embeddable":true,"href":"https:\/\/www.europesays.com\/fr\/wp-json\/wp\/v2\/comments?post=952938"}],"version-history":[{"count":0,"href":"https:\/\/www.europesays.com\/fr\/wp-json\/wp\/v2\/posts\/952938\/revisions"}],"wp:featuredmedia":[{"embeddable":true,"href":"https:\/\/www.europesays.com\/fr\/wp-json\/wp\/v2\/media\/952939"}],"wp:attachment":[{"href":"https:\/\/www.europesays.com\/fr\/wp-json\/wp\/v2\/media?parent=952938"}],"wp:term":[{"taxonomy":"category","embeddable":true,"href":"https:\/\/www.europesays.com\/fr\/wp-json\/wp\/v2\/categories?post=952938"},{"taxonomy":"post_tag","embeddable":true,"href":"https:\/\/www.europesays.com\/fr\/wp-json\/wp\/v2\/tags?post=952938"}],"curies":[{"name":"wp","href":"https:\/\/api.w.org\/{rel}","templated":true}]}}