{"id":95318,"date":"2025-05-12T22:34:09","date_gmt":"2025-05-12T22:34:09","guid":{"rendered":"https:\/\/www.europesays.com\/fr\/95318\/"},"modified":"2025-05-12T22:34:09","modified_gmt":"2025-05-12T22:34:09","slug":"a-paris-les-opposants-a-laide-a-mourir-se-mobilisent","status":"publish","type":"post","link":"https:\/\/www.europesays.com\/fr\/95318\/","title":{"rendered":"\u00e0 Paris, les opposants \u00e0 l\u2019aide \u00e0 mourir se mobilisent"},"content":{"rendered":"<p><strong>REPORTAGE &#8211; <\/strong>\u00abSoigner, c\u2019est aider \u00e0 vivre jusqu\u2019au terme de la vie, sans acharnement th\u00e9rapeutique ni euthanasie\u00bb, a d\u00e9nonc\u00e9 le pr\u00e9sident de l\u2019association Alliance Vita, alors que les d\u00e9bats sur le projet de loi sur la fin de vie ont commenc\u00e9 ce lundi dans l\u2019H\u00e9micycle.<\/p>\n<p class=\"fig-paragraph\">Sous la grisaille du ciel parisien, ils sont allong\u00e9s sur le sol, en signe de protestation. Au carrefour de la rue de Constantine et de la rue de l\u2019universit\u00e9, \u00e0 quelques pas de l\u2019Assembl\u00e9e nationale, environ 300 personnes ont particip\u00e9 ce lundi \u00e0 un rassemblement de protestation contre \u00ab<a href=\"http:\/\/www.lefigaro.fr\/actualite-france\/peut-on-legiferer-sur-l-euthanasie-par-referendum-20250512\" data-fig-type=\"Article\" data-gtm-custom-categorie=\"navigation\" data-gtm-custom-action=\"crossclick\" data-gtm-custom-label=\"Contextuel\" data-gtm-event=\"customEventSPE\" data-fig-domain=\"LEFIGARO\" target=\"_blank\" rel=\"noopener\">l\u2019aide m\u00e9dicale \u00e0 mourir<\/a> \u00bb. Ce texte est contenu dans le projet de loi \u00abrelatif \u00e0 l\u2019accompagnement des malades et la fin de vie\u00bb, qui arrive \u00e0 l\u2019H\u00e9micycle.<\/p>\n<p>\u00abDes soins palliatifs pour tous\u00bb<\/p>\n<p class=\"fig-paragraph\">\u00c0 l\u2019initiative de l\u2019association Alliance Vita, les participants, v\u00eatus de blouses m\u00e9dicales bleues, se sont couch\u00e9s sur le bitume, entre les gouttes de pluie, pour repr\u00e9senter un h\u00f4pital \u00e0 ciel ouvert. Partout, des pancartes\u00a0: \u00abOn veut des soins\u00bb, \u00absoutenir les plus fragiles\u00bb, \u00abpas l\u2019euthanasie\u00bb. \u00abOn veut des soins palliatifs pour tous\u00bb, affirme Genevi\u00e8ve, attach\u00e9e de presse d\u2019Alliance Vita. \u00abAujourd\u2019hui, 50% des personnes qui ont besoin de soins n\u2019y ont pas acc\u00e8s\u00bb. Les d\u00e9bats ont commenc\u00e9 ce lundi au sujet des deux textes contenus dans le projet de loi, l\u2019un portant sur l\u2019am\u00e9lioration des\u00a0<a href=\"http:\/\/www.lefigaro.fr\/politique\/frederic-valletoux-ex-ministre-de-la-sante-sur-la-fin-de-vie-la-question-des-soins-palliatifs-met-tout-le-monde-d-accord-20250122\" target=\"_blank\" data-fig-type=\"Article\" rel=\"noopener\" data-gtm-custom-categorie=\"navigation\" data-gtm-custom-action=\"crossclick\" data-gtm-custom-label=\"Contextuel\" data-gtm-event=\"customEventSPE\" data-fig-domain=\"LEFIGARO\">soins palliatifs<\/a>, l\u2019autre, sur la mise en place et l\u2019encadrement d\u2019une \u00abaide m\u00e9dicale \u00e0 mourir\u00bb.<\/p>\n<p class=\"fig-paragraph\">Dans le silence, les enregistrements se succ\u00e8dent, relay\u00e9s par une puissante enceinte. Des t\u00e9moignages de m\u00e9decins, de proches de malades ou de personnes \u00e2g\u00e9es, \u00e9voquant la crise du syst\u00e8me de sant\u00e9, les d\u00e9serts m\u00e9dicaux, et le manque d\u2019acc\u00e8s aux soins palliatifs. \u00abJ\u2019ai gard\u00e9 ma belle-m\u00e8re jusqu\u2019\u00e0 102 ans chez elle, jusqu\u2019\u00e0 sa mort\u00bb, souffle \u00c9tienne*, 71 ans. \u00abUne telle loi risque de changer l\u2019\u00e9tat d\u2019esprit. Les plus \u00e2g\u00e9s vont se sentir inutiles\u00bb, ajoute-t-il, la voix tremblante. \u00abC\u2019est un changement de paradigme\u00bb, affirme Philippe d\u2019Estaintot (Les R\u00e9publicains), \u00e9lu municipal \u00e0 Rueil-Malmaison. \u00abLe mod\u00e8le fran\u00e7ais a toujours d\u00e9fendu les plus faibles, et maintenant il doit encourager la mort\u00a0?\u00bb<\/p>\n<p class=\"fig-body-link\">\n            \u00c0 lire aussi<br \/>\n        <a class=\"fig-body-link__link fig-premium-mark\" href=\"http:\/\/www.lefigaro.fr\/actualite-france\/peut-on-legiferer-sur-l-euthanasie-par-referendum-20250512\" data-fig-type=\"Article\" data-gtm-custom-categorie=\"navigation\" data-gtm-custom-action=\"crossclick\" data-gtm-custom-label=\"Contextuel\" data-gtm-event=\"customEventSPE\" data-fig-domain=\"LEFIGARO\" target=\"_blank\" rel=\"noopener\">Peut-on l\u00e9gif\u00e9rer sur l\u2019euthanasie par r\u00e9f\u00e9rendum\u00a0?<br \/>\n    <\/a>\n<\/p>\n<p>\u00abLe manque de cadre permet toutes les d\u00e9rives\u00bb<\/p>\n<p class=\"fig-paragraph\">Les t\u00e9moignages s\u2019ach\u00e8vent, puis le pr\u00e9sident d\u2019Alliance Vita, Tugdual Derville, prend la parole. \u00abJe m\u2019adresse aux d\u00e9put\u00e9s\u00bb, lance-t-il. \u00abOui \u00e0 une loi pour les soins, non \u00e0 une loi sur l\u2019euthanasie et le suicide assist\u00e9\u00bb. Le projet de loi, initialement pr\u00e9sent\u00e9 sous la forme d\u2019un seul texte, a \u00e9t\u00e9 divis\u00e9 en deux documents en commission, \u00e0 la demande du premier ministre\u00a0<a href=\"http:\/\/www.lefigaro.fr\/politique\/entre-emmanuel-macron-et-francois-bayrou-les-relations-se-troublent-20250512\" target=\"_blank\" data-fig-type=\"Article\" rel=\"noopener\" data-gtm-custom-categorie=\"navigation\" data-gtm-custom-action=\"crossclick\" data-gtm-custom-label=\"Contextuel\" data-gtm-event=\"customEventSPE\" data-fig-domain=\"LEFIGARO\">Fran\u00e7ois Bayrou<\/a>. \u00abMais c\u2019est incompatible\u00bb, mart\u00e8le le dirigeant de l\u2019association. \u00abSoigner, c\u2019est aider \u00e0 vivre jusqu\u2019au terme de la vie, sans acharnement th\u00e9rapeutique ni euthanasie\u00bb.\u00a0<\/p>\n<blockquote class=\"fig-quote&#10;    \">\n<p class=\"fig-quote__text\">\u00ab Soigner, c\u2019est aider \u00e0 vivre jusqu\u2019au terme de la vie, sans acharnement th\u00e9rapeutique ni euthanasie\u00a0\u00bb.\u00a0<\/p>\n<p>            Tugdual Derville, pr\u00e9sident d\u2019Alliance Vita\n    <\/p><\/blockquote>\n<p class=\"fig-paragraph\">En cause \u00e9galement, les crit\u00e8res d\u2019\u00e9ligibilit\u00e9 des patients \u00e0 l\u2019<a href=\"http:\/\/www.lefigaro.fr\/actualite-france\/voter-un-droit-a-la-mort-c-est-une-lourde-responsabilite-ces-deputes-qui-hesitent-sur-l-aide-a-mourir-20250512\" target=\"_blank\" data-fig-type=\"Article\" rel=\"noopener\" data-gtm-custom-categorie=\"navigation\" data-gtm-custom-action=\"crossclick\" data-gtm-custom-label=\"Contextuel\" data-gtm-event=\"customEventSPE\" data-fig-domain=\"LEFIGARO\">aide \u00e0 mourir<\/a>. Apr\u00e8s l\u2019examen en commission, le crit\u00e8re du pronostic vital engag\u00e9 \u00ab\u00e0 court ou moyen terme\u00bb a \u00e9t\u00e9 supplant\u00e9 par la notion de \u00abphase avanc\u00e9e ou terminale\u00bb. Les opposants \u00e0 cette loi craignent ainsi un \u00e9largissement progressif de l\u2019acc\u00e8s \u00e0 la mort. \u00abC\u2019est d\u2019autant plus grave que les mots \u201ceuthanasie\u201d et \u201csuicide\u201d sont soigneusement dissimul\u00e9s, avertit Tugdual Derville. Les digues que la loi pr\u00e9tend poser sont en papier m\u00e2ch\u00e9. Elles sauteront l\u2019une apr\u00e8s l\u2019autre\u00bb. Et d\u2019ajouter\u00a0: \u00abLa loi ferait intrusion dans la vie de chaque patient fragile. Elle le rendrait \u00e9ligible \u00e0 la mort inject\u00e9e sans une \u00e9valuation pr\u00e9cise du pronostic\u00bb. \u00abLe manque de cadre permet toutes les d\u00e9rives, ajoute Genevi\u00e8ve. Dans ce contexte de manque de soins, les personnes en situation de pr\u00e9carit\u00e9 pourraient y avoir acc\u00e8s par d\u00e9faut de soins.\u00bb<\/p>\n<p class=\"fig-paragraph\">L\u2019inscription du suicide assist\u00e9 dans la loi serait en outre une issue pour les personnes isol\u00e9es et en d\u00e9tresse psychologique, d\u2019autant que \u00able processus interdit tout recours aux proches\u00bb, ajoute Tugdual Derville. \u00abLa souffrance psychologique est un s\u00e9same pour l\u2019administration du suicide. Tout patient isol\u00e9 pourrait \u00eatre victime de ce crit\u00e8re\u00bb. Les opposants pointent l\u2019aspect pr\u00e9cipit\u00e9 du processus, au cours duquel le patient a deux semaines pour faire seul son choix, entre suicide assist\u00e9 et euthanasie. \u00abLe m\u00e9decin devra d\u00e9cider seul, en toute urgence, sans recourir \u00e0 un psychologue ou un psychiatre\u00bb, s\u2019inqui\u00e8te le pr\u00e9sident de l\u2019association. Les d\u00e9put\u00e9s d\u00e9battront sur le contenu des deux textes pendant deux semaines, avant un vote solennel le 27 mai pour chacun d\u2019eux. \u00c0 moins qu\u2019Emmanuel Macron n\u2019annonce consulter les Fran\u00e7ais sur ce sujet br\u00fblant de soci\u00e9t\u00e9 par la voie du\u00a0<a href=\"http:\/\/www.lefigaro.fr\/vox\/societe\/jean-eric-schoettl-les-pieges-du-referendum-facon-qcm-voulu-par-emmanuel-macron-20250512\" data-fig-type=\"Article\" data-gtm-custom-categorie=\"navigation\" data-gtm-custom-action=\"crossclick\" data-gtm-custom-label=\"Contextuel\" data-gtm-event=\"customEventSPE\" data-fig-domain=\"LEFIGARO\" target=\"_blank\" rel=\"noopener\">r\u00e9f\u00e9rendum<\/a>.<\/p>\n<p class=\"fig-paragraph\">*Le pr\u00e9nom a \u00e9t\u00e9 modifi\u00e9.<\/p>\n","protected":false},"excerpt":{"rendered":"REPORTAGE &#8211; \u00abSoigner, c\u2019est aider \u00e0 vivre jusqu\u2019au terme de la vie, sans acharnement th\u00e9rapeutique ni euthanasie\u00bb, a&hellip;\n","protected":false},"author":2,"featured_media":95319,"comment_status":"","ping_status":"","sticky":false,"template":"","format":"standard","meta":{"footnotes":""},"categories":[2],"tags":[47,1058,1054,1059,1060,1055,11,1057,17193,118,1011,27,1061,303,12,1062,25,656,104,1056,20812,809],"class_list":{"0":"post-95318","1":"post","2":"type-post","3":"status-publish","4":"format-standard","5":"has-post-thumbnail","7":"category-actualites","8":"tag-actualite","9":"tag-actualite-education","10":"tag-actualite-france","11":"tag-actualite-justice","12":"tag-actualite-securite","13":"tag-actualite-societe","14":"tag-actualites","15":"tag-education","16":"tag-euthanasie","17":"tag-faits-divers","18":"tag-fr","19":"tag-france","20":"tag-immigration","21":"tag-justice","22":"tag-news","23":"tag-polemique","24":"tag-republique-francaise","25":"tag-securite","26":"tag-societe","27":"tag-societe-francaise","28":"tag-soins-palliatifs","29":"tag-violence"},"share_on_mastodon":{"url":"https:\/\/pubeurope.com\/@fr\/114497248571478411","error":""},"_links":{"self":[{"href":"https:\/\/www.europesays.com\/fr\/wp-json\/wp\/v2\/posts\/95318","targetHints":{"allow":["GET"]}}],"collection":[{"href":"https:\/\/www.europesays.com\/fr\/wp-json\/wp\/v2\/posts"}],"about":[{"href":"https:\/\/www.europesays.com\/fr\/wp-json\/wp\/v2\/types\/post"}],"author":[{"embeddable":true,"href":"https:\/\/www.europesays.com\/fr\/wp-json\/wp\/v2\/users\/2"}],"replies":[{"embeddable":true,"href":"https:\/\/www.europesays.com\/fr\/wp-json\/wp\/v2\/comments?post=95318"}],"version-history":[{"count":0,"href":"https:\/\/www.europesays.com\/fr\/wp-json\/wp\/v2\/posts\/95318\/revisions"}],"wp:featuredmedia":[{"embeddable":true,"href":"https:\/\/www.europesays.com\/fr\/wp-json\/wp\/v2\/media\/95319"}],"wp:attachment":[{"href":"https:\/\/www.europesays.com\/fr\/wp-json\/wp\/v2\/media?parent=95318"}],"wp:term":[{"taxonomy":"category","embeddable":true,"href":"https:\/\/www.europesays.com\/fr\/wp-json\/wp\/v2\/categories?post=95318"},{"taxonomy":"post_tag","embeddable":true,"href":"https:\/\/www.europesays.com\/fr\/wp-json\/wp\/v2\/tags?post=95318"}],"curies":[{"name":"wp","href":"https:\/\/api.w.org\/{rel}","templated":true}]}}