{"id":953307,"date":"2026-05-24T04:43:14","date_gmt":"2026-05-24T04:43:14","guid":{"rendered":"https:\/\/www.europesays.com\/fr\/953307\/"},"modified":"2026-05-24T04:43:14","modified_gmt":"2026-05-24T04:43:14","slug":"lyon-immense-skatepark-et-jardin-en-bord-de-rhone-denormes-travaux-debutent-dans-ce-quartier","status":"publish","type":"post","link":"https:\/\/www.europesays.com\/fr\/953307\/","title":{"rendered":"Lyon. Immense skatepark et jardin en bord de Rh\u00f4ne : d&rsquo;\u00e9normes travaux d\u00e9butent dans ce quartier"},"content":{"rendered":"<p>                    Par<br \/>\n        <strong><br \/>\n            <a href=\"https:\/\/actu.fr\/auteur\/julien-damboise\" title=\"Consulter tous les articles de Julien Damboise\" rel=\"nofollow noopener\" target=\"_blank\">Julien Damboise<\/a><br \/>\n                    <\/strong><\/p>\n<p>        Publi\u00e9 le<\/p>\n<p>            24 mai 2026 \u00e0 6h30        <\/p>\n<p>\u00c0 <a href=\"https:\/\/actu.fr\/lyon\/\" rel=\"nofollow noopener\" target=\"_blank\">Lyon<\/a>, dans le quartier de <a href=\"https:\/\/actu.fr\/tag\/confluence\" rel=\"nofollow noopener\" target=\"_blank\">Confluence<\/a>, un <strong>nouvel espace vert d\u2019ampleur<\/strong> est en train de sortir de terre. Il s\u2019agit du site du futur <strong>Jardin du Rh\u00f4ne<\/strong>, avec pr\u00e8s de 9 000 m\u00e8tres carr\u00e9s qui ont d\u00e9but\u00e9 leur transformation.<\/p>\n<p>Au sud de Confluence<\/p>\n<p class=\" wall-content\">Le grand espace v\u00e9g\u00e9talis\u00e9 va prendre place <strong>pr\u00e8s du pont Pasteur<\/strong> qui relie les 2e et 7e arrondissements de Lyon \u00e0 proximit\u00e9 aussi des voies rapides de la M7. Les premiers coups de pioche ont \u00e9t\u00e9 port\u00e9s au mois de mars dans la continuit\u00e9 du grand chantier de renouvellement urbain en cours dans ce secteur.<\/p>\n<p class=\" wall-content\">Un site qui est tr\u00e8s bien plac\u00e9 : il borde directement le Rh\u00f4ne. Sur place, ce sont m\u00eame <strong>trois espaces<\/strong> qui seront construits.<\/p>\n<p>Un skatepark XXL<\/p>\n<p class=\" wall-content\">Le jardin va offrir d\u2019abord, c\u00f4t\u00e9 sud, un \u00ab parvis-for\u00eat \u00bb avec un parcours d\u2019activit\u00e9s et un <strong>skate park de 550 m\u00b2<\/strong>. Des pr\u00e9cisions sont attendues sur les modules et autres rampes que pourront emprunter les riders du quartier.\u00a0<\/p>\n<p class=\" wall-content\">Au centre, une \u00ab lisi\u00e8re \u00bb, proposera un am\u00e9nagement fonctionnel \u00ab\u00a0pour les activit\u00e9s \u00e9conomiques install\u00e9es au bord du Rh\u00f4ne ainsi qu\u2019un <strong>espace v\u00e9g\u00e9talis\u00e9<\/strong> \u00e9quip\u00e9 de bancs, de poubelles, d\u2019arceaux v\u00e9lo, de luminaires \u00ab lucioles \u00bb, d\u2019une fontaine pour boire et d\u2019un parcours d\u2019\u00e9quilibre\u00a0\u00bb, d\u2019apr\u00e8s les concepteurs.<\/p>\n<p class=\" wall-content\">De plus, au nord, une zone pr\u00e9serv\u00e9e de la pollution lumineuse, notamment <a href=\"https:\/\/actu.fr\/auvergne-rhone-alpes\/anse_69009\/pres-de-lyon-les-castors-attaquent-le-surprenant-mais-tres-serieux-appel-a-la-prudence-dans-cette-ville_64093779.html\" rel=\"nofollow noopener\" target=\"_blank\">pour les castors<\/a> d\u00e9j\u00e0 observ\u00e9s sur place, est aussi pr\u00e9vue avec encore de la v\u00e9g\u00e9talisation.<\/p>\n<p class=\" wall-content\">Les travaux doivent \u00eatre livr\u00e9s, pour le moment, au <strong>printemps 2027<\/strong>.<\/p>\n<p>Un bateau-restaurant<\/p>\n<p class=\" wall-content\">Dans le projet, on retrouve enfin l\u2019am\u00e9nagement d\u2019une terrasse pour un bateau-restaurant \u00e0 quelques pas. Un endroit que connaissent d\u00e9j\u00e0 les Lyonnais qui avaient vu \u00e0 cet endroit le bateau Bellona, ferm\u00e9 depuis 2023, faisant des malheureux parmi les noctambules qui profitaient ici de soir\u00e9es avec vue plongeante sur le Rh\u00f4ne.<\/p>\n<p class=\" wall-content\">Un <strong>appel \u00e0 projet<\/strong> doit \u00eatre prochainement lanc\u00e9 par Voies navigables de France.<\/p>\n<p class=\" wall-content\">Personnalisez votre actualit\u00e9 en ajoutant vos villes et m\u00e9dias en favori avec <a href=\"https:\/\/moncompte.actu.fr\" title=\"D\u00e9couvez Mon Actu\" rel=\"nofollow noopener\" data-trk=\"{&quot;cta&quot;:{&quot;action&quot;:&quot;https:\\\/\\\/moncompte.actu.fr&quot;,&quot;category&quot;:&quot;mon compte&quot;,&quot;from&quot;:&quot;article footer&quot;,&quot;name&quot;:&quot;Mon actu&quot;,&quot;type&quot;:&quot;cta&quot;}}\" target=\"_blank\">Mon Actu<\/a>.<\/p>\n","protected":false},"excerpt":{"rendered":"Par Julien Damboise Publi\u00e9 le 24 mai 2026 \u00e0 6h30 \u00c0 Lyon, dans le quartier de Confluence, un&hellip;\n","protected":false},"author":2,"featured_media":953308,"comment_status":"","ping_status":"","sticky":false,"template":"","format":"standard","meta":{"footnotes":"","_share_on_mastodon":"0"},"categories":[1889],"tags":[1111,11,2430,3157,1777,674,118,1011,27,2428,12,25,2086],"class_list":["post-953307","post","type-post","status-publish","format-standard","has-post-thumbnail","category-lyon","tag-actu","tag-actualites","tag-auvergne-rhone-alpes","tag-confluence","tag-eu","tag-europe","tag-faits-divers","tag-fr","tag-france","tag-lyon","tag-news","tag-republique-francaise","tag-travaux"],"share_on_mastodon":{"url":"https:\/\/pubeurope.com\/@fr\/116627728426537239","error":""},"_links":{"self":[{"href":"https:\/\/www.europesays.com\/fr\/wp-json\/wp\/v2\/posts\/953307","targetHints":{"allow":["GET"]}}],"collection":[{"href":"https:\/\/www.europesays.com\/fr\/wp-json\/wp\/v2\/posts"}],"about":[{"href":"https:\/\/www.europesays.com\/fr\/wp-json\/wp\/v2\/types\/post"}],"author":[{"embeddable":true,"href":"https:\/\/www.europesays.com\/fr\/wp-json\/wp\/v2\/users\/2"}],"replies":[{"embeddable":true,"href":"https:\/\/www.europesays.com\/fr\/wp-json\/wp\/v2\/comments?post=953307"}],"version-history":[{"count":0,"href":"https:\/\/www.europesays.com\/fr\/wp-json\/wp\/v2\/posts\/953307\/revisions"}],"wp:featuredmedia":[{"embeddable":true,"href":"https:\/\/www.europesays.com\/fr\/wp-json\/wp\/v2\/media\/953308"}],"wp:attachment":[{"href":"https:\/\/www.europesays.com\/fr\/wp-json\/wp\/v2\/media?parent=953307"}],"wp:term":[{"taxonomy":"category","embeddable":true,"href":"https:\/\/www.europesays.com\/fr\/wp-json\/wp\/v2\/categories?post=953307"},{"taxonomy":"post_tag","embeddable":true,"href":"https:\/\/www.europesays.com\/fr\/wp-json\/wp\/v2\/tags?post=953307"}],"curies":[{"name":"wp","href":"https:\/\/api.w.org\/{rel}","templated":true}]}}