{"id":95387,"date":"2025-05-12T23:13:08","date_gmt":"2025-05-12T23:13:08","guid":{"rendered":"https:\/\/www.europesays.com\/fr\/95387\/"},"modified":"2025-05-12T23:13:08","modified_gmt":"2025-05-12T23:13:08","slug":"previsions-du-mardi-13-mai-2025-2","status":"publish","type":"post","link":"https:\/\/www.europesays.com\/fr\/95387\/","title":{"rendered":"pr\u00e9visions du mardi 13 mai 2025"},"content":{"rendered":"<p>Le soleil fera d\u00e9faut aujourd&rsquo;hui, \u00e0 Rennes, car le ciel sera couvert par des nuages. Il va faire 13\u00b0C en moyenne. Une l\u00e9g\u00e8re brise de sud-est soufflera. D&rsquo;un autre c\u00f4t\u00e9, le matin, un ciel avec des \u00e9claircies va progressivement prendre la place des nuages. L&rsquo;apr\u00e8s-midi, l&rsquo;arriv\u00e9e du soleil sera retard\u00e9e par quelques nuages. Des pluies \u00e9parses tomberont. Les valeurs afficheront entre 15 et 18\u00b0C. Le soir, du mauvais temps est \u00e0 pr\u00e9voir. Des pluies \u00e9parses vont tomber. Il fera environ 15\u00b0C. C&rsquo;est un ciel clair que conna\u00eetra la nuit de mardi \u00e0 mercredi.<\/p>\n<p>C&rsquo;est \u00e0 un ciel tapiss\u00e9 de nuages qu&rsquo;il faudra s&rsquo;attendre demain \u00e0 Rennes. Le temps va se r\u00e9chauffer avec une augmentation de quelques degr\u00e9s. On pr\u00e9voit des temp\u00e9ratures d&rsquo;environ 16\u00b0C. Un petit vent de nord-est sera ressenti par les habitants. En revanche, le matin, les Rennais vont pouvoir profiter d&rsquo;un soleil radieux. Les valeurs avoisineront les 17\u00b0C. Demain apr\u00e8s-midi, des nuages feront leur apparition. Il faudra s&rsquo;attendre \u00e0 des perturbations, les Rennais se retrouveront sous des pluies \u00e9parses. D&rsquo;un autre c\u00f4t\u00e9, les temp\u00e9ratures vont conna\u00eetre une hausse de quelques degr\u00e9s. Les valeurs s&rsquo;\u00e9chelonneront de 20 \u00e0 21\u00b0C. La grisaille ne se dissipe toujours pas, il y aura encore des nuages demain soir. Il faudra emporter son parapluie pour \u00e9viter les pluies \u00e9parses. Le mercure affichera 16\u00b0C en moyenne.<\/p>\n<p>Les conditions m\u00e9t\u00e9orologiques vont s&rsquo;am\u00e9liorer dans les jours qui suivent. Des temp\u00e9ratures dans les 15\u00b0C iront de pair avec un ciel ensoleill\u00e9.<\/p>\n<p><\/p>\n","protected":false},"excerpt":{"rendered":"Le soleil fera d\u00e9faut aujourd&rsquo;hui, \u00e0 Rennes, car le ciel sera couvert par des nuages. Il va faire&hellip;\n","protected":false},"author":2,"featured_media":95388,"comment_status":"","ping_status":"","sticky":false,"template":"","format":"standard","meta":{"footnotes":""},"categories":[2821],"tags":[1111,11,829,1777,674,1011,27,848,12,2119,584,25],"class_list":{"0":"post-95387","1":"post","2":"type-post","3":"status-publish","4":"format-standard","5":"has-post-thumbnail","7":"category-rennes","8":"tag-actu","9":"tag-actualites","10":"tag-bretagne","11":"tag-eu","12":"tag-europe","13":"tag-fr","14":"tag-france","15":"tag-ille-et-vilaine","16":"tag-news","17":"tag-previsions-meteo","18":"tag-rennes","19":"tag-republique-francaise"},"share_on_mastodon":{"url":"https:\/\/pubeurope.com\/@fr\/114497401826619506","error":""},"_links":{"self":[{"href":"https:\/\/www.europesays.com\/fr\/wp-json\/wp\/v2\/posts\/95387","targetHints":{"allow":["GET"]}}],"collection":[{"href":"https:\/\/www.europesays.com\/fr\/wp-json\/wp\/v2\/posts"}],"about":[{"href":"https:\/\/www.europesays.com\/fr\/wp-json\/wp\/v2\/types\/post"}],"author":[{"embeddable":true,"href":"https:\/\/www.europesays.com\/fr\/wp-json\/wp\/v2\/users\/2"}],"replies":[{"embeddable":true,"href":"https:\/\/www.europesays.com\/fr\/wp-json\/wp\/v2\/comments?post=95387"}],"version-history":[{"count":0,"href":"https:\/\/www.europesays.com\/fr\/wp-json\/wp\/v2\/posts\/95387\/revisions"}],"wp:featuredmedia":[{"embeddable":true,"href":"https:\/\/www.europesays.com\/fr\/wp-json\/wp\/v2\/media\/95388"}],"wp:attachment":[{"href":"https:\/\/www.europesays.com\/fr\/wp-json\/wp\/v2\/media?parent=95387"}],"wp:term":[{"taxonomy":"category","embeddable":true,"href":"https:\/\/www.europesays.com\/fr\/wp-json\/wp\/v2\/categories?post=95387"},{"taxonomy":"post_tag","embeddable":true,"href":"https:\/\/www.europesays.com\/fr\/wp-json\/wp\/v2\/tags?post=95387"}],"curies":[{"name":"wp","href":"https:\/\/api.w.org\/{rel}","templated":true}]}}