{"id":95432,"date":"2025-05-12T23:37:10","date_gmt":"2025-05-12T23:37:10","guid":{"rendered":"https:\/\/www.europesays.com\/fr\/95432\/"},"modified":"2025-05-12T23:37:10","modified_gmt":"2025-05-12T23:37:10","slug":"en-direct-ukraine-zelensky-souhaite-que-trump-se-rende-a-des-pourparlers-avec-moscou-en-turquie","status":"publish","type":"post","link":"https:\/\/www.europesays.com\/fr\/95432\/","title":{"rendered":"EN DIRECT &#8211; Ukraine : Zelensky souhaite que Trump se rende \u00e0 des pourparlers avec Moscou en Turquie"},"content":{"rendered":"<p>Le pr\u00e9sident ukrainien Volodymyr Zelensky a annonc\u00e9 lundi s&rsquo;\u00eatre entretenu avec le pape L\u00e9on XIV pour la premi\u00e8re fois depuis son \u00e9lection. \u00ab\u00a0C&rsquo;\u00e9tait notre premi\u00e8re conversation, mais elle \u00e9tait d\u00e9j\u00e0 tr\u00e8s chaleureuse et vraiment constructive\u00a0\u00bb, a-t-il d\u00e9clar\u00e9 sur les r\u00e9seaux sociaux, pr\u00e9cisant avoir \u00ab\u00a0invit\u00e9\u00a0\u00bb le pape en Ukraine, pays qui compte des millions de fid\u00e8les greco-catholiques. \u00ab\u00a0Une telle visite apporterait un r\u00e9el espoir \u00e0 tous les croyants et \u00e0 tout notre peuple\u00a0\u00bb, a-t-il \u00e9crit.\u00a0<\/p>\n<p>\u00ab\u00a0Nous appr\u00e9cions profond\u00e9ment ses paroles sur la n\u00e9cessit\u00e9 d&rsquo;instaurer une paix juste et durable pour notre pays et d&rsquo;obtenir la lib\u00e9ration des prisonniers\u00a0\u00bb, a encore d\u00e9clar\u00e9 le dirigeant ukrainien, expliquant par ailleurs avoir \u00e9voqu\u00e9 avec le pape le projet occidental d&rsquo;un cessez-le-feu de 30 jours. \u00ab\u00a0Nous avons convenu de rester en contact et de planifier une rencontre en personne dans un avenir proche\u00a0\u00bb, a-t-il conclu.\u00a0<\/p>\n<p>Le nouveau souverain pontife, \u00e9lu jeudi 8 mai, tenait ce lundi <a href=\"https:\/\/www.tf1info.fr\/international\/direct-robert-francis-prevost-nouveau-pape-americain-leon-xiv-au-vatican-les-dernieres-informations-vendredi-9-mai-2025-2369763.html\" target=\"_blank\" rel=\"nofollow noopener\">sa premi\u00e8re conf\u00e9rence de presse (nouvelle fen\u00eatre)<\/a> devant des repr\u00e9sentants de m\u00e9dias internationaux.\u00a0La veille, il avait d\u00e9clar\u00e9 lors de sa premi\u00e8re allocution pontificale, \u00ab\u00a0porte(r) dans mon c\u0153ur les souffrances du peuple ukrainien bien-aim\u00e9\u00a0\u00bb, plaidant pour \u00ab\u00a0une paix authentique, juste et durable\u00a0\u00bb apr\u00e8s la traditionnelle pri\u00e8re du dimanche. \u00a0<\/p>\n","protected":false},"excerpt":{"rendered":"Le pr\u00e9sident ukrainien Volodymyr Zelensky a annonc\u00e9 lundi s&rsquo;\u00eatre entretenu avec le pape L\u00e9on XIV pour la premi\u00e8re&hellip;\n","protected":false},"author":2,"featured_media":75822,"comment_status":"","ping_status":"","sticky":false,"template":"","format":"standard","meta":{"footnotes":""},"categories":[1590],"tags":[1111,11,1921,75,1073,73,1777,674,1918,1922,1916,12,132,220,1917,133,1920,135,134],"class_list":{"0":"post-95432","1":"post","2":"type-post","3":"status-publish","4":"format-standard","5":"has-post-thumbnail","7":"category-ukraine","8":"tag-actu","9":"tag-actualites","10":"tag-article-video","11":"tag-donald-trump","12":"tag-emmanuel-macron","13":"tag-etats-unis","14":"tag-eu","15":"tag-europe","16":"tag-guerre-en-ukraine-une-treve-en-negociation","17":"tag-info","18":"tag-moscou","19":"tag-news","20":"tag-russie","21":"tag-ukraine","22":"tag-ukraine-4-annee-de-guerre","23":"tag-video","24":"tag-video-international","25":"tag-vladimir-poutine","26":"tag-volodymyr-zelensky"},"share_on_mastodon":{"url":"https:\/\/pubeurope.com\/@fr\/114497496196254141","error":""},"_links":{"self":[{"href":"https:\/\/www.europesays.com\/fr\/wp-json\/wp\/v2\/posts\/95432","targetHints":{"allow":["GET"]}}],"collection":[{"href":"https:\/\/www.europesays.com\/fr\/wp-json\/wp\/v2\/posts"}],"about":[{"href":"https:\/\/www.europesays.com\/fr\/wp-json\/wp\/v2\/types\/post"}],"author":[{"embeddable":true,"href":"https:\/\/www.europesays.com\/fr\/wp-json\/wp\/v2\/users\/2"}],"replies":[{"embeddable":true,"href":"https:\/\/www.europesays.com\/fr\/wp-json\/wp\/v2\/comments?post=95432"}],"version-history":[{"count":0,"href":"https:\/\/www.europesays.com\/fr\/wp-json\/wp\/v2\/posts\/95432\/revisions"}],"wp:featuredmedia":[{"embeddable":true,"href":"https:\/\/www.europesays.com\/fr\/wp-json\/wp\/v2\/media\/75822"}],"wp:attachment":[{"href":"https:\/\/www.europesays.com\/fr\/wp-json\/wp\/v2\/media?parent=95432"}],"wp:term":[{"taxonomy":"category","embeddable":true,"href":"https:\/\/www.europesays.com\/fr\/wp-json\/wp\/v2\/categories?post=95432"},{"taxonomy":"post_tag","embeddable":true,"href":"https:\/\/www.europesays.com\/fr\/wp-json\/wp\/v2\/tags?post=95432"}],"curies":[{"name":"wp","href":"https:\/\/api.w.org\/{rel}","templated":true}]}}