{"id":95442,"date":"2025-05-12T23:43:09","date_gmt":"2025-05-12T23:43:09","guid":{"rendered":"https:\/\/www.europesays.com\/fr\/95442\/"},"modified":"2025-05-12T23:43:09","modified_gmt":"2025-05-12T23:43:09","slug":"premiere-bataille-de-mots-a-lassemblee-sur-laide-a-mourir","status":"publish","type":"post","link":"https:\/\/www.europesays.com\/fr\/95442\/","title":{"rendered":"premi\u00e8re bataille de mots \u00e0 l\u2019Assembl\u00e9e sur l\u2019aide \u00e0 mourir"},"content":{"rendered":"<p><strong>D\u00c9CRYPTAGE &#8211; <\/strong>Lundi, les d\u00e9put\u00e9s ont entam\u00e9 la lecture des deux propositions de loi sur la fin de vie par une discussion g\u00e9n\u00e9rale. Catherine Vautrin, ministre du Travail, de la Sant\u00e9, des Solidarit\u00e9s et des Familles, y a fix\u00e9 ses lignes rouges.<\/p>\n<p class=\"fig-paragraph\">Un an apr\u00e8s le coup de th\u00e9\u00e2tre de la dissolution, l\u2019Assembl\u00e9e nationale se penche une nouvelle fois sur\u00a0<a href=\"http:\/\/www.lefigaro.fr\/actualite-france\/fin-de-vie-un-texte-qui-divise-le-gouvernement-20250511\" target=\"_blank\" data-fig-type=\"Article\" rel=\"noopener\" data-gtm-custom-categorie=\"navigation\" data-gtm-custom-action=\"crossclick\" data-gtm-custom-label=\"Contextuel\" data-gtm-event=\"customEventSPE\" data-fig-domain=\"LEFIGARO\">la d\u00e9licate question de la fin de vie<\/a>. Avant le d\u00e9bat sur les lois d\u00e9di\u00e9es aux\u00a0<a href=\"http:\/\/www.lefigaro.fr\/politique\/frederic-valletoux-ex-ministre-de-la-sante-sur-la-fin-de-vie-la-question-des-soins-palliatifs-met-tout-le-monde-d-accord-20250122\" target=\"_blank\" data-fig-type=\"Article\" rel=\"noopener\" data-gtm-custom-categorie=\"navigation\" data-gtm-custom-action=\"crossclick\" data-gtm-custom-label=\"Contextuel\" data-gtm-event=\"customEventSPE\" data-fig-domain=\"LEFIGARO\">soins palliatifs<\/a>\u00a0et \u00e0 l\u2019aide \u00e0 mourir, les d\u00e9put\u00e9s issus de tous les groupes se sont exprim\u00e9s dans le cadre d\u2019une discussion g\u00e9n\u00e9rale.<\/p>\n<p class=\"fig-paragraph\">Sur la question \u00abvertigineuse\u00bb de la fin de vie, la ministre de la Sant\u00e9,\u00a0<a href=\"http:\/\/www.lefigaro.fr\/politique\/de-la-naissance-a-la-mort-catherine-vautrin-faconne-son-matignon-social-20250127\" target=\"_blank\" data-fig-type=\"Article\" rel=\"noopener\" data-gtm-custom-categorie=\"navigation\" data-gtm-custom-action=\"crossclick\" data-gtm-custom-label=\"Contextuel\" data-gtm-event=\"customEventSPE\" data-fig-domain=\"LEFIGARO\">Catherine Vautrin<\/a>\u00a0a fix\u00e9 des \u00ab limites essentielles\u00bb pour l\u2019aide \u00e0 mourir. Plut\u00f4t qu\u2019<a href=\"http:\/\/www.lefigaro.fr\/actualite-france\/l-equilibre-de-la-loi-sur-l-aide-a-mourir-au-coeur-des-desaccords-en-commission-nous-prevoyons-moins-de-garde-fous-qu-en-belgique-20250504\" target=\"_blank\" data-fig-type=\"Article\" rel=\"noopener\" data-gtm-custom-categorie=\"navigation\" data-gtm-custom-action=\"crossclick\" data-gtm-custom-label=\"Contextuel\" data-gtm-event=\"customEventSPE\" data-fig-domain=\"LEFIGARO\">un libre choix entre euthanasie et suicide assist\u00e9<\/a>, la ministre souhaite en premier lieu faire de \u00abl\u2019auto-administration\u00bb\u00a0de la substance l\u00e9tale par le patient la r\u00e8gle.<\/p>\n<p class=\"fig-paragraph\">L\u2019<a href=\"http:\/\/www.lefigaro.fr\/vox\/societe\/marie-de-hennezel-la-loi-sur-l-aide-a-mourir-n-est-ni-juste-ni-equilibree-ni-fraternelle-20250509\" target=\"_blank\" data-fig-type=\"Article\" rel=\"noopener\" data-gtm-custom-categorie=\"navigation\" data-gtm-custom-action=\"crossclick\" data-gtm-custom-label=\"Contextuel\" data-gtm-event=\"customEventSPE\" data-fig-domain=\"LEFIGARO\">aide \u00e0 mourir<\/a>\u00a0\u00ab ne s\u2019adressera qu\u2019aux patients en phase avanc\u00e9e d\u2019une maladie grave et incurable et dont le pronostic vital est engag\u00e9\u00bb, a-t-elle \u00e9galement promis, en reprenant les termes de la proposition de loi.\u00a0Confront\u00e9e \u00e0 la crainte que l\u2019euthanasie ou le suicide assist\u00e9 puissent concerner des patients ayant encore plusieurs ann\u00e9es \u00e0 vivre, elle a\u2026<\/p>\n<p class=\"fig-premium-paywall__infos\">\n        Cet article est r\u00e9serv\u00e9 aux abonn\u00e9s.        Il vous reste 84% \u00e0 d\u00e9couvrir.\n    <\/p>\n<p>                <img  data- alt=\"Le Figaro\" class=\"fig-img--complete fig-img\"\/><\/p>\n<p class=\"fig-premium-paywall__title\">Je m&rsquo;informe, je m&rsquo;inspire, je m&rsquo;abonne.<\/p>\n<p class=\"fig-premium-paywall__subtitle\">D\u00e9couvrez notre offre de bienvenue.<\/p>\n<p class=\"fig-premium-paywall__connect\">\n                D\u00e9j\u00e0 abonn\u00e9\u00a0?                <a class=\"fig-premium-paywall__connect-link\" href=\"https:\/\/connect.lefigaro.fr\/login?client=horizon_web&amp;type=main&amp;redirect_uri=https%3A%2F%2Fwww.lefigaro.fr%2Factualite-france%2Fun-texte-solide-et-equilibre-ou-une-loi-d-abandon-premiere-bataille-de-mots-a-l-assemblee-sur-l-aide-a-mourir-20250512\" data-js-gtm=\"{&quot;customCategorie&quot;: &quot;conversion&quot;, &quot;customAction&quot;: &quot;before_Landing_Connexion_paywall_auto&quot;, &quot;customLabel&quot;: &quot;bGVmaWdhcm8uZnJfXzFmMDJmMzYyLTVlN2ItNmM3MC1iZWE3LTZmYjgyZTFkNmYwN19fQXJ0aWNsZQ==_Un texte \u00absolide et \u00e9quilibr\u00e9\u00bb ou une loi \u00abd\u2019abandon\u00bb\u00a0: premi\u00e8re bataille de mots \u00e0 l\u2019Assembl\u00e9e sur l\u2019aide \u00e0 mourir_355&quot;, &quot;customIDSPE&quot;: &quot;bGVmaWdhcm8uZnJfXzFmMDJmMzYyLTVlN2ItNmM3MC1iZWE3LTZmYjgyZTFkNmYwN19fQXJ0aWNsZQ==&quot;, &quot;event&quot;: &quot;customEventSPE&quot;}\" target=\"_blank\" rel=\"noopener\"><br \/>\n                    Connectez-vous<br \/>\n                <\/a>\n            <\/p>\n","protected":false},"excerpt":{"rendered":"D\u00c9CRYPTAGE &#8211; Lundi, les d\u00e9put\u00e9s ont entam\u00e9 la lecture des deux propositions de loi sur la fin de&hellip;\n","protected":false},"author":2,"featured_media":95443,"comment_status":"","ping_status":"","sticky":false,"template":"","format":"standard","meta":{"footnotes":""},"categories":[2],"tags":[47,1058,1054,1059,1060,1055,11,416,6970,1057,17193,118,7977,1011,27,1061,303,12,1062,25,656,104,1056,809],"class_list":{"0":"post-95442","1":"post","2":"type-post","3":"status-publish","4":"format-standard","5":"has-post-thumbnail","7":"category-actualites","8":"tag-actualite","9":"tag-actualite-education","10":"tag-actualite-france","11":"tag-actualite-justice","12":"tag-actualite-securite","13":"tag-actualite-societe","14":"tag-actualites","15":"tag-assemblee-nationale","16":"tag-catherine-vautrin","17":"tag-education","18":"tag-euthanasie","19":"tag-faits-divers","20":"tag-fin-de-vie","21":"tag-fr","22":"tag-france","23":"tag-immigration","24":"tag-justice","25":"tag-news","26":"tag-polemique","27":"tag-republique-francaise","28":"tag-securite","29":"tag-societe","30":"tag-societe-francaise","31":"tag-violence"},"share_on_mastodon":{"url":"https:\/\/pubeurope.com\/@fr\/114497519890838902","error":""},"_links":{"self":[{"href":"https:\/\/www.europesays.com\/fr\/wp-json\/wp\/v2\/posts\/95442","targetHints":{"allow":["GET"]}}],"collection":[{"href":"https:\/\/www.europesays.com\/fr\/wp-json\/wp\/v2\/posts"}],"about":[{"href":"https:\/\/www.europesays.com\/fr\/wp-json\/wp\/v2\/types\/post"}],"author":[{"embeddable":true,"href":"https:\/\/www.europesays.com\/fr\/wp-json\/wp\/v2\/users\/2"}],"replies":[{"embeddable":true,"href":"https:\/\/www.europesays.com\/fr\/wp-json\/wp\/v2\/comments?post=95442"}],"version-history":[{"count":0,"href":"https:\/\/www.europesays.com\/fr\/wp-json\/wp\/v2\/posts\/95442\/revisions"}],"wp:featuredmedia":[{"embeddable":true,"href":"https:\/\/www.europesays.com\/fr\/wp-json\/wp\/v2\/media\/95443"}],"wp:attachment":[{"href":"https:\/\/www.europesays.com\/fr\/wp-json\/wp\/v2\/media?parent=95442"}],"wp:term":[{"taxonomy":"category","embeddable":true,"href":"https:\/\/www.europesays.com\/fr\/wp-json\/wp\/v2\/categories?post=95442"},{"taxonomy":"post_tag","embeddable":true,"href":"https:\/\/www.europesays.com\/fr\/wp-json\/wp\/v2\/tags?post=95442"}],"curies":[{"name":"wp","href":"https:\/\/api.w.org\/{rel}","templated":true}]}}