{"id":954643,"date":"2026-05-24T21:46:14","date_gmt":"2026-05-24T21:46:14","guid":{"rendered":"https:\/\/www.europesays.com\/fr\/954643\/"},"modified":"2026-05-24T21:46:14","modified_gmt":"2026-05-24T21:46:14","slug":"rhone-au-sud-de-lyon-la7-rouvre-avec-une-journee-davance-sur-les-previsions","status":"publish","type":"post","link":"https:\/\/www.europesays.com\/fr\/954643\/","title":{"rendered":"Rh\u00f4ne. Au sud de Lyon, l\u2019A7 rouvre avec une journ\u00e9e d\u2019avance sur les pr\u00e9visions"},"content":{"rendered":"<p>C\u2019est une nouvelle qui va ravir plus d\u2019un automobiliste\u00a0! Apr\u00e8s deux week-ends de gal\u00e8re sur les routes au sud de Lyon caus\u00e9s par la fermeture des axes M6\/M7 et A7, il semblerait que l\u2019on sorte enfin du tunnel\u2026<\/p>\n<p>Ce dimanche 24\u00a0mai \u00e0 20 heures, Bison Fut\u00e9 annon\u00e7ait la fin du chantier sur l\u2019A7, soit la r\u00e9ouverture des viaducs de Pierre-B\u00e9nite, dont celui dans le sens Lyon-Marseille \u00e9tait ferm\u00e9 depuis le vendredi 22\u00a0mai \u00e0 21 heures.<\/p>\n<p>Pour rappel, cet axe cl\u00e9 devait initialement rouvrir \u00e0 la circulation lundi 25\u00a0mai \u00e0 15 heures. C\u2019est donc avec presque une journ\u00e9e d\u2019avance que le chantier s\u2019est termin\u00e9.<\/p>\n<p>  Fourvi\u00e8re toujours ferm\u00e9<\/p>\n<p>Et si cette annonce va permettre de d\u00e9sengorger une bonne partie du trafic de ce lundi de Pentec\u00f4te \u2013 et de tous les al\u00e9as dont il est question lors des retours d\u2019un week-end prolong\u00e9 -, les automobilistes ne sont pour autant pas tir\u00e9s d\u2019affaires. Demeure, <a href=\"https:\/\/www.leprogres.fr\/transport\/2026\/05\/22\/tunnel-de-fourviere-et-a7-fermes-operation-escargot-et-trains-a-l-arret-vers-un-week-end-noir-dans-l-agglo-lyonnaise\" target=\"_blank\" rel=\"nofollow noopener\">la fermeture du tunnel de Fourvi\u00e8re<\/a> depuis le vendredi\u00a022 jusqu\u2019au lundi 25\u00a0mai \u00e0 16 heures. Pour rappel, cette derni\u00e8re s\u2019\u00e9tend de part et d\u2019autre de l\u2019ouvrage, sur la M6\/M7, entre le n\u0153ud du Valvert et l\u2019\u00e9changeur Lyon-centre.<\/p>\n","protected":false},"excerpt":{"rendered":"C\u2019est une nouvelle qui va ravir plus d\u2019un automobiliste\u00a0! Apr\u00e8s deux week-ends de gal\u00e8re sur les routes au&hellip;\n","protected":false},"author":2,"featured_media":954644,"comment_status":"","ping_status":"","sticky":false,"template":"","format":"standard","meta":{"footnotes":"","_share_on_mastodon":"0"},"categories":[1889],"tags":[1111,11,2430,3542,3152,2757,3153,3154,1777,674,107,1011,27,2428,2756,12,15665,25,2429,2803],"class_list":["post-954643","post","type-post","status-publish","format-standard","has-post-thumbnail","category-lyon","tag-actu","tag-actualites","tag-auvergne-rhone-alpes","tag-circulation","tag-edition-est-lyonnais","tag-edition-lyon-villeurbanne","tag-edition-ouest-lyonnais","tag-edition-sud-lyonnais","tag-eu","tag-europe","tag-fil-info","tag-fr","tag-france","tag-lyon","tag-lyon-bassin","tag-news","tag-oullins-pierre-benite","tag-republique-francaise","tag-rhone","tag-transport"],"share_on_mastodon":{"url":"https:\/\/pubeurope.com\/@fr\/116631750977699034","error":""},"_links":{"self":[{"href":"https:\/\/www.europesays.com\/fr\/wp-json\/wp\/v2\/posts\/954643","targetHints":{"allow":["GET"]}}],"collection":[{"href":"https:\/\/www.europesays.com\/fr\/wp-json\/wp\/v2\/posts"}],"about":[{"href":"https:\/\/www.europesays.com\/fr\/wp-json\/wp\/v2\/types\/post"}],"author":[{"embeddable":true,"href":"https:\/\/www.europesays.com\/fr\/wp-json\/wp\/v2\/users\/2"}],"replies":[{"embeddable":true,"href":"https:\/\/www.europesays.com\/fr\/wp-json\/wp\/v2\/comments?post=954643"}],"version-history":[{"count":0,"href":"https:\/\/www.europesays.com\/fr\/wp-json\/wp\/v2\/posts\/954643\/revisions"}],"wp:featuredmedia":[{"embeddable":true,"href":"https:\/\/www.europesays.com\/fr\/wp-json\/wp\/v2\/media\/954644"}],"wp:attachment":[{"href":"https:\/\/www.europesays.com\/fr\/wp-json\/wp\/v2\/media?parent=954643"}],"wp:term":[{"taxonomy":"category","embeddable":true,"href":"https:\/\/www.europesays.com\/fr\/wp-json\/wp\/v2\/categories?post=954643"},{"taxonomy":"post_tag","embeddable":true,"href":"https:\/\/www.europesays.com\/fr\/wp-json\/wp\/v2\/tags?post=954643"}],"curies":[{"name":"wp","href":"https:\/\/api.w.org\/{rel}","templated":true}]}}