{"id":95471,"date":"2025-05-13T00:01:12","date_gmt":"2025-05-13T00:01:12","guid":{"rendered":"https:\/\/www.europesays.com\/fr\/95471\/"},"modified":"2025-05-13T00:01:12","modified_gmt":"2025-05-13T00:01:12","slug":"son-mal-de-dos-etait-en-realite-le-signe-dun-cancer-rare-et-mortel","status":"publish","type":"post","link":"https:\/\/www.europesays.com\/fr\/95471\/","title":{"rendered":"son mal de dos \u00e9tait en r\u00e9alit\u00e9 le signe d&rsquo;un cancer rare et mortel"},"content":{"rendered":"<p>Elle a cru \u00e0 une simple blessure. Sharn Hegan, entra\u00eeneuse sportive de 52 ans, s&rsquo;est bless\u00e9e en soulevant une dalle de b\u00e9ton dans son all\u00e9e. \u00ab\u00a0J&rsquo;ai soulev\u00e9 une fine dalle de b\u00e9ton qui se trouvait dans mon all\u00e9e et je ne m&rsquo;attendais pas \u00e0 ce qu&rsquo;elle soit lourde. Je me suis bless\u00e9e au dos en la soulevant. Je suis coach sportif et j&rsquo;ai l&rsquo;habitude de soulever des poids lourds et de prendre soin de moi. Mais une semaine de douleur s&rsquo;est transform\u00e9e en six semaines et, au bout de douze semaines, le responsable d&rsquo;une des salles de sport o\u00f9 je travaille m&rsquo;a conseill\u00e9 de consulter un kin\u00e9\u00a0\u00bb, raconte la jeune femme cit\u00e9e par <a data-i13n=\"cpos:1;pos:1\" href=\"https:\/\/www.mirror.co.uk\/news\/health\/i-thought-id-hurt-back-35208908?fbclid=IwY2xjawKOm3BleHRuA2FlbQIxMABicmlkETFybk9sMEw4R0lOOEpJdHA0AR4rrs6xty8k2NyIojy50Xp0McWAorWYicgR7H3mg_R0BdgU-tyBH3faNsYXLQ_aem_Rt_kovChkP6oeMavoPJg6w\" rel=\"nofollow noopener\" target=\"_blank\" data-ylk=\"slk:Mirror;cpos:1;pos:1;elm:context_link;itc:0;sec:content-canvas\" class=\"link \">Mirror<\/a>. Elle ne parvient plus \u00e0 marcher et attribue cette douleur \u00e0 sa r\u00e9cente blessure.<\/p>\n<p><strong>LIRE AUSSI &gt;&gt; <\/strong><a data-i13n=\"cpos:2;pos:1\" href=\"https:\/\/fr.news.yahoo.com\/elle-pensait-souffrir-danxiete-chatgpt-identifie-son-cancer-du-sang-un-an-avant-le-diagnostic-des-medecins-105609871.html\" data-ylk=\"slk:Elle pensait souffrir d&#039;anxi\u00e9t\u00e9, ChatGPT identifie son cancer du sang un an avant le diagnostic des m\u00e9decins;cpos:2;pos:1;elm:context_link;itc:0;sec:content-canvas;outcm:mb_qualified_link;_E:mb_qualified_link;ct:story;\" class=\"link  yahoo-link\" target=\"_blank\" rel=\"noopener\">Elle pensait souffrir d&rsquo;anxi\u00e9t\u00e9, ChatGPT identifie son cancer du sang un an avant le diagnostic des m\u00e9decins<\/a><\/p>\n<p>Si elle se sent mieux pendant quelque temps, elle remarque une aggravation de son \u00e9tat. \u00ab\u00a0Je me suis lev\u00e9e \u00e0 5 h 30 pour entra\u00eener un client, mais quand je suis all\u00e9e m&rsquo;asseoir dans ma voiture, je n&rsquo;ai pas pu. Impossible de m&rsquo;asseoir. C&rsquo;\u00e9tait comme si on me poignardait dans le dos\u00a0\u00bb, se souvient-elle. \u00c0 cause d&rsquo;une forte douleur, elle s&rsquo;effondre. Elle r\u00e9alise une IRM qui r\u00e9v\u00e8le la pr\u00e9sence d&rsquo;une anomalie osseuse. D&rsquo;autres examens permettent de diagnostiquer un my\u00e9lome multiple.<\/p>\n<p><a data-i13n=\"cpos:3;pos:1\" href=\"https:\/\/cancer.ca\/fr\/cancer-information\/cancer-types\/multiple-myeloma\/risks\" rel=\"nofollow noopener\" target=\"_blank\" data-ylk=\"slk:La Soci\u00e9t\u00e9 canadienne du cancer;cpos:3;pos:1;elm:context_link;itc:0;sec:content-canvas\" class=\"link \">La Soci\u00e9t\u00e9 canadienne du cancer<\/a> explique que le my\u00e9lome multiple est un cancer qui prend naissance dans les plasmocytes. \u00ab\u00a0Les plasmocytes sont un type de globules blancs qui fabriquent des anticorps (immunoglobulines) pour aider \u00e0 combattre les infections\u00a0\u00bb. Au d\u00e9but, la maladie peut ne pas causer de sympt\u00f4mes. Dans la majorit\u00e9 des cas, les signes apparaissent quand la tumeur se d\u00e9veloppe dans la moelle osseuse ou quelque part \u00e0 l\u2019ext\u00e9rieur de la moelle osseuse. Parmi les sympt\u00f4mes : une douleur osseuse, une faiblesse osseuse, de la fatigue, une faiblesse, un essoufflement, un \u00e9tourdissement et p\u00e2leur caus\u00e9s par une r\u00e9duction du nombre de globules rouges. Les patients peuvent \u00e9galement souffrir d&rsquo;infections fr\u00e9quentes, de fi\u00e8vre, de saignements de nez, etc.<\/p>\n<p>Un m\u00e9dicament sp\u00e9cifique<\/p>\n<p>\u00ab\u00a0Ma belle-s\u0153ur a eu un cancer des os et est d\u00e9c\u00e9d\u00e9e. Quand j&rsquo;ai appris le diagnostic, je me suis dit : \u00ab\u00a0Oh mon Dieu !\u00a0\u00bb et j&rsquo;ai pleur\u00e9. Tout le monde \u00e9tait sous le choc, car je ne suis jamais malade, mais cette maladie a touch\u00e9 75 % de ma moelle osseuse\u00a0\u00bb, confie la m\u00e8re de famille. Dans le cadre de son traitement, elle prend un m\u00e9dicament contre le my\u00e9lome multiple qui modifie le syst\u00e8me immunitaire et stoppe la croissance tumorale en emp\u00eachant la formation de nouveaux vaisseaux sanguins n\u00e9cessaires \u00e0 leur expansion.<\/p>\n<p><strong>LIRE AUSSI &gt;&gt; <\/strong><a data-i13n=\"cpos:4;pos:1\" href=\"https:\/\/fr.news.yahoo.com\/aliment-pourrait-diminuer-risque-cancer-sein-111905781.html\" data-ylk=\"slk:Cet aliment pourrait diminuer le risque de cancer du sein;cpos:4;pos:1;elm:context_link;itc:0;sec:content-canvas;outcm:mb_qualified_link;_E:mb_qualified_link;ct:story;\" class=\"link  yahoo-link\" target=\"_blank\" rel=\"noopener\">Cet aliment pourrait diminuer le risque de cancer du sein<\/a><\/p>\n<p>\u00ab\u00a0J&rsquo;ai \u00e9t\u00e9 d\u00e9clar\u00e9e gu\u00e9rie du cancer au bout de 18 mois. Cela fragilise mes os, alors je prends du calcium et de la vitamine D tous les jours. Ma peau fonc\u00e9e risque de ne pas suffire \u00e0 absorber suffisamment de vitamine D\u00a0\u00bb, explique la patiente. Aujourd&rsquo;hui, elle encourage les autres personnes \u00e0 consulter un m\u00e9decin d\u00e8s l&rsquo;apparition d&rsquo;une douleur inhabituelle.<\/p>\n","protected":false},"excerpt":{"rendered":"Elle a cru \u00e0 une simple blessure. Sharn Hegan, entra\u00eeneuse sportive de 52 ans, s&rsquo;est bless\u00e9e en soulevant&hellip;\n","protected":false},"author":2,"featured_media":95472,"comment_status":"","ping_status":"","sticky":false,"template":"","format":"standard","meta":{"footnotes":""},"categories":[10],"tags":[101,1011,27,72,20830,20831,71],"class_list":{"0":"post-95471","1":"post","2":"type-post","3":"status-publish","4":"format-standard","5":"has-post-thumbnail","7":"category-sante","8":"tag-cancer","9":"tag-fr","10":"tag-france","11":"tag-health","12":"tag-myelome-multiple","13":"tag-saignements-de-nez","14":"tag-sante"},"share_on_mastodon":{"url":"https:\/\/pubeurope.com\/@fr\/114497590793252207","error":""},"_links":{"self":[{"href":"https:\/\/www.europesays.com\/fr\/wp-json\/wp\/v2\/posts\/95471","targetHints":{"allow":["GET"]}}],"collection":[{"href":"https:\/\/www.europesays.com\/fr\/wp-json\/wp\/v2\/posts"}],"about":[{"href":"https:\/\/www.europesays.com\/fr\/wp-json\/wp\/v2\/types\/post"}],"author":[{"embeddable":true,"href":"https:\/\/www.europesays.com\/fr\/wp-json\/wp\/v2\/users\/2"}],"replies":[{"embeddable":true,"href":"https:\/\/www.europesays.com\/fr\/wp-json\/wp\/v2\/comments?post=95471"}],"version-history":[{"count":0,"href":"https:\/\/www.europesays.com\/fr\/wp-json\/wp\/v2\/posts\/95471\/revisions"}],"wp:featuredmedia":[{"embeddable":true,"href":"https:\/\/www.europesays.com\/fr\/wp-json\/wp\/v2\/media\/95472"}],"wp:attachment":[{"href":"https:\/\/www.europesays.com\/fr\/wp-json\/wp\/v2\/media?parent=95471"}],"wp:term":[{"taxonomy":"category","embeddable":true,"href":"https:\/\/www.europesays.com\/fr\/wp-json\/wp\/v2\/categories?post=95471"},{"taxonomy":"post_tag","embeddable":true,"href":"https:\/\/www.europesays.com\/fr\/wp-json\/wp\/v2\/tags?post=95471"}],"curies":[{"name":"wp","href":"https:\/\/api.w.org\/{rel}","templated":true}]}}