{"id":95475,"date":"2025-05-13T00:03:09","date_gmt":"2025-05-13T00:03:09","guid":{"rendered":"https:\/\/www.europesays.com\/fr\/95475\/"},"modified":"2025-05-13T00:03:09","modified_gmt":"2025-05-13T00:03:09","slug":"proces-pour-trafic-sexuel-de-p-diddy-une-escort-forcee-duriner-dans-la-bouche-de-cassie","status":"publish","type":"post","link":"https:\/\/www.europesays.com\/fr\/95475\/","title":{"rendered":"Proc\u00e8s pour trafic sexuel de P. Diddy : une escort forc\u00e9e \u00ab\u00a0d\u2019uriner dans la bouche\u00a0\u00bb de Cassie"},"content":{"rendered":"<p>      R\u00e9sum\u00e9<\/p>\n<p>Le proc\u00e8s de P. Diddy s&rsquo;ouvre avec des accusations graves de trafic sexuel et de violences, impliquant des actes extr\u00eames de domination sur la chanteuse Cassie.<\/p>\n<p>        Sommaire<\/p>\n<p>Un proc\u00e8s qui d\u00e9marre avec de gla\u00e7antes r\u00e9v\u00e9lations. Ce lundi 12 mai 2025 <a href=\"https:\/\/www.public.fr\/proces-de-p-diddy-il-se-masturbait-et-un-proche-de-donald-trump-livre-un-temoignage-glacant\" target=\"_blank\" rel=\"noopener\">s\u2019ouvre le proc\u00e8s<\/a> de <a href=\"https:\/\/www.public.fr\/tag\/p-diddy\" target=\"_blank\" rel=\"noopener\">P. Diddy<\/a>, vis\u00e9 par cinq chefs d\u2019inculpation f\u00e9d\u00e9raux. Parmi eux, <a href=\"https:\/\/vsd.fr\/80116-affaire-p-diddy-apres-7-mois-de-prison-le-rappeur-apparait-meconnaissable-a-son-proces\/\" target=\"_blank\" rel=\"noopener\">le magnat de la musique<\/a> se retrouve notamment accus\u00e9 de trafic sexuel et complot en vue de racket. Mais aussi d\u2019avoir <strong>mis en place un syst\u00e8me de domination sexuelle d\u2019une extr\u00eame violence.<\/strong><\/p>\n<p>Emily Johnson, procureure adjointe qui a pris la parole lors de l\u2019ouverture du proc\u00e8s, est par exemple revenue sur la pr\u00e9sum\u00e9e domination mise en place par l\u2019artiste de 55 ans avec sa compagne de l\u2019\u00e9poque, la chanteuse Cassie.\u00a0<\/p>\n<p>P. Diddy et sa pr\u00e9sum\u00e9e domination sur Cassie<\/p>\n<p>La procureure adjointe affirme par exemple que P. Diddy aurait <strong>forc\u00e9 la chanteuse \u00e0 avoir des relations sexuelles avec des escortes masculins<\/strong>. Lors de ces relations, le magnat de la musique filmait les sc\u00e8nes et les regardait.<\/p>\n<p>\u00ab\u00a0Diddy appelait ces soir\u00e9es avec escorts masculins des \u2018Freak Offs\u2019, \u2018Wild King Nights\u2019 ou encore \u2018Hotel Nights\u2019\u00a0\u00bb, pr\u00e9cise d\u2019ailleurs l&rsquo;accusation.\u00a0Celle-ci assurant \u00e9galement que ces \u00e9v\u00e9nements \u00e9taient pr\u00e9par\u00e9s en amont, de fa\u00e7on minutieuse. Des r\u00e9servations de chambres d\u2019h\u00f4tel et autres h\u00e9bergements, \u00e0 la mise en place de lubrifiants et de lumi\u00e8res tamis\u00e9es, de drogue, et de liquide pour payer les escorts.<\/p>\n<p>Au cours d\u2019une fameuse \u00ab\u00a0freak off\u00a0\u00bb, P. Diddy aurait d\u2019ailleurs, selon les dires de l\u2019accusation, forc\u00e9e une escort \u00e0 <strong>\u00ab\u00a0uriner dans la bouche de Cassie\u00a0\u00bb<\/strong>. Selon les autorit\u00e9s, le calvaire de la chanteuse aurait d\u00e9marr\u00e9 lorsque celle-ci n\u2019avait que 19 ans.<\/p>\n<p>Une autre victime pr\u00e9sum\u00e9e aurait connu le m\u00eame sort<\/p>\n<p>Pour l&rsquo;accusation,\u00a0tout a commenc\u00e9 alors que Cassie n&rsquo;avait que 19 ans. Alors qu\u2019elle lan\u00e7ait tout juste sa carri\u00e8re, sa relation avec l\u2019artiste aujourd\u2019hui \u00e2g\u00e9 de 55 ans aurait rapidement vir\u00e9 \u00e0 la violence physique. <\/p>\n<p>\u00ab\u00a0Il l\u2019aurait battue, projet\u00e9e au sol, menac\u00e9e de diffuser des vid\u00e9os compromettantes, et\u00a0isol\u00e9e pendant des jours dans un h\u00f4tel apr\u00e8s lui avoir\u00a0\u00e9cras\u00e9 le visage dans un SUV\u00a0\u00bb, selon l\u2019accusation.<\/p>\n<p>Cassie ne serait pas la seule pr\u00e9sum\u00e9e victime de P. Diddy. En effet, une autre pr\u00e9sum\u00e9e victime \u00e9voque une situation similaire. Celle-ci, appel\u00e9e Jane Doe, indique avoir rencontr\u00e9 l\u2019artiste en 2020 et aurait \u00e9t\u00e9 pi\u00e9g\u00e9e dans ces\u00a0\u00ab\u00a0freak offs\u00a0\u00bb alors qu\u2019elle pensait avoir une relation romantique avec le chanteur.\u00a0<\/p>\n<p>      Mentionn\u00e9s dans cet article<\/p>\n<p>\u00c0 lire aussi<\/p>\n","protected":false},"excerpt":{"rendered":"R\u00e9sum\u00e9 Le proc\u00e8s de P. Diddy s&rsquo;ouvre avec des accusations graves de trafic sexuel et de violences, impliquant&hellip;\n","protected":false},"author":2,"featured_media":95476,"comment_status":"","ping_status":"","sticky":false,"template":"","format":"standard","meta":{"footnotes":""},"categories":[8],"tags":[20832,58,59,1011,27,16997,2694],"class_list":{"0":"post-95475","1":"post","2":"type-post","3":"status-publish","4":"format-standard","5":"has-post-thumbnail","7":"category-divertissement","8":"tag-cassie","9":"tag-divertissement","10":"tag-entertainment","11":"tag-fr","12":"tag-france","13":"tag-p-diddy","14":"tag-proces"},"share_on_mastodon":{"url":"https:\/\/pubeurope.com\/@fr\/114497599243693484","error":""},"_links":{"self":[{"href":"https:\/\/www.europesays.com\/fr\/wp-json\/wp\/v2\/posts\/95475","targetHints":{"allow":["GET"]}}],"collection":[{"href":"https:\/\/www.europesays.com\/fr\/wp-json\/wp\/v2\/posts"}],"about":[{"href":"https:\/\/www.europesays.com\/fr\/wp-json\/wp\/v2\/types\/post"}],"author":[{"embeddable":true,"href":"https:\/\/www.europesays.com\/fr\/wp-json\/wp\/v2\/users\/2"}],"replies":[{"embeddable":true,"href":"https:\/\/www.europesays.com\/fr\/wp-json\/wp\/v2\/comments?post=95475"}],"version-history":[{"count":0,"href":"https:\/\/www.europesays.com\/fr\/wp-json\/wp\/v2\/posts\/95475\/revisions"}],"wp:featuredmedia":[{"embeddable":true,"href":"https:\/\/www.europesays.com\/fr\/wp-json\/wp\/v2\/media\/95476"}],"wp:attachment":[{"href":"https:\/\/www.europesays.com\/fr\/wp-json\/wp\/v2\/media?parent=95475"}],"wp:term":[{"taxonomy":"category","embeddable":true,"href":"https:\/\/www.europesays.com\/fr\/wp-json\/wp\/v2\/categories?post=95475"},{"taxonomy":"post_tag","embeddable":true,"href":"https:\/\/www.europesays.com\/fr\/wp-json\/wp\/v2\/tags?post=95475"}],"curies":[{"name":"wp","href":"https:\/\/api.w.org\/{rel}","templated":true}]}}