{"id":95483,"date":"2025-05-13T00:07:11","date_gmt":"2025-05-13T00:07:11","guid":{"rendered":"https:\/\/www.europesays.com\/fr\/95483\/"},"modified":"2025-05-13T00:07:11","modified_gmt":"2025-05-13T00:07:11","slug":"en-algerie-je-suis-un-traitre-en-france-un-mauvais-arabe","status":"publish","type":"post","link":"https:\/\/www.europesays.com\/fr\/95483\/","title":{"rendered":"\u00abEn Alg\u00e9rie, je suis un tra\u00eetre, en France un \u201cmauvais Arabe\u201d\u00bb"},"content":{"rendered":"<p data-module=\"fig-standfirst\" data-context=\"@media (min-width:48em)\"><strong>EXCLUSIF &#8211;<\/strong> Cibl\u00e9 par deux mandats d\u2019arr\u00eats internationaux \u00e9mis par l\u2019Alg\u00e9rie et par de multiples plaintes, mais aussi par les attaques de la presse de gauche, l\u2019\u00e9crivain brise le silence.<\/p>\n<p class=\"fig-paragraph fig-paragraph--dropped\">\u00ab\u00a0J\u2019ai l\u2019impression qu\u2019on me reproche de ne pas \u00eatre un \u201cbon Arabe\u201d, c\u2019est-\u00e0-dire un Arabe victimaire, qui vit dans la haine de la France\u00a0\u00bb, lance-t-il d\u2019embl\u00e9e.\u00a0<a href=\"http:\/\/www.lefigaro.fr\/vox\/culture\/kamel-daoud-les-francais-peuvent-s-offrir-le-luxe-d-etre-declinistes-c-est-un-effet-secondaire-du-confort-20250403\" data-fig-type=\"Article\" data-gtm-custom-categorie=\"navigation\" data-gtm-custom-action=\"crossclick\" data-gtm-custom-label=\"Contextuel\" data-gtm-event=\"customEventSPE\" data-fig-domain=\"LEFIGARO\" target=\"_blank\" rel=\"noopener\">Kamel Daoud<\/a>\u00a0s\u2019exprime calmement, mais on devine chez lui une rage contenue. Il nous a donn\u00e9 rendez-vous t\u00f4t le matin dans un caf\u00e9 parisien, mais il aurait pr\u00e9f\u00e9r\u00e9 ne pas avoir \u00e0 r\u00e9pondre \u00e0 nos questions. Cela fait des mois qu\u2019il refuse nos demandes d\u2019entretien, \u00e0 l\u2019exception de celles qui portent sur la litt\u00e9rature. L\u2019\u00e9crivain avait choisi de rester \u00e0 distance de l\u2019affrontement politico-diplomatique qui oppose son pays natal et son pays d\u2019adoption, sauf pour d\u00e9fendre son ami\u00a0<a href=\"http:\/\/www.lefigaro.fr\/politique\/en-algerie-le-sort-de-boualem-sansal-plus-flou-que-jamais-20250416\" data-fig-type=\"Article\" data-gtm-custom-categorie=\"navigation\" data-gtm-custom-action=\"crossclick\" data-gtm-custom-label=\"Contextuel\" data-gtm-event=\"customEventSPE\" data-fig-domain=\"LEFIGARO\" target=\"_blank\" rel=\"noopener\">Boualem Sansal<\/a>, embastill\u00e9 en Alg\u00e9rie.<\/p>\n<p class=\"fig-paragraph fig-paragraph--dropped\">De s\u2019astreindre \u00e0 la sph\u00e8re litt\u00e9raire, de ne pas s\u2019\u00e9tendre dans l\u2019espace m\u00e9diatique. Pour ne pas r\u00e9veiller les radicalit\u00e9s<strong>.\u00a0<\/strong>Pour ne pas s\u2019enfermer dans un r\u00f4le de pol\u00e9miste ou de militant. Daoud a toujours veill\u00e9 \u00e0 ne pas se laisser d\u00e9finir par ses origines ou son statut d\u2019exil\u00e9. Avant d\u2019\u00eatre alg\u00e9rien ou fran\u00e7ais, avant\u2026<\/p>\n<p class=\"fig-premium-paywall__infos\">\n        Cet article est r\u00e9serv\u00e9 aux abonn\u00e9s.        Il vous reste 93% \u00e0 d\u00e9couvrir.\n    <\/p>\n<p>                <img  data- alt=\"Le Figaro\" class=\"fig-img--complete fig-img\"\/><\/p>\n<p class=\"fig-premium-paywall__title\">Je m&rsquo;informe, je m&rsquo;inspire, je m&rsquo;abonne.<\/p>\n<p class=\"fig-premium-paywall__subtitle\">D\u00e9couvrez notre offre de bienvenue.<\/p>\n<p class=\"fig-premium-paywall__connect\">\n                D\u00e9j\u00e0 abonn\u00e9\u00a0?                <a class=\"fig-premium-paywall__connect-link\" href=\"https:\/\/connect.lefigaro.fr\/login?client=horizon_web&amp;type=main&amp;redirect_uri=https%3A%2F%2Fwww.lefigaro.fr%2Fvox%2Fsociete%2Fles-confidences-de-kamel-daoud-au-figaro-en-algerie-je-suis-un-traitre-en-france-un-mauvais-arabe-20250512\" data-js-gtm=\"{&quot;customCategorie&quot;: &quot;conversion&quot;, &quot;customAction&quot;: &quot;before_Landing_Connexion_paywall_auto&quot;, &quot;customLabel&quot;: &quot;bGVmaWdhcm8uZnJfXzFmMDJmMTZkLTg2MzctNmYzYS1hNjg1LTliZjI4NWRiOTQ5ZF9fQXJ0aWNsZQ==_Les confidences de Kamel Daoud\u00a0au &lt;i&gt;Figaro &lt;\/i&gt;: \u00abEn Alg\u00e9rie, je suis un tra\u00eetre, en France un \u201cmauvais Arabe\u201d\u00bb_320&quot;, &quot;customIDSPE&quot;: &quot;bGVmaWdhcm8uZnJfXzFmMDJmMTZkLTg2MzctNmYzYS1hNjg1LTliZjI4NWRiOTQ5ZF9fQXJ0aWNsZQ==&quot;, &quot;event&quot;: &quot;customEventSPE&quot;}\" target=\"_blank\" rel=\"noopener\"><br \/>\n                    Connectez-vous<br \/>\n                <\/a>\n            <\/p>\n","protected":false},"excerpt":{"rendered":"EXCLUSIF &#8211; Cibl\u00e9 par deux mandats d\u2019arr\u00eats internationaux \u00e9mis par l\u2019Alg\u00e9rie et par de multiples plaintes, mais aussi&hellip;\n","protected":false},"author":2,"featured_media":95484,"comment_status":"","ping_status":"","sticky":false,"template":"","format":"standard","meta":{"footnotes":""},"categories":[4],"tags":[11,15,1428,1292,5361,5360,1429,1011,27,20833,12,1427,1426,25,104],"class_list":{"0":"post-95483","1":"post","2":"type-post","3":"status-publish","4":"format-standard","5":"has-post-thumbnail","7":"category-france","8":"tag-actualites","9":"tag-algerie","10":"tag-chroniqueurs","11":"tag-debat","12":"tag-debat-societe","13":"tag-debats-societaux","14":"tag-figarovox","15":"tag-fr","16":"tag-france","17":"tag-kamel-daoud","18":"tag-news","19":"tag-opinions","20":"tag-questions","21":"tag-republique-francaise","22":"tag-societe"},"share_on_mastodon":{"url":"https:\/\/pubeurope.com\/@fr\/114497614224308408","error":""},"_links":{"self":[{"href":"https:\/\/www.europesays.com\/fr\/wp-json\/wp\/v2\/posts\/95483","targetHints":{"allow":["GET"]}}],"collection":[{"href":"https:\/\/www.europesays.com\/fr\/wp-json\/wp\/v2\/posts"}],"about":[{"href":"https:\/\/www.europesays.com\/fr\/wp-json\/wp\/v2\/types\/post"}],"author":[{"embeddable":true,"href":"https:\/\/www.europesays.com\/fr\/wp-json\/wp\/v2\/users\/2"}],"replies":[{"embeddable":true,"href":"https:\/\/www.europesays.com\/fr\/wp-json\/wp\/v2\/comments?post=95483"}],"version-history":[{"count":0,"href":"https:\/\/www.europesays.com\/fr\/wp-json\/wp\/v2\/posts\/95483\/revisions"}],"wp:featuredmedia":[{"embeddable":true,"href":"https:\/\/www.europesays.com\/fr\/wp-json\/wp\/v2\/media\/95484"}],"wp:attachment":[{"href":"https:\/\/www.europesays.com\/fr\/wp-json\/wp\/v2\/media?parent=95483"}],"wp:term":[{"taxonomy":"category","embeddable":true,"href":"https:\/\/www.europesays.com\/fr\/wp-json\/wp\/v2\/categories?post=95483"},{"taxonomy":"post_tag","embeddable":true,"href":"https:\/\/www.europesays.com\/fr\/wp-json\/wp\/v2\/tags?post=95483"}],"curies":[{"name":"wp","href":"https:\/\/api.w.org\/{rel}","templated":true}]}}