{"id":95492,"date":"2025-05-13T00:12:13","date_gmt":"2025-05-13T00:12:13","guid":{"rendered":"https:\/\/www.europesays.com\/fr\/95492\/"},"modified":"2025-05-13T00:12:13","modified_gmt":"2025-05-13T00:12:13","slug":"un-homme-condamne-a-18-mois-avec-sursis-pour-avoir-voulu-abandonner-son-enfant-en-foret-2","status":"publish","type":"post","link":"https:\/\/www.europesays.com\/fr\/95492\/","title":{"rendered":"Un homme condamn\u00e9 \u00e0 18 mois avec sursis pour avoir voulu abandonner son enfant en for\u00eat"},"content":{"rendered":"<p><strong>TORTIONNAIRE &#8211; Un p\u00e8re de famille de 44 ans a \u00e9t\u00e9 condamn\u00e9 \u00e0 18 mois de prison avec sursis apr\u00e8s avoir bless\u00e9 son fils de 6 ans en tentant de l\u2019abandonner sur un chemin le soir d\u2019Halloween \u00e0 Liverdun, pr\u00e8s de Nancy<\/strong><\/p>\n<p>Ce qui devait \u00eatre une <a href=\"https:\/\/www.20minutes.fr\/dossier\/punition?at_medium=RSS%20feed&amp;at_campaign=ynews&amp;utm_source=yahoo&amp;utm_medium=rss&amp;utm_campaign=news_feed&amp;utm_content=in_article_link\" rel=\"nofollow noopener\" target=\"_blank\" data-ylk=\"slk:punition;elm:context_link;itc:0;sec:content-canvas\" class=\"link \">punition<\/a> \u00ab\u00a0\u00e9ducative\u00a0\u00bb a failli virer au drame. Un p\u00e8re de famille de 44 ans a \u00e9t\u00e9 condamn\u00e9 lundi \u00e0 18 mois de prison avec sursis pour avoir laiss\u00e9 son fils de six ans sur un chemin isol\u00e9 le soir d\u2019<a href=\"https:\/\/www.20minutes.fr\/dossier\/halloween?at_medium=RSS%20feed&amp;at_campaign=ynews&amp;utm_source=yahoo&amp;utm_medium=rss&amp;utm_campaign=news_feed&amp;utm_content=in_article_link\" rel=\"nofollow noopener\" target=\"_blank\" data-ylk=\"slk:Halloween;elm:context_link;itc:0;sec:content-canvas\" class=\"link \">Halloween<\/a>, avant de le tra\u00eener involontairement sur plusieurs dizaines de m\u00e8tres avec son v\u00e9hicule \u00e0 Liverdun, pr\u00e8s de <a href=\"https:\/\/www.20minutes.fr\/dossier\/nancy?at_medium=RSS%20feed&amp;at_campaign=ynews&amp;utm_source=yahoo&amp;utm_medium=rss&amp;utm_campaign=news_feed&amp;utm_content=in_article_link\" rel=\"nofollow noopener\" target=\"_blank\" data-ylk=\"slk:Nancy;elm:context_link;itc:0;sec:content-canvas\" class=\"link \">Nancy<\/a>. Le tribunal correctionnel de Nancy a requalifi\u00e9 les faits en \u00ab\u00a0blessures involontaires\u00a0\u00bb, alors que le pr\u00e9venu \u00e9tait initialement poursuivi pour \u00ab\u00a0<a href=\"https:\/\/www.20minutes.fr\/monde\/violences\/?at_medium=RSS%20feed&amp;at_campaign=ynews&amp;utm_source=yahoo&amp;utm_medium=rss&amp;utm_campaign=news_feed&amp;utm_content=in_article_link\" rel=\"nofollow noopener\" target=\"_blank\" data-ylk=\"slk:violences sur mineur;elm:context_link;itc:0;sec:content-canvas\" class=\"link \">violences sur mineur<\/a> de moins de 15 ans par ascendant\u00a0\u00bb.<\/p>\n<p>Le 31 octobre au soir, l\u2019homme avait emmen\u00e9 son fils dans l\u2019utilitaire de l\u2019entreprise o\u00f9 il travaille. Voulant le punir pour un comportement jug\u00e9 d\u00e9plac\u00e9 au centre a\u00e9r\u00e9, il avait d\u00e9cid\u00e9 de l\u2019effrayer en faisant semblant de l\u2019abandonner sur un chemin forestier. Mais la mise en sc\u00e8ne a tourn\u00e9 \u00e0 l\u2019horreur\u00a0: l\u2019enfant, affol\u00e9, avait tent\u00e9 de s\u2019agripper \u00e0 la porti\u00e8re. Le p\u00e8re avec red\u00e9marr\u00e9 sans le voir, le tra\u00eenant sur une centaine de m\u00e8tres.<\/p>\n<p>\u00ab\u00a0On n\u2019est pas un p\u00e8re\u00a0!\u00a0\u00bb<\/p>\n<p>Gravement bless\u00e9, le gar\u00e7on a \u00e9t\u00e9 conduit aux urgences par son p\u00e8re. Mais ce sont les m\u00e9decins qui ont alert\u00e9 la police. \u00ab\u00a0Face aux quatre pages de certificat m\u00e9dical et aux explications peu convaincantes du p\u00e8re\u00a0\u00bb, a rappel\u00e9 la substitut du procureur Natacha Collot \u00e0 l\u2019audience du 17\u00a0mars. Le diagnostic \u00e9tait accablant\u00a0: \u0153il au beurre noir, visage tum\u00e9fi\u00e9, trois plaies au cr\u00e2ne \u2013 dont une laissant appara\u00eetre l\u2019os \u2013, l\u00e8vres \u00e9clat\u00e9es et une large blessure au talon.<\/p>\n<p><a href=\"https:\/\/www.20minutes.fr\/dossier\/meurthe-et-moselle\" rel=\"nofollow noopener\" target=\"_blank\" data-ylk=\"slk:Toute l&#039;actualit\u00e9 en Meurthe-et-Moselle;elm:context_link;itc:0;sec:content-canvas\" class=\"link \">Toute l&rsquo;actualit\u00e9 en Meurthe-et-Moselle<\/a><\/p>\n<p>\u00ab\u00a0Quan(&#8230;)<\/p>\n<p><a href=\"https:\/\/www.20minutes.fr\/faits_divers\/4153123-20250513-nancy-homme-condamne-18-mois-sursis-avoir-voulu-abandonner-enfant-foret?at_medium=RSS%20feed&amp;at_campaign=ynews&amp;utm_source=yahoo&amp;utm_medium=rss&amp;utm_campaign=news_feed&amp;utm_content=read_more_link&quot;\" rel=\"nofollow noopener\" target=\"_blank\" data-ylk=\"slk:Lire la suite sur 20minutes;elm:context_link;itc:0;sec:content-canvas\" class=\"link \">Lire la suite sur 20minutes<\/a><\/p>\n<p>\u00c0 lire aussi :<br \/><a href=\"https:\/\/www.20minutes.fr\/faits_divers\/4144158-20250318-meurthe-moselle-jeune-22-ans-ecroue-avoir-tue-pere-pleine-rue?at_medium=RSS%20feed&amp;at_campaign=ynews&amp;utm_source=yahoo&amp;utm_medium=rss&amp;utm_campaign=news_feed&amp;utm_content=related_content_link\" rel=\"nofollow noopener\" target=\"_blank\" data-ylk=\"slk:Meurthe-et-Moselle\u00a0: Un jeune de 22 ans \u00e9crou\u00e9 pour avoir tu\u00e9 son p\u00e8re en pleine rue;elm:context_link;itc:0;sec:content-canvas\" class=\"link \">Meurthe-et-Moselle\u00a0: Un jeune de 22 ans \u00e9crou\u00e9 pour avoir tu\u00e9 son p\u00e8re en pleine rue<\/a><br \/><a href=\"https:\/\/www.20minutes.fr\/faits_divers\/4139888-20250220-meurthe-moselle-femme-retrouvee-morte-voiture-mari-suspecte?at_medium=RSS%20feed&amp;at_campaign=ynews&amp;utm_source=yahoo&amp;utm_medium=rss&amp;utm_campaign=news_feed&amp;utm_content=related_content_link\" rel=\"nofollow noopener\" target=\"_blank\" data-ylk=\"slk:Meurthe-et-Moselle\u00a0: Une femme retrouv\u00e9e morte dans une voiture, son mari suspect\u00e9;elm:context_link;itc:0;sec:content-canvas\" class=\"link \">Meurthe-et-Moselle\u00a0: Une femme retrouv\u00e9e morte dans une voiture, son mari suspect\u00e9<\/a><\/p>\n","protected":false},"excerpt":{"rendered":"TORTIONNAIRE &#8211; Un p\u00e8re de famille de 44 ans a \u00e9t\u00e9 condamn\u00e9 \u00e0 18 mois de prison avec&hellip;\n","protected":false},"author":2,"featured_media":95493,"comment_status":"","ping_status":"","sticky":false,"template":"","format":"standard","meta":{"footnotes":""},"categories":[9635],"tags":[1111,11,1777,674,1011,27,775,13318,2561,1702,12,13454,25,20834,15645],"class_list":{"0":"post-95492","1":"post","2":"type-post","3":"status-publish","4":"format-standard","5":"has-post-thumbnail","7":"category-nancy","8":"tag-actu","9":"tag-actualites","10":"tag-eu","11":"tag-europe","12":"tag-fr","13":"tag-france","14":"tag-grand-est","15":"tag-liverdun","16":"tag-mois","17":"tag-nancy","18":"tag-news","19":"tag-prison-avec-sursis","20":"tag-republique-francaise","21":"tag-son-fils","22":"tag-un-pere"},"share_on_mastodon":{"url":"https:\/\/pubeurope.com\/@fr\/114497633835436171","error":""},"_links":{"self":[{"href":"https:\/\/www.europesays.com\/fr\/wp-json\/wp\/v2\/posts\/95492","targetHints":{"allow":["GET"]}}],"collection":[{"href":"https:\/\/www.europesays.com\/fr\/wp-json\/wp\/v2\/posts"}],"about":[{"href":"https:\/\/www.europesays.com\/fr\/wp-json\/wp\/v2\/types\/post"}],"author":[{"embeddable":true,"href":"https:\/\/www.europesays.com\/fr\/wp-json\/wp\/v2\/users\/2"}],"replies":[{"embeddable":true,"href":"https:\/\/www.europesays.com\/fr\/wp-json\/wp\/v2\/comments?post=95492"}],"version-history":[{"count":0,"href":"https:\/\/www.europesays.com\/fr\/wp-json\/wp\/v2\/posts\/95492\/revisions"}],"wp:featuredmedia":[{"embeddable":true,"href":"https:\/\/www.europesays.com\/fr\/wp-json\/wp\/v2\/media\/95493"}],"wp:attachment":[{"href":"https:\/\/www.europesays.com\/fr\/wp-json\/wp\/v2\/media?parent=95492"}],"wp:term":[{"taxonomy":"category","embeddable":true,"href":"https:\/\/www.europesays.com\/fr\/wp-json\/wp\/v2\/categories?post=95492"},{"taxonomy":"post_tag","embeddable":true,"href":"https:\/\/www.europesays.com\/fr\/wp-json\/wp\/v2\/tags?post=95492"}],"curies":[{"name":"wp","href":"https:\/\/api.w.org\/{rel}","templated":true}]}}