{"id":95512,"date":"2025-05-13T00:26:11","date_gmt":"2025-05-13T00:26:11","guid":{"rendered":"https:\/\/www.europesays.com\/fr\/95512\/"},"modified":"2025-05-13T00:26:11","modified_gmt":"2025-05-13T00:26:11","slug":"plusieurs-temoins-croisent-le-chemin-dun-rorqual-pres-du-port-de-nice-une-rencontre-rare","status":"publish","type":"post","link":"https:\/\/www.europesays.com\/fr\/95512\/","title":{"rendered":"Plusieurs t\u00e9moins croisent le chemin d\u2019un rorqual pr\u00e8s du port de Nice, une rencontre rare"},"content":{"rendered":"<p>Un rorqual a \u00e9t\u00e9 observ\u00e9 pr\u00e8s du port Lympia, \u00e0 Nice (Alpes-Maritimes), samedi 10\u00a0mai 2025. L\u2019animal marin, accompagn\u00e9 de deux dauphins, a \u00e9t\u00e9 aper\u00e7u par plusieurs t\u00e9moins interrog\u00e9s par\u00a0 <a href=\"https:\/\/france3-regions.francetvinfo.fr\/provence-alpes-cote-d-azur\/alpes-maritimes\/nice\/video-il-etait-a-800-ou-900-metres-au-large-un-animal-marin-rare-observe-tout-pres-du-port-de-nice-3151532.html\" target=\"_blank\" rel=\"noopener\">France 3\u00a0Provence-Alpes-C\u00f4te d&rsquo;Azur<\/a> .\u00a0<\/p>\n<p><strong>\u00ab\u00a0Il \u00e9tait \u00e0 800 ou 900\u00a0m\u00e8tres au large de la Prom\u00a0\u00bb,<\/strong> explique ainsi\u00a0l\u2019un des p\u00eacheurs\u00a0qui a film\u00e9 la sc\u00e8ne, en fin d\u2019apr\u00e8s-midi. Dans le courant de l\u2019apr\u00e8s-midi, plusieurs groupes de passants ont vu le c\u00e9tac\u00e9. Les premiers \u00e0\u00a0avoir pu l\u2019identifier sont des membres de\u00a0l\u2019association NaturDive. Selon eux, il s\u2019agirait d\u2019un jeune rorqual commun, car sa taille est encore loin des 20\u00a0m\u00e8tres atteignables \u00e0 l\u2019\u00e2ge adulte.\u00a0<\/p>\n<p>Une m\u00e8re et son petit\u00a0?<\/p>\n<p><strong>\u00ab\u00a0On pense qu\u2019il y en avait deux car le premier \u00e9tait plus petit et il allait en direction du port\u00a0\u00bb,<\/strong> raconte de son c\u00f4t\u00e9 \u00e0 <a href=\"https:\/\/actu.fr\/provence-alpes-cote-d-azur\/nice_06088\/cet-animal-rare-filme-pres-du-port-de-nice-il-est-le-deuxieme-plus-grand-du-monde_62622743.html\" target=\"_blank\" rel=\"noopener\"> Actu Nice <\/a> Simon Nardini, responsable d\u2019une agence de tourisme sportif. Ce dernier accompagnait des clients pour une sortie en mer. <strong>\u00ab\u00a0Au retour, on en a vu un autre beaucoup plus gros mais il partait vers Villefranche-sur-Mer. On en a d\u00e9duit que c\u2019\u00e9tait peut-\u00eatre la m\u00e8re et son b\u00e9b\u00e9\u00a0\u00bb,<\/strong> poursuit-il.<\/p>\n<p>Un cachalot film\u00e9 en avril<\/p>\n<p>Si cette observation peut \u00e9tonner, elle n\u2019est pas si surprenante. En effet, de nombreux grands c\u00e9tac\u00e9s vivent sur le littoral, car la grande profondeur pr\u00e8s des c\u00f4tes leur permet de se nourrir. <a href=\"https:\/\/rennes.maville.com\/actu\/actudet_--mon-ami-me-dit-il-y-a-un-tronc-d-arbre-qui-flotte-un-cachalot-fait-le-beau-juste-devant-eux-_54028-6790013_actu.Htm\" target=\"_blank\" rel=\"noopener\">Fin avril, ce sont les images d\u2019un cachalot qui ont \u00e9t\u00e9 capt\u00e9es par des p\u00eacheurs <\/a> <a href=\"http:\/\/www.ouest-france.fr\/sciences\/animaux\/mon-ami-me-dit-il-y-a-un-tronc-darbre-qui-flotte-un-cachalot-fait-le-beau-juste-devant-eux-28cdcf72-272c-11f0-b7b8-37276f4d776e\" target=\"_blank\" rel=\"noopener\">au large de Cagnes-sur-Mer (Alpes-Maritimes)<\/a>.<\/p>\n<p>Ils avaient d\u2019abord pris l\u2019animal pour un tronc d\u2019arbre flottant dans la mer. Rapidement, ils se sont rendu compte que le bout de bois coulait, puis remontait \u00e0 la surface. Un comportement qui leur a permis de comprendre qu\u2019il s\u2019agissait d\u2019un cachalot. <strong>\u00ab\u00a0On l\u2019a observ\u00e9 sans trop se rapprocher vers lui\u00a0! Et ensuite, il a plong\u00e9 pour reprendre les profondeurs\u00a0!\u00a0\u00bb<\/strong> avaient-ils expliqu\u00e9.\u00a0<\/p>\n<p>\u00a0<\/p>\n","protected":false},"excerpt":{"rendered":"Un rorqual a \u00e9t\u00e9 observ\u00e9 pr\u00e8s du port Lympia, \u00e0 Nice (Alpes-Maritimes), samedi 10\u00a0mai 2025. L\u2019animal marin, accompagn\u00e9&hellip;\n","protected":false},"author":2,"featured_media":95513,"comment_status":"","ping_status":"","sticky":false,"template":"","format":"standard","meta":{"footnotes":""},"categories":[2819],"tags":[1111,11,20837,20836,1777,674,1011,27,12,2401,5159,3762,882,14649,5486,25,20838,4937,20835],"class_list":{"0":"post-95512","1":"post","2":"type-post","3":"status-publish","4":"format-standard","5":"has-post-thumbnail","7":"category-nice","8":"tag-actu","9":"tag-actualites","10":"tag-chemin","11":"tag-croisent","12":"tag-eu","13":"tag-europe","14":"tag-fr","15":"tag-france","16":"tag-news","17":"tag-nice","18":"tag-port","19":"tag-pres","20":"tag-provence-alpes-cote-dazur","21":"tag-rare","22":"tag-rencontre","23":"tag-republique-francaise","24":"tag-rorqual","25":"tag-saint-brieuc","26":"tag-temoins"},"share_on_mastodon":{"url":"https:\/\/pubeurope.com\/@fr\/114497688883642821","error":""},"_links":{"self":[{"href":"https:\/\/www.europesays.com\/fr\/wp-json\/wp\/v2\/posts\/95512","targetHints":{"allow":["GET"]}}],"collection":[{"href":"https:\/\/www.europesays.com\/fr\/wp-json\/wp\/v2\/posts"}],"about":[{"href":"https:\/\/www.europesays.com\/fr\/wp-json\/wp\/v2\/types\/post"}],"author":[{"embeddable":true,"href":"https:\/\/www.europesays.com\/fr\/wp-json\/wp\/v2\/users\/2"}],"replies":[{"embeddable":true,"href":"https:\/\/www.europesays.com\/fr\/wp-json\/wp\/v2\/comments?post=95512"}],"version-history":[{"count":0,"href":"https:\/\/www.europesays.com\/fr\/wp-json\/wp\/v2\/posts\/95512\/revisions"}],"wp:featuredmedia":[{"embeddable":true,"href":"https:\/\/www.europesays.com\/fr\/wp-json\/wp\/v2\/media\/95513"}],"wp:attachment":[{"href":"https:\/\/www.europesays.com\/fr\/wp-json\/wp\/v2\/media?parent=95512"}],"wp:term":[{"taxonomy":"category","embeddable":true,"href":"https:\/\/www.europesays.com\/fr\/wp-json\/wp\/v2\/categories?post=95512"},{"taxonomy":"post_tag","embeddable":true,"href":"https:\/\/www.europesays.com\/fr\/wp-json\/wp\/v2\/tags?post=95512"}],"curies":[{"name":"wp","href":"https:\/\/api.w.org\/{rel}","templated":true}]}}