{"id":95515,"date":"2025-05-13T00:28:13","date_gmt":"2025-05-13T00:28:13","guid":{"rendered":"https:\/\/www.europesays.com\/fr\/95515\/"},"modified":"2025-05-13T00:28:13","modified_gmt":"2025-05-13T00:28:13","slug":"une-asso-organise-un-tournoi-de-foot-feminin-pour-la-bonne-cause","status":"publish","type":"post","link":"https:\/\/www.europesays.com\/fr\/95515\/","title":{"rendered":"une asso organise un tournoi de foot f\u00e9minin pour la bonne cause"},"content":{"rendered":"<p>            Par<br \/>\n        <strong><br \/>\n            <a href=\"https:\/\/actu.fr\/auteur\/tristan-mahe-actu-fr\" title=\"Consulter tous les articles de Tristan Mah\u00e9\" target=\"_blank\" rel=\"noopener\">Tristan Mah\u00e9<\/a><br \/>\n        <\/strong><\/p>\n<p>        Publi\u00e9 le<\/p>\n<p>            12 mai 2025 \u00e0 17h56        <\/p>\n<p>La <a href=\"https:\/\/www.facebook.com\/events\/668930988854770\/?acontext=%7B%22event_action_history%22%3A%5B%7B%22mechanism%22%3A%22attachment%22%2C%22surface%22%3A%22newsfeed%22%7D%5D%2C%22ref_notif_type%22%3Anull%7D\" target=\"_blank\" rel=\"noopener\">World O Cup<\/a>\u2009: c\u2019est le nom du premier <strong>tournoi de foot en salle f\u00e9minin<\/strong> cr\u00e9\u00e9 par l\u2019association de <a href=\"https:\/\/lagouttedo.org\/#activites\" target=\"_blank\" rel=\"noopener\">la Goutte d\u2019O<\/a>, qui aura lieu ce dimanche 18\u00a0mai 2025, \u00e0 <a href=\"https:\/\/actu.fr\/pays-de-la-loire\/saint-herblain_44162\" target=\"_blank\" rel=\"noopener\">Saint-Herblain<\/a>, au complexe sportif du Vigneau.<\/p>\n<p class=\" wall-content\">Les principaux objectifs de l\u2019association sont simples\u2009: <strong>cr\u00e9er et d\u00e9velopper le lien social et dynamiser la vie de quartier<\/strong>. Pr\u00e8s d\u2019une cinquantaine de participantes (d\u00e9butantes ou non) et 200 \u00e0 300\u00a0personnes dans le public sont attendues. Les footballeuses doivent \u00eatre \u00e2g\u00e9es de 14\u00a0ans pour participer au tournoi.<\/p>\n<p>    <a href=\"https:\/\/www.google.com\/maps\/embed?pb=!1m18!1m12!1m3!1d2709.9294982163387!2d-1.623779224802986!3d47.217961771156745!2m3!1f0!2f0!3f0!3m2!1i1024!2i768!4f13.1!3m3!1m2!1s0x4805ec95cabf6f3b%3A0xc9952268b803df5f!2sGymnase%20du%20Vigneau!5e0!3m2!1sfr!2sfr!4v1747061870446!5m2!1sfr!2sfr\" title=\"Ouvrie le lien\" target=\"_blank\" rel=\"noopener\">Cliquez ici pour visualiser le contenu<\/a><\/p>\n<p>Un \u00e9v\u00e9nement au f\u00e9minin<\/p>\n<p class=\" wall-content\">\u00ab\u2009L\u2019association, fond\u00e9e en 2017, est compos\u00e9e de pr\u00e8s de trois quarts de femmes sur environ 150\u00a0b\u00e9n\u00e9voles\u2009\u00bb, explique Louison Tallio, lui-m\u00eame b\u00e9n\u00e9vole dans celle-ci. \u00ab\u2009C\u2019est notamment pour \u00e7a qu\u2019on a voulu mettre en avant <strong>l\u2019inclusion des femmes dans le sport<\/strong>, c\u2019est un sujet qui nous tient \u00e0 c\u0153ur\u2009\u00bb, affirme-t-il.<\/p>\n<p class=\" wall-content\">L\u2019id\u00e9e a \u00e9merg\u00e9 il y a un peu plus d\u2019un an, et s\u2019est confirm\u00e9 r\u00e9cemment. \u00ab\u2009Tout le monde est bienvenu, et il y aura assez d\u2019<strong>animations pour tous<\/strong>\u2009!\u2009\u00bb, promet le b\u00e9n\u00e9vole.<\/p>\n<p class=\" wall-content\">La liste est longue\u2009: des cours de fitness propos\u00e9s en parall\u00e8le par une autre association, des jeux d\u2019adresse avec des lots \u00e0 gagner, des structures gonflables pour les enfants, et m\u00eame un speaker habitu\u00e9 des tournois de quartiers pour galvaniser le public. Bien entendu, le tout en musique.<\/p>\n<p>Vid\u00e9os : en ce moment sur ActuUn \u00e9v\u00e9nement caritatif<\/p>\n<p class=\" wall-content\">Pour cette comp\u00e9tition, la ville de Saint-Herblain a accord\u00e9 des subventions. L\u2019\u00e9v\u00e9nement est \u00e0 <strong>but caritatif<\/strong>, et tous les fonds serviront pour la Goutte d\u2019O. L\u2019association veut mettre sur pied un nouveau <a href=\"https:\/\/lagouttedo.org\/index.php\/senegal\/\" target=\"_blank\" rel=\"noopener\">projet humanitaire au S\u00e9n\u00e9gal<\/a>.<\/p>\n<p class=\" wall-content\">Apr\u00e8s en avoir d\u00e9j\u00e0 organis\u00e9 trois en 2024, et avoir nou\u00e9 un partenariat avec l\u2019ASBL (association sans but lucratif) locale Solidarit\u00e9 S\u00e9n\u00e9gal, la Goutte d\u2019O projette d\u2019apporter un <strong>acc\u00e8s aux soins, \u00e0 l\u2019\u00e9ducation, ou encore \u00e0 la nourriture et \u00e0 l\u2019eau<\/strong>. Ils ont d\u00e9j\u00e0 for\u00e9 par le pass\u00e9 34 puits \u00e0 cet effet.<\/p>\n<p class=\" wall-content\">Mais la Goutte d\u2019O organise de multiples actions pour lesquelles les membres se mobilisent, comme des maraudes ou d\u2019autres \u00e9v\u00e9nements de quartier.<\/p>\n<p><strong>Infos pratiques<\/strong>\u2009:<br \/>Espace sportif du Vigneau, boulevard Salvador Allende, Saint-Herblain<br \/>De 9h \u00e0 21h.<br \/>Acc\u00e8s libre, tournoi \u00e0 partir de 14\u00a0ans.<br \/>Contact\u2009: 07\u200982\u200946\u200947\u200996<\/p>\n<p class=\" wall-content\">Suivez toute l\u2019actualit\u00e9 de vos villes et m\u00e9dias favoris en vous inscrivant \u00e0 <a href=\"https:\/\/moncompte.actu.fr\" title=\"D\u00e9couvez Mon Actu\" rel=\"nofollow noopener\" data-trk=\"{&quot;cta&quot;:{&quot;action&quot;:&quot;https:\\\/\\\/moncompte.actu.fr&quot;,&quot;category&quot;:&quot;mon compte&quot;,&quot;from&quot;:&quot;article footer&quot;,&quot;name&quot;:&quot;Mon actu&quot;,&quot;type&quot;:&quot;cta&quot;}}\" target=\"_blank\">Mon Actu<\/a>.<\/p>\n","protected":false},"excerpt":{"rendered":"Par Tristan Mah\u00e9 Publi\u00e9 le 12 mai 2025 \u00e0 17h56 La World O Cup\u2009: c\u2019est le nom du&hellip;\n","protected":false},"author":2,"featured_media":95516,"comment_status":"","ping_status":"","sticky":false,"template":"","format":"standard","meta":{"footnotes":""},"categories":[2818],"tags":[1111,11,1777,674,1011,27,766,12,2636,25,104,3400,517],"class_list":{"0":"post-95515","1":"post","2":"type-post","3":"status-publish","4":"format-standard","5":"has-post-thumbnail","7":"category-nantes","8":"tag-actu","9":"tag-actualites","10":"tag-eu","11":"tag-europe","12":"tag-fr","13":"tag-france","14":"tag-nantes","15":"tag-news","16":"tag-pays-de-la-loire","17":"tag-republique-francaise","18":"tag-societe","19":"tag-solidarite","20":"tag-sport"},"share_on_mastodon":{"url":"https:\/\/pubeurope.com\/@fr\/114497696749585971","error":""},"_links":{"self":[{"href":"https:\/\/www.europesays.com\/fr\/wp-json\/wp\/v2\/posts\/95515","targetHints":{"allow":["GET"]}}],"collection":[{"href":"https:\/\/www.europesays.com\/fr\/wp-json\/wp\/v2\/posts"}],"about":[{"href":"https:\/\/www.europesays.com\/fr\/wp-json\/wp\/v2\/types\/post"}],"author":[{"embeddable":true,"href":"https:\/\/www.europesays.com\/fr\/wp-json\/wp\/v2\/users\/2"}],"replies":[{"embeddable":true,"href":"https:\/\/www.europesays.com\/fr\/wp-json\/wp\/v2\/comments?post=95515"}],"version-history":[{"count":0,"href":"https:\/\/www.europesays.com\/fr\/wp-json\/wp\/v2\/posts\/95515\/revisions"}],"wp:featuredmedia":[{"embeddable":true,"href":"https:\/\/www.europesays.com\/fr\/wp-json\/wp\/v2\/media\/95516"}],"wp:attachment":[{"href":"https:\/\/www.europesays.com\/fr\/wp-json\/wp\/v2\/media?parent=95515"}],"wp:term":[{"taxonomy":"category","embeddable":true,"href":"https:\/\/www.europesays.com\/fr\/wp-json\/wp\/v2\/categories?post=95515"},{"taxonomy":"post_tag","embeddable":true,"href":"https:\/\/www.europesays.com\/fr\/wp-json\/wp\/v2\/tags?post=95515"}],"curies":[{"name":"wp","href":"https:\/\/api.w.org\/{rel}","templated":true}]}}