{"id":955213,"date":"2026-05-25T04:48:30","date_gmt":"2026-05-25T04:48:30","guid":{"rendered":"https:\/\/www.europesays.com\/fr\/955213\/"},"modified":"2026-05-25T04:48:30","modified_gmt":"2026-05-25T04:48:30","slug":"la-photo-de-la-semaine-un-astronaute-attendait-un-cargo-spatial-il-a-vu-tout-autre-chose-traverser-latmosphere","status":"publish","type":"post","link":"https:\/\/www.europesays.com\/fr\/955213\/","title":{"rendered":"La photo de la semaine : un astronaute attendait un cargo spatial, il a vu tout autre chose traverser l\u2019atmosph\u00e8re !"},"content":{"rendered":"<p>Parfois, on attend quelque chose et&#8230; c&rsquo;est autre chose qui arrive\u2009! C&rsquo;est l&rsquo;histoire que raconte aujourd&rsquo;hui Chris Williams. Il est astronaute \u00e0 la Nasa, actuellement \u00e0 bord de la <a href=\"https:\/\/www.futura-sciences.com\/sciences\/actualites\/station-spatiale-internationale-25-ans-station-spatiale-marquent-aussi-fin-epoque-127168\/\" title=\"Les 25 ans de la Station spatiale marquent aussi la fin d\u2019une \u00e9poque\" rel=\"nofollow noopener\" target=\"_blank\">Station spatiale<\/a> internationale (<a href=\"https:\/\/www.futura-sciences.com\/sciences\/definitions\/astronautique-station-spatiale-internationale-2571\/\" rel=\"nofollow noopener\" target=\"_blank\">ISS<\/a>). Et il y a quelques jours, alors qu&rsquo;il survolait l&rsquo;Afrique, il guettait un vaisseau cargo op\u00e9r\u00e9 par Roscosmos. Mais ce qu&rsquo;il a immortalis\u00e9 n&rsquo;avait rien \u00e0 voir avec le ravitailleur Progress\u00a0MS-34\u00a0: un objet lumineux traversant la haute <a href=\"https:\/\/www.futura-sciences.com\/planete\/definitions\/climatologie-atmosphere-850\/\" rel=\"nofollow noopener\" target=\"_blank\">atmosph\u00e8re<\/a>.<\/p>\n<p class=\"fs-media\">\n<p><img decoding=\"async\" data-imgid=\"full\" src=\"https:\/\/www.europesays.com\/fr\/wp-content\/uploads\/2026\/05\/debris-meteore-station-spatiale-internationale.jpg\" width=\"1080\" height=\"1620\" alt=\"\" loading=\"lazy\"\/><br \/>\nTrois photos prises \u00e0 30 \u00e0 40 secondes d\u2019intervalle depuis la Station spatiale internationale (ISS) montrent un objet se d\u00e9sint\u00e9grant dans l\u2019atmosph\u00e8re terrestre le 27 avril 2026. \u00a9 Nasa<\/p>\n<p>Une spectaculaire rentr\u00e9e atmosph\u00e9rique<\/p>\n<p>\u00ab\u2009J&rsquo;ai vu sa queue s&rsquo;allonger puis se fragmenter en une pluie de petits morceaux\u2009\u00bb, raconte Chris Williams sur les <a href=\"https:\/\/www.futura-sciences.com\/tech\/questions-reponses\/reseaux-sociaux-reseaux-sociaux-sont-fonctionnalites-permettent-gerer-temps-ecran-jeunes-19959\/\" title=\"R\u00e9seaux sociaux : quelles sont les fonctionnalit\u00e9s qui permettent de g\u00e9rer le temps d&#039;\u00e9cran des jeunes\" rel=\"nofollow noopener\" target=\"_blank\">r\u00e9seaux sociaux<\/a>. \u00ab\u2009C&rsquo;\u00e9tait un v\u00e9ritable spectacle lumineux\u2009!\u2009\u00bb<\/p>\n<p>\n            <img decoding=\"async\" data-imgid=\"sm\" src=\"https:\/\/www.europesays.com\/fr\/wp-content\/uploads\/2026\/05\/52049541823_302331a679_k.jpg\" width=\"320\" height=\"320\" alt=\"Photographie de l'Am\u00e9rique centrale\u00a0sur laquelle on distingue plusieurs r\u00e9gions : le Yucatan, le Belize et le Chiapas. \u00a9 Nasa, ESA, Matthias Maurer\" loading=\"lazy\"\/><br \/>\n        <a href=\"https:\/\/www.futura-sciences.com\/sciences\/actualites\/observation-terre-terre-vue-espace-plus-belles-photos-astronaute-allemand-matthias-maurer-98348\/\" class=\"article-link\" target=\"_blank\" rel=\"nofollow noopener\"><br \/>\n        La Terre vue de l&rsquo;espace : les plus belles photos de l&rsquo;astronaute allemand Matthias Maurer<\/p>\n<p><\/a><\/p>\n<p class=\"article-synopsis\">\n        L&rsquo;astronaute allemand Matthias Maurer est de retour sur Terre apr\u00e8s avoir pass\u00e9 presque six mois sur la Station spatiale internationale. Lors de sa mission sur l&rsquo;ISS, Maurer a r\u00e9alis\u00e9 de nombreux clich\u00e9s de la Terre. Des centaines de photos permettent d&rsquo;admirer la beaut\u00e9 de la Plan\u00e8te bleue \u00e0 400 kilom\u00e8tres d&rsquo;altitude&#8230;. Lire la suite\n    <\/p>\n<\/p>\n<p>Alors de quoi a-t-il \u00e9t\u00e9 le t\u00e9moin privil\u00e9gi\u00e9\u2009? Peut-\u00eatre bien de la d\u00e9sint\u00e9gration d&rsquo;un <a href=\"https:\/\/www.futura-sciences.com\/sciences\/definitions\/univers-etoile-filante-868\/\" rel=\"nofollow noopener\" target=\"_blank\">m\u00e9t\u00e9ore<\/a> dans la haute atmosph\u00e8re. Des dizaines de tonnes de mati\u00e8re y p\u00e9n\u00e8trent chaque jour, produisant parfois de brillantes <a href=\"https:\/\/www.futura-sciences.com\/sciences\/actualites\/espace-boules-feu-traversent-ciel-soir-halloween-pourraient-provoquer-catastrophe-futur-proche-127035\/\" title=\"Les \u00ab boules de feu \u00bb qui traversent le ciel le soir d&#039;Halloween pourraient provoquer une catastrophe dans un futur proche\" rel=\"nofollow noopener\" target=\"_blank\">boules de feu<\/a> lorsque les fragments se consument. Mais sans conna\u00eetre pr\u00e9cis\u00e9ment la direction de la cam\u00e9ra utilis\u00e9e par l&rsquo;astronaute, la Nasa pr\u00e9f\u00e8re ne pas trancher.<\/p>\n<p>Un d\u00e9bris qui se d\u00e9sint\u00e8gre\u2009?<\/p>\n<p>Chris Williams, lui, penche pour \u00ab\u2009un <a href=\"https:\/\/www.futura-sciences.com\/sciences\/questions-reponses\/debris-spatiaux-y-t-il-debris-spatiaux-autour-terre-14349\/\" title=\"https:\/\/www.futura-sciences.com\/sciences\/questions-reponses\/debris-spatiaux-y-t-il-debris-spatiaux-autour-terre-14349\/\" rel=\"nofollow noopener\" target=\"_blank\">d\u00e9bris spatial<\/a> ou un satellite qui se d\u00e9sint\u00e9grait en entrant dans l&rsquo;atmosph\u00e8re\u2009\u00bb. Peut-\u00eatre m\u00eame un \u00e9l\u00e9ment li\u00e9 au lancement du cargo attendu par l&rsquo;astronaute.<\/p>\n<p>\n            <img decoding=\"async\" data-imgid=\"sm\" src=\"https:\/\/www.europesays.com\/fr\/wp-content\/uploads\/2026\/05\/debris-spatiaux-satellite-russe-cosmos-482.png\" width=\"320\" height=\"320\" alt=\"Les d\u00e9bris spatiaux qui retombent sur Terre pourraient devenir un v\u00e9ritable danger dans les ann\u00e9es \u00e0 venir.\u00a0\u00a9 PaulFleet, iStock\" loading=\"lazy\"\/><br \/>\n        <a href=\"https:\/\/www.futura-sciences.com\/sciences\/actualites\/debris-spatiaux-debris-spatiaux-ecrasent-terre-voici-scientifiques-peuvent-desormais-reperer-130474\/\" class=\"article-link\" target=\"_blank\" rel=\"nofollow noopener\"><br \/>\n        Quand des d\u00e9bris spatiaux s\u2019\u00e9crasent sur Terre, voici comment les scientifiques peuvent d\u00e9sormais les rep\u00e9rer<\/p>\n<p><\/a><\/p>\n<p class=\"article-synopsis\">\n        Les d\u00e9bris spatiaux peuvent poser un v\u00e9ritable risque lorsqu&rsquo;ils retombent dans l&rsquo;atmosph\u00e8re et qu&rsquo;ils peuvent heurter la Terre. Des chercheurs ont test\u00e9 une nouvelle m\u00e9thode pour les suivre en temps r\u00e9el, et elle implique des d\u00e9tecteurs de s\u00e9ismes qui pourraient capter les ondes provoqu\u00e9es par les rentr\u00e9es atmosph\u00e9riques&#8230;. Lire la suite\n    <\/p>\n<\/p>\n<p>Autour de la Terre, il gravite des dizaines de milliers de satellites, d&rsquo;\u00e9tages de <a href=\"https:\/\/www.futura-sciences.com\/sciences\/definitions\/lanceur-vulcan-18815\/\" rel=\"nofollow noopener\" target=\"_blank\">fus\u00e9es<\/a> et de fragments divers. Quand ils retombent vers notre Terre, le frottement de l&rsquo;atmosph\u00e8re produit de spectaculaires tra\u00een\u00e9es lumineuses avant leur d\u00e9sint\u00e9gration. Et autant de possibilit\u00e9s de photo de la semaine&#8230;<\/p>\n","protected":false},"excerpt":{"rendered":"Parfois, on attend quelque chose et&#8230; c&rsquo;est autre chose qui arrive\u2009! C&rsquo;est l&rsquo;histoire que raconte aujourd&rsquo;hui Chris Williams.&hellip;\n","protected":false},"author":2,"featured_media":955214,"comment_status":"","ping_status":"","sticky":false,"template":"","format":"standard","meta":{"footnotes":"","_share_on_mastodon":"0"},"categories":[7],"tags":[28232,16706,100939,9356,1011,27,889,86866,333,43,40,41,39,890,42,44,100940],"class_list":["post-955213","post","type-post","status-publish","format-standard","has-post-thumbnail","category-sciences-et-technologies","tag-astronaute","tag-atmosphere","tag-chris-williams","tag-debris-spatial","tag-fr","tag-france","tag-fusee","tag-meteore","tag-nasa","tag-science","tag-science-and-technology","tag-sciences","tag-sciences-et-technologies","tag-station-spatiale-internationale","tag-technologies","tag-technology","tag-vaisseau-cargo"],"share_on_mastodon":{"url":"https:\/\/pubeurope.com\/@fr\/116633411423846127","error":""},"_links":{"self":[{"href":"https:\/\/www.europesays.com\/fr\/wp-json\/wp\/v2\/posts\/955213","targetHints":{"allow":["GET"]}}],"collection":[{"href":"https:\/\/www.europesays.com\/fr\/wp-json\/wp\/v2\/posts"}],"about":[{"href":"https:\/\/www.europesays.com\/fr\/wp-json\/wp\/v2\/types\/post"}],"author":[{"embeddable":true,"href":"https:\/\/www.europesays.com\/fr\/wp-json\/wp\/v2\/users\/2"}],"replies":[{"embeddable":true,"href":"https:\/\/www.europesays.com\/fr\/wp-json\/wp\/v2\/comments?post=955213"}],"version-history":[{"count":0,"href":"https:\/\/www.europesays.com\/fr\/wp-json\/wp\/v2\/posts\/955213\/revisions"}],"wp:featuredmedia":[{"embeddable":true,"href":"https:\/\/www.europesays.com\/fr\/wp-json\/wp\/v2\/media\/955214"}],"wp:attachment":[{"href":"https:\/\/www.europesays.com\/fr\/wp-json\/wp\/v2\/media?parent=955213"}],"wp:term":[{"taxonomy":"category","embeddable":true,"href":"https:\/\/www.europesays.com\/fr\/wp-json\/wp\/v2\/categories?post=955213"},{"taxonomy":"post_tag","embeddable":true,"href":"https:\/\/www.europesays.com\/fr\/wp-json\/wp\/v2\/tags?post=955213"}],"curies":[{"name":"wp","href":"https:\/\/api.w.org\/{rel}","templated":true}]}}