{"id":955215,"date":"2026-05-25T04:49:19","date_gmt":"2026-05-25T04:49:19","guid":{"rendered":"https:\/\/www.europesays.com\/fr\/955215\/"},"modified":"2026-05-25T04:49:19","modified_gmt":"2026-05-25T04:49:19","slug":"ancien-site-de-la-fonderie-sam-en-aveyron-deux-entreprises-vont-sinstaller-sur-le-terrain-dici-fin-2027-annonce-carole-delga-375-emplois-crees-dici-2032","status":"publish","type":"post","link":"https:\/\/www.europesays.com\/fr\/955215\/","title":{"rendered":"Ancien site de la fonderie SAM en Aveyron : deux entreprises vont s&rsquo;installer sur le terrain d&rsquo;ici fin 2027 annonce Carole Delga, 375 emplois cr\u00e9\u00e9s d&rsquo;ici 2032"},"content":{"rendered":"<p>\n                                                                    l&rsquo;essentiel<br \/>\n                                                                La R\u00e9gion Occitanie annonce la reprise de l\u2019ancien site de la fonderie SAM \u00e0 Decazeville par deux groupes industriels d&rsquo;ici 2027. Un investissement majeur qui promet la cr\u00e9ation de 375 emplois d&rsquo;ici 2032 dans ce bassin de l&rsquo;Aveyron.\n                            <\/p>\n<p>\u00ab\u00a0Faire que le bassin de Decazeville puisse retrouver de la puissance \u00e9conomique et industrielle\u00a0\u00bb. La pr\u00e9sidente de la R\u00e9gion Occitanie, Carole Delga, affiche des ambitions renouvel\u00e9es pour l&rsquo;ancien site de la fonderie \u00ab\u00a0SAM\u00a0\u00bb de Decazeville (Aveyron). Dans un entretien accord\u00e9e ce dimanche 24 mai \u00e0 nos confr\u00e8res de l&rsquo;AFP et de <a href=\"https:\/\/www.latribune.fr\/article\/la-tribune-dimanche\/dimanche-eco\/115579569035214\/industrie-deux-usines-vont-s-installer-dans-l-ancienne-fonderie-sam-de-decazeville\" target=\"_blank\" rel=\"nofollow noopener\">La Tribune<\/a>, cette derni\u00e8re a annonc\u00e9 l&rsquo;installation prochaine de deux groupes industriels d&rsquo;ici la fin de l&rsquo;ann\u00e9e 2027.\u00a0<\/p>\n<p>La soci\u00e9t\u00e9 Mati\u00e8re, sp\u00e9cialis\u00e9e dans la fabrication de\u00a0pyl\u00f4nes \u00e9lectriques\u00a0\u2013 \u00ab\u00a0nouvelle g\u00e9n\u00e9ration\u00a0\u00bb\u00a0\u2013 et\u00a0la firme britannique Paragon-ID, qui produit des puces de tra\u00e7abilit\u00e9 appel\u00e9es\u00a0\u00ab\u00a0RFID\u00a0\u00bb, vont ainsi prendre possession de l&rsquo;ancien site de l&rsquo;ex-\u00e9quipementier automobile Soci\u00e9t\u00e9 aveyronnaise de m\u00e9tallurgie, rachet\u00e9 par la R\u00e9gion. \u00ab\u00a0Apr\u00e8s une premi\u00e8re phase de recherche de repreneurs li\u00e9e \u00e0 l\u2019activit\u00e9 historique de fonderie, l\u2019\u00e9volution du march\u00e9 automobile et la crise structurelle du secteur ont conduit \u00e0 repenser l\u2019avenir industriel du site autour des industries d\u2019avenir, des technologies industrielles et de la transition \u00e9nerg\u00e9tique\u00a0\u00bb, indique la R\u00e9gion Occitanie dans un communiqu\u00e9.\u00a0<\/p>\n<p>375 emplois d&rsquo;ici 2032<\/p>\n<p>\u00c0 l&rsquo;horizon 2032, l&rsquo;installation de ces deux entreprises et leur d\u00e9veloppement devrait permettre de cr\u00e9er 375 emplois dans cet ancien bassin minier, soit une quarantaine d&#8217;emplois de plus que la SAM, lorsque la structure avait \u00e9t\u00e9 plac\u00e9e en redressement judiciaire en 2019. La soci\u00e9t\u00e9 Mati\u00e8re, bas\u00e9e dans le d\u00e9partement voisin du Lot, sera la premi\u00e8re \u00e0 investir les lieux d\u00e8s la fin de l\u2019ann\u00e9e 2026. Une partie du mat\u00e9riel historique de la fonderie SAM sera directement r\u00e9utilis\u00e9e par le groupe lotois pour sa production. Quant \u00e0 la firme britannique Paragon-ID, elle finalisera la reconfiguration du site fin 2027 en y d\u00e9ployant sa ligne de production de puces \u00e9lectroniques.<\/p>\n<p class=\"std-elt__inline\">\n        <strong>\u00c0 lire aussi :<\/strong><br \/>\n        <a href=\"https:\/\/www.ladepeche.fr\/2026\/05\/15\/site-de-lex-sam-le-depute-demande-un-point-detape-13372362.php\" rel=\"nofollow noopener\" target=\"_blank\">Site de l\u2019ex-SAM : le d\u00e9put\u00e9 demande un point d\u2019\u00e9tape<\/a>\n    <\/p>\n<p>Pour redonner vie \u00e0 ce fleuron industriel, la R\u00e9gion Occitanie n&rsquo;a pas l\u00e9sin\u00e9 sur les moyens. Apr\u00e8s avoir<a href=\"https:\/\/www.ladepeche.fr\/2024\/07\/11\/la-region-occitanie-devient-officiellement-proprietaire-de-lancien-site-de-la-sam-de-viviez-12076914.php\" target=\"_self\" rel=\"nofollow noopener\"> rachet\u00e9 le terrain, les b\u00e2timents et une partie des machines en 2024<\/a> pour un montant de 11 millions d&rsquo;euros, la collectivit\u00e9 pr\u00e9voit d&rsquo;injecter 35 millions d&rsquo;euros suppl\u00e9mentaires pour l\u2019am\u00e9nagement global du site.\u00a0En r\u00e9ponse \u00e0 la politique de r\u00e9industrialisation nationale, la pr\u00e9sidente de R\u00e9gion n&rsquo;a pas manqu\u00e9 de piquer le gouvernement actuel : \u00ab\u00a0La &lsquo;m\u00e9thode Notre-Dame&rsquo; d\u2019Emmanuel Macron, on l\u2019a mise en place avant\u00a0\u00bb, a-t-elle lanc\u00e9, faisant r\u00e9f\u00e9rence \u00e0 l\u2019acc\u00e9l\u00e9ration des projets industriels voulue par l&rsquo;\u00c9lys\u00e9e. \u00ab\u00a0Avec toutes les contraintes juridiques et malgr\u00e9 la baisse des dotations de l\u2019\u00c9tat, on a agi\u00a0\u00bb.<\/p>\n<p>Si le retour de ces deux fleurons marque un tournant historique, pr\u00e8s de la moiti\u00e9 du foncier disponible\u00a0\u2013\u00a0soit environ 12 000 m\u00b2 \u2013 cherche encore preneur. \u00ab\u00a0Il est trop t\u00f4t pour que je puisse faire des annonces, mais les discussions continuent avec le secteur industriel et a\u00e9ronautique\u00a0\u00bb, a temp\u00e9r\u00e9 l&rsquo;\u00e9lue socialiste. Carole Delga entame ce mardi 26 mai un d\u00e9placement de deux jours en Aveyron. Elle pr\u00e9sentera formellement et en d\u00e9tail les contours de ces deux projets industriels aux acteurs locaux mercredi 27 mai prochain.<\/p>\n","protected":false},"excerpt":{"rendered":"l&rsquo;essentiel La R\u00e9gion Occitanie annonce la reprise de l\u2019ancien site de la fonderie SAM \u00e0 Decazeville par deux&hellip;\n","protected":false},"author":2,"featured_media":955216,"comment_status":"","ping_status":"","sticky":false,"template":"","format":"standard","meta":{"footnotes":"","_share_on_mastodon":"0"},"categories":[6],"tags":[18483,35,69132,33,34,1011,27],"class_list":["post-955215","post","type-post","status-publish","format-standard","has-post-thumbnail","category-economie","tag-aveyron","tag-business","tag-decazeville","tag-economie","tag-economy","tag-fr","tag-france"],"share_on_mastodon":{"url":"https:\/\/pubeurope.com\/@fr\/116633414345335646","error":""},"_links":{"self":[{"href":"https:\/\/www.europesays.com\/fr\/wp-json\/wp\/v2\/posts\/955215","targetHints":{"allow":["GET"]}}],"collection":[{"href":"https:\/\/www.europesays.com\/fr\/wp-json\/wp\/v2\/posts"}],"about":[{"href":"https:\/\/www.europesays.com\/fr\/wp-json\/wp\/v2\/types\/post"}],"author":[{"embeddable":true,"href":"https:\/\/www.europesays.com\/fr\/wp-json\/wp\/v2\/users\/2"}],"replies":[{"embeddable":true,"href":"https:\/\/www.europesays.com\/fr\/wp-json\/wp\/v2\/comments?post=955215"}],"version-history":[{"count":0,"href":"https:\/\/www.europesays.com\/fr\/wp-json\/wp\/v2\/posts\/955215\/revisions"}],"wp:featuredmedia":[{"embeddable":true,"href":"https:\/\/www.europesays.com\/fr\/wp-json\/wp\/v2\/media\/955216"}],"wp:attachment":[{"href":"https:\/\/www.europesays.com\/fr\/wp-json\/wp\/v2\/media?parent=955215"}],"wp:term":[{"taxonomy":"category","embeddable":true,"href":"https:\/\/www.europesays.com\/fr\/wp-json\/wp\/v2\/categories?post=955215"},{"taxonomy":"post_tag","embeddable":true,"href":"https:\/\/www.europesays.com\/fr\/wp-json\/wp\/v2\/tags?post=955215"}],"curies":[{"name":"wp","href":"https:\/\/api.w.org\/{rel}","templated":true}]}}