{"id":95525,"date":"2025-05-13T00:34:09","date_gmt":"2025-05-13T00:34:09","guid":{"rendered":"https:\/\/www.europesays.com\/fr\/95525\/"},"modified":"2025-05-13T00:34:09","modified_gmt":"2025-05-13T00:34:09","slug":"apres-la-chute-dune-cliente-lexploitant-dun-manege-sera-juge-2","status":"publish","type":"post","link":"https:\/\/www.europesays.com\/fr\/95525\/","title":{"rendered":"Apr\u00e8s la chute d\u2019une cliente, l\u2019exploitant d\u2019un man\u00e8ge sera jug\u00e9"},"content":{"rendered":"<p>Dans la nuit de vendredi \u00e0 samedi \u00e0 <a href=\"https:\/\/www.20minutes.fr\/lille\/\" target=\"_blank\" class=\"color-ultramarine c-link\" rel=\"noopener\">Lille<\/a>, une femme de 28 ans a \u00e9t\u00e9 gri\u00e8vement bless\u00e9e apr\u00e8s avoir chut\u00e9 d\u2019un man\u00e8ge lors du festival Madame Loyal, un \u00e9v\u00e9nement m\u00ealant <a href=\"https:\/\/www.20minutes.fr\/dossier\/fete-foraine\" target=\"_blank\" class=\"color-ultramarine c-link\" rel=\"noopener\">f\u00eate foraine<\/a>, musique \u00e9lectronique et arts du cirque. L\u2019exploitant du man\u00e8ge, mis en cause pour des manquements graves \u00e0 la s\u00e9curit\u00e9, sera jug\u00e9 le 22\u00a0octobre 2025, a annonc\u00e9 lundi le parquet.<\/p>\n<p>Une <a href=\"https:\/\/www.20minutes.fr\/dossier\/enquete\" target=\"_blank\" class=\"color-ultramarine c-link\" rel=\"noopener\">enqu\u00eate<\/a> a \u00e9t\u00e9 ouverte pour \u00ab\u00a0blessures involontaires suite \u00e0 une violation manifestement d\u00e9lib\u00e9r\u00e9e d\u2019une obligation de prudence ou de s\u00e9curit\u00e9\u00a0\u00bb, selon la <a href=\"https:\/\/www.20minutes.fr\/dossier\/procureur\" target=\"_blank\" class=\"color-ultramarine c-link\" rel=\"noopener\">procureure<\/a> de Lille Carole Etienne. Le <a href=\"https:\/\/www.20minutes.fr\/dossier\/forains\" target=\"_blank\" class=\"color-ultramarine c-link\" rel=\"noopener\">forain<\/a>, plac\u00e9 en garde \u00e0 vue puis lib\u00e9r\u00e9 sous contr\u00f4le judiciaire, est accus\u00e9 de ne pas avoir proc\u00e9d\u00e9 aux v\u00e9rifications de rigueur avant de lancer l\u2019attraction.<\/p>\n<\/p>\n<p>L\u2019exploitant avait quitt\u00e9 son poste<\/p>\n<p>\u00ab\u00a0Les investigations ont montr\u00e9 que la victime n\u2019\u00e9tait pas accroch\u00e9e correctement et que l\u2019exploitant du man\u00e8ge n\u2019avait pas v\u00e9rifi\u00e9 un \u00e0 un que les clients \u00e9taient bien attach\u00e9s au moment o\u00f9 il a r\u00e9cup\u00e9r\u00e9 les tickets\u00a0\u00bb, a pr\u00e9cis\u00e9 la magistrate. Pire encore, l\u2019homme aurait quitt\u00e9 son poste apr\u00e8s avoir mis le man\u00e8ge en marche, sans rester \u00e0 proximit\u00e9 pour assurer la s\u00e9curit\u00e9 ou pouvoir activer le bouton d\u2019arr\u00eat d\u2019urgence.<\/p>\n<p><a href=\"https:\/\/www.20minutes.fr\/lille\/\" target=\"_blank\" class=\"c-link c-btn c-btn--primary\" rel=\"noopener\">Toute l&rsquo;actualit\u00e9 lilloise<\/a><\/p>\n<p>La victime, souffrant de blessures s\u00e9rieuses, s\u2019est vue prescrire une incapacit\u00e9 totale de travail (ITT) d\u2019un mois. Elle a pu sortir de l\u2019h\u00f4pital dimanche, selon le producteur lillois A Gauche de la Lune, organisateur de l\u2019\u00e9v\u00e9nement. Ce dernier pr\u00e9cise que le man\u00e8ge impliqu\u00e9 \u00ab\u00a0disposait de toutes les autorisations et documents r\u00e9glementaires\u00a0\u00bb.<\/p>\n","protected":false},"excerpt":{"rendered":"Dans la nuit de vendredi \u00e0 samedi \u00e0 Lille, une femme de 28 ans a \u00e9t\u00e9 gri\u00e8vement bless\u00e9e&hellip;\n","protected":false},"author":2,"featured_media":95526,"comment_status":"","ping_status":"","sticky":false,"template":"","format":"standard","meta":{"footnotes":""},"categories":[2815],"tags":[119,1111,47,11,1777,674,11501,18922,1011,27,811,303,1307,12,1308,1309,2694,25],"class_list":{"0":"post-95525","1":"post","2":"type-post","3":"status-publish","4":"format-standard","5":"has-post-thumbnail","7":"category-lille","8":"tag-accident","9":"tag-actu","10":"tag-actualite","11":"tag-actualites","12":"tag-eu","13":"tag-europe","14":"tag-fete-foraine","15":"tag-forains","16":"tag-fr","17":"tag-france","18":"tag-hauts-de-france","19":"tag-justice","20":"tag-lille","21":"tag-news","22":"tag-nord","23":"tag-nord-pas-de-calais","24":"tag-proces","25":"tag-republique-francaise"},"share_on_mastodon":{"url":"https:\/\/pubeurope.com\/@fr\/114497720619115352","error":""},"_links":{"self":[{"href":"https:\/\/www.europesays.com\/fr\/wp-json\/wp\/v2\/posts\/95525","targetHints":{"allow":["GET"]}}],"collection":[{"href":"https:\/\/www.europesays.com\/fr\/wp-json\/wp\/v2\/posts"}],"about":[{"href":"https:\/\/www.europesays.com\/fr\/wp-json\/wp\/v2\/types\/post"}],"author":[{"embeddable":true,"href":"https:\/\/www.europesays.com\/fr\/wp-json\/wp\/v2\/users\/2"}],"replies":[{"embeddable":true,"href":"https:\/\/www.europesays.com\/fr\/wp-json\/wp\/v2\/comments?post=95525"}],"version-history":[{"count":0,"href":"https:\/\/www.europesays.com\/fr\/wp-json\/wp\/v2\/posts\/95525\/revisions"}],"wp:featuredmedia":[{"embeddable":true,"href":"https:\/\/www.europesays.com\/fr\/wp-json\/wp\/v2\/media\/95526"}],"wp:attachment":[{"href":"https:\/\/www.europesays.com\/fr\/wp-json\/wp\/v2\/media?parent=95525"}],"wp:term":[{"taxonomy":"category","embeddable":true,"href":"https:\/\/www.europesays.com\/fr\/wp-json\/wp\/v2\/categories?post=95525"},{"taxonomy":"post_tag","embeddable":true,"href":"https:\/\/www.europesays.com\/fr\/wp-json\/wp\/v2\/tags?post=95525"}],"curies":[{"name":"wp","href":"https:\/\/api.w.org\/{rel}","templated":true}]}}