{"id":95527,"date":"2025-05-13T00:35:12","date_gmt":"2025-05-13T00:35:12","guid":{"rendered":"https:\/\/www.europesays.com\/fr\/95527\/"},"modified":"2025-05-13T00:35:12","modified_gmt":"2025-05-13T00:35:12","slug":"lete-des-charognes-une-plongee-dans-la-brutalite-de-la-vie-rurale-mardi-13-mai-a-marseille","status":"publish","type":"post","link":"https:\/\/www.europesays.com\/fr\/95527\/","title":{"rendered":"\u00ab\u00a0L&rsquo;\u00e9t\u00e9 des charognes\u00a0\u00bb, une plong\u00e9e dans la brutalit\u00e9 de la vie rurale, mardi 13 mai \u00e0 Marseille"},"content":{"rendered":"<p>Le premier roman de <a href=\"https:\/\/www.laprovence.com\/article\/region\/10352900131876\/un-roman-en-forme-de-choc-litteraire-pour-simon-johannin-a-aix-en-provence\" target=\"_blank\" rel=\"noopener\">Simon Johannin, <\/a><a href=\"https:\/\/www.laprovence.com\/article\/region\/10352900131876\/un-roman-en-forme-de-choc-litteraire-pour-simon-johannin-a-aix-en-provence\" target=\"_blank\" rel=\"noopener\">L\u2019\u00e9t\u00e9 des charognes<\/a>, avait fait sensation lors de sa publication en janvier 2017. Du haut de ses 23\u00a0ans, l\u2019auteur, aujourd\u2019hui install\u00e9 \u00e0 <a href=\"https:\/\/www.laprovence.com\/region\/Edition-marseille\" target=\"_blank\" rel=\"noopener\">Marseille<\/a>, y affirmait un univers et un phras\u00e9. Dans ce livre, pas loin d\u2019\u00eatre autobiographique, un adolescent grandit \u00e0 La Fourri\u00e8re, un \u00ab\u00a0village de nulle part\u00a0\u00bb \u00e9cras\u00e9 par la mis\u00e8re et par l\u2019\u00e9t\u00e9. Il se raconte quand il massacre le chien de \u00ab\u00a0la grosse conne de voisine\u00a0\u00bb, tue le cochon avec les hommes du village, s\u2019amuse \u00ab\u00a0au jeu de l\u2019arabe\u00a0\u00bb, rend les coups et \u00e9vite ceux des parents. Il plonge ainsi le lecteur dans la brutalit\u00e9 de la vie rurale.<\/p>\n<p>Un jeune homme qui va vers l\u2019\u00e2ge adulte<\/p>\n<p>Ce premier roman fut un choc pour l\u2019acteur Thierry Raynaud qui incarnera son \u00ab\u00a0anti-h\u00e9ros\u00a0\u00bb au Zef (14e), mis en sc\u00e8ne par <a href=\"https:\/\/www.laprovence.com\/article\/culture-loisirs\/1124422968113214\/marseille-hubert-colas-celebre-harold-pinter-a-la-criee\" target=\"_blank\" rel=\"noopener\">Hubert Colas, directeur de la compagnie Diphtong et du festival Actoral<\/a>. \u00ab\u00a0Ce premier geste d\u2019\u00e9criture parle d\u2019enfance et d\u2019adolescence\u00a0: c\u2019est le premier regard d\u2019un jeune homme qui va vers l\u2019\u00e2ge adulte\u00a0\u00bb, explique Hubert Colas. Son oralit\u00e9 puissante l\u2019a convaincu qu\u2019il fallait l\u2019incarner.<\/p>\n<p>\u00ab\u00a0\u00c0 l\u2019int\u00e9rieur de l\u2019\u00e9criture de Simon, je per\u00e7ois un corps qui me permet d\u2019envisager une mise en sc\u00e8ne, poursuit-il. Ce roman est olfactif\u00a0: il fait appel au toucher, \u00e0 l\u2019odorat, ce qui le rend insoutenable \u00e0 certains lecteurs. Il y a beaucoup de sang et de cadavres, charg\u00e9s de symbolique. La mort est comme une \u00e9tape et partie int\u00e9grante de la vie. Ce livre nous fait prendre conscience de notre mat\u00e9rialit\u00e9.\u00a0\u00bb<\/p>\n<p>Hubert Colas et Thierry Raynaud, une complicit\u00e9 de trente ans<\/p>\n<p>Hubert Colas et Thierry Raynaud travaillent ensemble depuis trente ans et sont parvenus \u00e0 un degr\u00e9 de complicit\u00e9 extr\u00eame. \u00ab\u00a0On n\u2019a m\u00eame plus besoin de se parler, un regard suffit\u00a0\u00bb, dit Hubert Colas. Les images vid\u00e9o de Pierre Nouvel accompagneront le texte. \u00ab\u00a0Il a retravaill\u00e9 des images de meutes de chiens film\u00e9es par un drone en for\u00eat, raconte Hubert Colas. Les chiens sont les compagnons du narrateur, amis ou ennemis.\u00a0\u00bb<\/p>\n<p>Un texte \u00e0 red\u00e9couvrir sur sc\u00e8ne \u00e0 Marseille et \u00e9galement sous forme de bande dessin\u00e9e au feutre sign\u00e9e Sylvain Bordesoules chez Gallimard, passionnant roman graphique. Par ailleurs, Thierry Raynaud donnera un atelier th\u00e9\u00e2tre au Zef samedi 17\u00a0mai, invitant \u00e0 explorer l\u2019art du jeu et de l\u2019interpr\u00e9tation.<\/p>\n<p>Le mardi 13\u00a0mai \u00e0 20h au Zef. 3\/15\u20ac.\u00a0Atelier th\u00e9\u00e2tre samedi 17\u00a0mai au Zef, de 11\u00a0h \u00e0 13\u00a0h et de 14\u00a0h \u00e0 17\u00a0h. 5 \u20ac. \u00c0 partir de 15\u00a0ans. lezef.org.<\/p>\n","protected":false},"excerpt":{"rendered":"Le premier roman de Simon Johannin, L\u2019\u00e9t\u00e9 des charognes, avait fait sensation lors de sa publication en janvier&hellip;\n","protected":false},"author":2,"featured_media":95528,"comment_status":"","ping_status":"","sticky":false,"template":"","format":"standard","meta":{"footnotes":""},"categories":[2814],"tags":[17,1111,11,20841,20840,251,1446,154,1777,674,1011,27,20839,884,12,16252,882,25,96],"class_list":{"0":"post-95527","1":"post","2":"type-post","3":"status-publish","4":"format-standard","5":"has-post-thumbnail","7":"category-marseille","8":"tag-17","9":"tag-actu","10":"tag-actualites","11":"tag-brutalite","12":"tag-charognes","13":"tag-culture","14":"tag-dans","15":"tag-des","16":"tag-eu","17":"tag-europe","18":"tag-fr","19":"tag-france","20":"tag-lete","21":"tag-marseille","22":"tag-news","23":"tag-plongee","24":"tag-provence-alpes-cote-dazur","25":"tag-republique-francaise","26":"tag-une"},"share_on_mastodon":{"url":"https:\/\/pubeurope.com\/@fr\/114497724271941847","error":""},"_links":{"self":[{"href":"https:\/\/www.europesays.com\/fr\/wp-json\/wp\/v2\/posts\/95527","targetHints":{"allow":["GET"]}}],"collection":[{"href":"https:\/\/www.europesays.com\/fr\/wp-json\/wp\/v2\/posts"}],"about":[{"href":"https:\/\/www.europesays.com\/fr\/wp-json\/wp\/v2\/types\/post"}],"author":[{"embeddable":true,"href":"https:\/\/www.europesays.com\/fr\/wp-json\/wp\/v2\/users\/2"}],"replies":[{"embeddable":true,"href":"https:\/\/www.europesays.com\/fr\/wp-json\/wp\/v2\/comments?post=95527"}],"version-history":[{"count":0,"href":"https:\/\/www.europesays.com\/fr\/wp-json\/wp\/v2\/posts\/95527\/revisions"}],"wp:featuredmedia":[{"embeddable":true,"href":"https:\/\/www.europesays.com\/fr\/wp-json\/wp\/v2\/media\/95528"}],"wp:attachment":[{"href":"https:\/\/www.europesays.com\/fr\/wp-json\/wp\/v2\/media?parent=95527"}],"wp:term":[{"taxonomy":"category","embeddable":true,"href":"https:\/\/www.europesays.com\/fr\/wp-json\/wp\/v2\/categories?post=95527"},{"taxonomy":"post_tag","embeddable":true,"href":"https:\/\/www.europesays.com\/fr\/wp-json\/wp\/v2\/tags?post=95527"}],"curies":[{"name":"wp","href":"https:\/\/api.w.org\/{rel}","templated":true}]}}