{"id":95531,"date":"2025-05-13T00:37:09","date_gmt":"2025-05-13T00:37:09","guid":{"rendered":"https:\/\/www.europesays.com\/fr\/95531\/"},"modified":"2025-05-13T00:37:09","modified_gmt":"2025-05-13T00:37:09","slug":"un-rassemblement-contre-lexpulsion-des-familles-de-gilibert-a-lyon","status":"publish","type":"post","link":"https:\/\/www.europesays.com\/fr\/95531\/","title":{"rendered":"Un rassemblement contre l&rsquo;expulsion des familles de Gilibert \u00e0 Lyon"},"content":{"rendered":"<p class=\"wp-block-post-excerpt__excerpt\">Un rassemblement est organis\u00e9 par le collectif Jamais sans toit, vendredi 16 mai pour s\u2019opposer \u00e0 l\u2019expulsion prochaine de l\u2019ancienne \u00e9cole Gilibert (Lyon 2e). Le rendez-vous est pr\u00e9vu \u00e0 17h devant la pr\u00e9fecture du Rh\u00f4ne (Lyon 3e). <\/p>\n<p class=\"font-sans\">\n\t\t\tCet article est en acc\u00e8s libre. Pour soutenir Rue89 Lyon,<br \/>\n\t\t\t<a class=\"underline\" href=\"https:\/\/www.rue89lyon.fr\/abonnement\/\" rel=\"nofollow noopener\" target=\"_blank\">abonnez-vous<\/a>.\n\t\t<\/p>\n<p>M\u00e9line Pulliat<\/p>\n<p>Publi\u00e9 le 12 mai 2025\u00a0\u00a0\u00b7\u00a0\u00a0<\/p>\n<p>Imprim\u00e9 le 13 mai 2025 \u00e0 02h22\u00a0\u00a0\u00b7\u00a0\u00a0<\/p>\n<p>\t\t\t\t\t2\u00a0minutes\n<\/p>\n<p>Le collectif Jamais sans toit appelle \u00e0 un rassemblement contre l\u2019expulsion des familles occupant l\u2019ancienne \u00e9cole Gilibert (Lyon 2e). Rendez-vous est donn\u00e9 vendredi 16 mai \u00e0 17h, devant la pr\u00e9fecture du Rh\u00f4ne (Rue Dunoir, Lyon 3e). Diff\u00e9rents collectifs de soutien ont <a href=\"https:\/\/www.instagram.com\/p\/DJhK8mhiQs_\/\" target=\"_blank\" rel=\"noreferrer noopener nofollow\">appel\u00e9 \u00e0 rejoindre ce rassemblement<\/a> afin de venir \u00ab\u00a0en appui \u00e0 la d\u00e9l\u00e9gation qui sera re\u00e7ue \u00e0 la pr\u00e9fecture pour trouver une solution\u00a0\u00bb.<\/p>\n<p>Pour rappel, une trentaine de personnes occupent actuellement les lieux : des familles, des femmes seules, 20 enfants, et un b\u00e9b\u00e9 de deux ans. La mairie de Lyon a entam\u00e9 une proc\u00e9dure d\u2019expulsion le 1er avril, au lendemain de la fin de la tr\u00eave hivernale. Selon Jamais sans toit, les occupants sont expulsables \u00e0 partir du 2 juin.<\/p>\n<p>\u00c0 lire sur Rue89Lyon<\/p>\n<p><a href=\"https:\/\/www.rue89lyon.fr\/2025\/04\/22\/apres-on-va-ou-a-lyon-lavenir-des-occupants-de-lecole-gilibert-en-suspens\/\" target=\"_blank\" rel=\"noreferrer noopener nofollow\">\u00ab Apr\u00e8s, on va o\u00f9 ?  \u00bb : \u00c0 Lyon,  l\u2019avenir des occupants de l\u2019\u00e9cole Gilibert en suspens<\/a><\/p>\n<p><a href=\"https:\/\/www.rue89lyon.fr\/2024\/12\/10\/a-lyon-sans-abri-ecole-gilibert-prises-en-charge-31-mars\/\" target=\"_blank\" rel=\"noreferrer noopener nofollow\">\u00c0 Lyon, les familles sans-abri de l\u2019\u00e9cole Gilibert prises en charge jusqu\u2019au 31 mars<\/a><\/p>\n<p>\t\t\u00c0 Lyon, un rassemblement de soutien \u00e0 Gilibert et autres occupations menac\u00e9es d\u2019expulsion<\/p>\n<p>Une situation qui fait \u00e9cho \u00e0 celle du quai Arloing (Lyon 9e), o\u00f9 se sont aussi install\u00e9es des femmes et des familles. Dans un communiqu\u00e9 du 11 mai, le collectif Solidarit\u00e9 entre femmes annonce avoir obtenu la prolongation de l\u2019occupation jusqu\u2019au 20 juin et un projet de mise \u00e0 disposition des b\u00e2timents vides de la M\u00e9tropole pour mettre \u00e0 l\u2019abri 120 personnes du collectif. Une solution \u00ab\u00a0pas suffisante\u00a0\u00bb, car ces places \u00ab\u00a0ne sont pas des logements p\u00e9rennes\u00a0\u00bb, rappelle le collectif.<\/p>\n<p>\u00c0 lire sur Rue89Lyon<\/p>\n<p><a href=\"https:\/\/www.rue89lyon.fr\/2024\/11\/07\/femmes-a-la-rue-a-lyon-un-deuxieme-squat-officiel-quai-arloing\/\" target=\"_blank\" rel=\"noreferrer noopener nofollow\">Femmes \u00e0 la rue :\u00a0\u00e0 Lyon, un deuxi\u00e8me \u00ab\u00a0squat officiel\u00a0\u00bb quai Arloing<\/a><\/p>\n<p><a href=\"https:\/\/www.rue89lyon.fr\/2024\/07\/26\/lyon-petit-sursis-femmes-sans-abri-squat-quai-arloing\/\" target=\"_blank\" rel=\"noreferrer noopener nofollow\">\u00c0 Lyon, un petit sursis pour les femmes sans-abri du squat du quai Arloing<\/a><\/p>\n<p>Dans ce communiqu\u00e9, Solidarit\u00e9 entre femmes \u00e0 la rue appelle \u00e0 rejoindre le rassemblement du vendredi 16 mai et mentionne \u00e9galement la menace d\u2019expulsion pesant sur les plus de 250 jeunes mineurs isol\u00e9s du campement des Chartreux.<\/p>\n<p>Le parc doit \u00eatre \u00e9vacu\u00e9 sur demande de la mairie de Lyon, car des travaux y sont pr\u00e9vus cet \u00e9t\u00e9. Le tribunal administratif a autoris\u00e9 la commune \u00e0 faire appel \u00e0 la force publique pour proc\u00e9der \u00e0 l\u2019\u00e9vacuation \u00e0 partir du 18 mai. Comme pour les occupants de l\u2019\u00e9cole Gilibert, aucune solution n\u2019est pour le moment pr\u00e9vue pour ces mineurs isol\u00e9s.<\/p>\n<p>\u00c0 lire sur Rue89Lyon<\/p>\n<p><a href=\"https:\/\/www.rue89lyon.fr\/2025\/04\/25\/face-a-leur-expulsion-du-parc-des-chartreux-des-mineurs-isoles-sans-solution\/\" target=\"_blank\" rel=\"noreferrer noopener nofollow\">Face \u00e0 leur expulsion du parc des Chartreux, des mineurs isol\u00e9s sans solution<\/a><\/p>\n<p><a href=\"https:\/\/www.rue89lyon.fr\/2025\/02\/13\/au-jardin-des-chartreux-le-perpetuel-retour-a-la-rue-des-mineurs-isoles-de-lyon\/\" target=\"_blank\" rel=\"noreferrer noopener nofollow\">Au jardin des Chartreux, le perp\u00e9tuel retour \u00e0 la rue des mineurs isol\u00e9s de Lyon<\/a><\/p>\n<p><script async src=\"\/\/www.instagram.com\/embed.js\"><\/script><\/p>\n","protected":false},"excerpt":{"rendered":"Un rassemblement est organis\u00e9 par le collectif Jamais sans toit, vendredi 16 mai pour s\u2019opposer \u00e0 l\u2019expulsion prochaine&hellip;\n","protected":false},"author":2,"featured_media":95532,"comment_status":"","ping_status":"","sticky":false,"template":"","format":"standard","meta":{"footnotes":""},"categories":[1889],"tags":[1111,11,2430,1777,674,1011,27,20842,2428,2088,12,25,15317],"class_list":{"0":"post-95531","1":"post","2":"type-post","3":"status-publish","4":"format-standard","5":"has-post-thumbnail","7":"category-lyon","8":"tag-actu","9":"tag-actualites","10":"tag-auvergne-rhone-alpes","11":"tag-eu","12":"tag-europe","13":"tag-fr","14":"tag-france","15":"tag-jamais-sans-toit","16":"tag-lyon","17":"tag-manifestation","18":"tag-news","19":"tag-republique-francaise","20":"tag-sans-abri"},"share_on_mastodon":{"url":"https:\/\/pubeurope.com\/@fr\/114497732540859223","error":""},"_links":{"self":[{"href":"https:\/\/www.europesays.com\/fr\/wp-json\/wp\/v2\/posts\/95531","targetHints":{"allow":["GET"]}}],"collection":[{"href":"https:\/\/www.europesays.com\/fr\/wp-json\/wp\/v2\/posts"}],"about":[{"href":"https:\/\/www.europesays.com\/fr\/wp-json\/wp\/v2\/types\/post"}],"author":[{"embeddable":true,"href":"https:\/\/www.europesays.com\/fr\/wp-json\/wp\/v2\/users\/2"}],"replies":[{"embeddable":true,"href":"https:\/\/www.europesays.com\/fr\/wp-json\/wp\/v2\/comments?post=95531"}],"version-history":[{"count":0,"href":"https:\/\/www.europesays.com\/fr\/wp-json\/wp\/v2\/posts\/95531\/revisions"}],"wp:featuredmedia":[{"embeddable":true,"href":"https:\/\/www.europesays.com\/fr\/wp-json\/wp\/v2\/media\/95532"}],"wp:attachment":[{"href":"https:\/\/www.europesays.com\/fr\/wp-json\/wp\/v2\/media?parent=95531"}],"wp:term":[{"taxonomy":"category","embeddable":true,"href":"https:\/\/www.europesays.com\/fr\/wp-json\/wp\/v2\/categories?post=95531"},{"taxonomy":"post_tag","embeddable":true,"href":"https:\/\/www.europesays.com\/fr\/wp-json\/wp\/v2\/tags?post=95531"}],"curies":[{"name":"wp","href":"https:\/\/api.w.org\/{rel}","templated":true}]}}