{"id":95551,"date":"2025-05-13T00:50:11","date_gmt":"2025-05-13T00:50:11","guid":{"rendered":"https:\/\/www.europesays.com\/fr\/95551\/"},"modified":"2025-05-13T00:50:11","modified_gmt":"2025-05-13T00:50:11","slug":"laccord-avec-les-etats-unis-donne-t-il-raison-aux-brexiteurs","status":"publish","type":"post","link":"https:\/\/www.europesays.com\/fr\/95551\/","title":{"rendered":"l\u2019accord avec les \u00c9tats-Unis donne-t-il raison aux brexiteurs ?"},"content":{"rendered":"<p>C&rsquo;\u00e9tait l&rsquo;un des\u00a0principaux arguments des partisans de la sortie de l&rsquo;Union europ\u00e9enne, lors du r\u00e9f\u00e9rendum de 2016 : la possibilit\u00e9, pour le Royaume-Uni, de n\u00e9gocier des accords commerciaux bilat\u00e9raux beaucoup plus favorables aux int\u00e9r\u00eats britanniques que ceux obtenus par Bruxelles.<\/p>\n<p>\u00ab Nous allons ouvrir un nouveau chapitre de notre histoire en signant des accords de libre-\u00e9change dans le monde entier, en plus de ceux que nous avons d\u00e9j\u00e0 avec 63 pays \u00bb, d\u00e9clarait alors Boris Johnson \u00e0 ses supporters alors qu&rsquo;il n\u00e9gociait la sortie de l&rsquo;UE en tant que Premier ministre apr\u00e8s le r\u00e9f\u00e9rendum. Douglas Carswell, \u00e9lu du Parti pour l&rsquo;ind\u00e9pendance du Royaume-Uni, avait de son c\u00f4t\u00e9 affirm\u00e9 en 2017 qu&rsquo;un accord de libre-\u00e9change avec les \u00c9tats-Unis serait \u00ab relativement facile \u00e0 obtenir. \u00bb<\/p>\n","protected":false},"excerpt":{"rendered":"C&rsquo;\u00e9tait l&rsquo;un des\u00a0principaux arguments des partisans de la sortie de l&rsquo;Union europ\u00e9enne, lors du r\u00e9f\u00e9rendum de 2016 :&hellip;\n","protected":false},"author":2,"featured_media":95552,"comment_status":"","ping_status":"","sticky":false,"template":"","format":"standard","meta":{"footnotes":""},"categories":[1588],"tags":[17,11,3396,20844,33,73,1777,674,20843,151,12,13637,473,1853,1851,1850,1852],"class_list":{"0":"post-95551","1":"post","2":"type-post","3":"status-publish","4":"format-standard","5":"has-post-thumbnail","7":"category-royaume-uni","8":"tag-17","9":"tag-actualites","10":"tag-avec","11":"tag-donne-t-il","12":"tag-economie","13":"tag-etats-unis","14":"tag-eu","15":"tag-europe","16":"tag-laccord","17":"tag-les","18":"tag-news","19":"tag-raison","20":"tag-royaume-uni","21":"tag-royaume-uni-de-grande-bretagne-et-dirlande-du-nord","22":"tag-uk","23":"tag-united-kingdom","24":"tag-united-kingdom-of-great-britain-and-northern-ireland"},"share_on_mastodon":{"url":"https:\/\/pubeurope.com\/@fr\/114497783424595887","error":""},"_links":{"self":[{"href":"https:\/\/www.europesays.com\/fr\/wp-json\/wp\/v2\/posts\/95551","targetHints":{"allow":["GET"]}}],"collection":[{"href":"https:\/\/www.europesays.com\/fr\/wp-json\/wp\/v2\/posts"}],"about":[{"href":"https:\/\/www.europesays.com\/fr\/wp-json\/wp\/v2\/types\/post"}],"author":[{"embeddable":true,"href":"https:\/\/www.europesays.com\/fr\/wp-json\/wp\/v2\/users\/2"}],"replies":[{"embeddable":true,"href":"https:\/\/www.europesays.com\/fr\/wp-json\/wp\/v2\/comments?post=95551"}],"version-history":[{"count":0,"href":"https:\/\/www.europesays.com\/fr\/wp-json\/wp\/v2\/posts\/95551\/revisions"}],"wp:featuredmedia":[{"embeddable":true,"href":"https:\/\/www.europesays.com\/fr\/wp-json\/wp\/v2\/media\/95552"}],"wp:attachment":[{"href":"https:\/\/www.europesays.com\/fr\/wp-json\/wp\/v2\/media?parent=95551"}],"wp:term":[{"taxonomy":"category","embeddable":true,"href":"https:\/\/www.europesays.com\/fr\/wp-json\/wp\/v2\/categories?post=95551"},{"taxonomy":"post_tag","embeddable":true,"href":"https:\/\/www.europesays.com\/fr\/wp-json\/wp\/v2\/tags?post=95551"}],"curies":[{"name":"wp","href":"https:\/\/api.w.org\/{rel}","templated":true}]}}