{"id":95559,"date":"2025-05-13T00:54:18","date_gmt":"2025-05-13T00:54:18","guid":{"rendered":"https:\/\/www.europesays.com\/fr\/95559\/"},"modified":"2025-05-13T00:54:18","modified_gmt":"2025-05-13T00:54:18","slug":"en-attendant-mylene-farmer-liberation","status":"publish","type":"post","link":"https:\/\/www.europesays.com\/fr\/95559\/","title":{"rendered":"en attendant Myl\u00e8ne Farmer \u2013 Lib\u00e9ration"},"content":{"rendered":"<p class=\"sc-ksZaOG ehjQrN text-element\"><b>Critiques, portraits, interviews\u2026 Suivez jour apr\u00e8s jour, toute l\u2019actu du Festival de Cannes avec les envoy\u00e9s sp\u00e9ciaux de Lib\u00e9ration.<\/b><\/p>\n<p><a href=\"https:\/\/www.liberation.fr\/tags\/festival-de-cannes\/\" class=\"sc-hZgfyJ ejgNQT\" rel=\"nofollow noopener\" target=\"_blank\"><img decoding=\"async\" alt=\"\" src=\"https:\/\/www.europesays.com\/fr\/wp-content\/uploads\/2025\/05\/https:\/\/cloudfront-eu-central-1.images.arcpublishing.com\/liberation\/EJVVJJM3CZBJPMGOML3B2QLRSE.png\" class=\"sc-hKpBwk fcgVsq\"\/><\/a><\/p>\n<p class=\"sc-ksZaOG ehjQrN text-element\">Depuis vendredi, les diff\u00e9rents accr\u00e9dit\u00e9s du Festival de Cannes (\u00abpresse\u00bb, \u00abprotocole\u00bb, \u00abfestival\u00bb\u2026) ont retrouv\u00e9 les joies simples et matinales (7 heures tous les jours) de la plateforme de r\u00e9servation des billets qui permettent d\u2018acc\u00e9der (ou pas, selon les jauges) aux diff\u00e9rentes projections qui vont blinder leur agenda pendant douze jours, de 8h30 \u00e0 minuit. La c\u00e9r\u00e9monie d\u2018ouverture, c\u2019est mardi soir, avec Laurent Lafitte en pr\u00e9sentateur smart et caustique. Speech de la pr\u00e9sidente, Juliette Binoche, palme d\u2018honneur pour l\u2019ensemble de sa carri\u00e8re \u00e0 Robert De Niro, prestation de Myl\u00e8ne Farmer, le contenu exact du d\u00e9roul\u00e9 de la soir\u00e9e est rest\u00e9 sous scell\u00e9.<\/p>\n<p class=\"sc-ksZaOG ehjQrN text-element\">L\u2019\u00e9poque est si charg\u00e9e en \u00e9v\u00e9nements g\u00e9opolitiques fracassants qu\u2019on a quelque peu oubli\u00e9 \u00e0 quel point il semblait improbable que ce raout du cin\u00e9ma mondial parvienne \u00e0 se relancer apr\u00e8s la p\u00e9riode Covid, sa premi\u00e8re \u00e9dition en juillet 2021 apr\u00e8s une ann\u00e9e blanche, avait des airs zombiesques de fin de r\u00e8gne. Mais les \u00e9ditions successives 2023 et 2024 ont d\u00e9montr\u00e9 le contraire sur fond de redistribution des forces quand on pensait que le tout-plateforme allait emporter le march\u00e9. Cannes, sous la pression d\u2018une exception culturelle continuant de prioriser la salle, ne laisse toujours pas entrer les films qui seraient destin\u00e9s \u00e0 contourner l\u2019\u00e9tape de la projection publique. Un postulat qui semble pure contrainte et qui a permis \u00e0 Venise de rafler certains gros produits anglo-saxons mais finalement en termes de prestige, Cannes, dans cette course \u00e0 handicap, a su sauvegarder sa pr\u00e9\u00e9minence, voire l\u2019augmenter en branchant plus que jamais son soft power sur les canaux des oscars rajeunis et plus inclusifs, <a href=\"https:\/\/www.liberation.fr\/culture\/cinema\/justine-triet-la-palme-apres-la-tempete-20230818_TBFFFAML3BAKNG4I45Y3BMRI4Q\/\" target=\"_blank\" rel=\"noreferrer nofollow noopener\" title=\"https:\/\/www.liberation.fr\/culture\/cinema\/justine-triet-la-palme-apres-la-tempete-20230818_TBFFFAML3BAKNG4I45Y3BMRI4Q\/\">entre le parcours de Justine Triet<\/a> pour Anatomie d\u2018une chute, celui de Jacques Audiard cette ann\u00e9e avec <a href=\"https:\/\/www.liberation.fr\/culture\/cinema\/avec-emilia-perez-jacques-audiard-est-a-feu-et-a-chant-20240820_APOTIDG3DJHDFPUD4AK7CZQY5A\/\" target=\"_blank\" rel=\"noreferrer nofollow noopener\" title=\"https:\/\/www.liberation.fr\/culture\/cinema\/avec-emilia-perez-jacques-audiard-est-a-feu-et-a-chant-20240820_APOTIDG3DJHDFPUD4AK7CZQY5A\/\">Emilia P\u00e9rez<\/a> et bien entendu, le sans-faute d\u2019<a href=\"https:\/\/www.liberation.fr\/culture\/cinema\/avec-anora-sean-baker-joue-sur-lescorte-sensible-20241029_DSKELRIC7RCHZC6SJYCVAL75EY\/\" target=\"_blank\" rel=\"noreferrer nofollow noopener\" title=\"https:\/\/www.liberation.fr\/culture\/cinema\/avec-anora-sean-baker-joue-sur-lescorte-sensible-20241029_DSKELRIC7RCHZC6SJYCVAL75EY\/\">Anora de Sean Baker<\/a>, palme d\u2018or puis oscar du meilleur film.<\/p>\n<p class=\"sc-ksZaOG ehjQrN text-element\">On verra pour cette 78e \u00e9dition ce qui surgit, se d\u00e9gage, sachant que personne n\u2019avait particuli\u00e8rement anticip\u00e9 le ph\u00e9nom\u00e8ne Anora l\u2019an pass\u00e9. C\u2019est aussi le plaisir du Festival que de permettre ces \u00e9piphanies qui sont aussi une fa\u00e7on de lutter contre l\u2019\u00e9crasement des \u00abcontenus\u00bb pris dans la pure logique de diffusion et de flux. Reste que cette confiance recouvr\u00e9e, il ne lui faut pas grand-chose pour qu\u2019elle vacille \u00e0 nouveau. Les annonces de Trump sur d\u2018hypoth\u00e9tiques taxes sur les films qui ne seraient pas tourn\u00e9s aux Etats-Unis ont plong\u00e9 de nombreux professionnels dans l\u2019expectative la plus compl\u00e8te, le niveau de visibilit\u00e9 de l\u2019administration en place \u00e9tant \u00e0 peu pr\u00e8s celle du Titanic le jour de sa rencontre malencontreuse avec un iceberg.<\/p>\n<p class=\"sc-ksZaOG ehjQrN text-element\">Depuis sa traditionnelle conf\u00e9rence de presse en avril, le d\u00e9l\u00e9gu\u00e9 g\u00e9n\u00e9ral a poursuivi le visionnage de quelques films rest\u00e9s en rade et fait monter \u00e0 bord plusieurs titres et cin\u00e9astes. En comp\u00e9tition, a \u00e9t\u00e9 ajout\u00e9 le nouveau film de la r\u00e9alisatrice britannique Lynne Ramsay dot\u00e9 d\u2018un casting chrom\u00e9 parfaitement calibr\u00e9 pour la mont\u00e9e des marches (Jennifer Lawrence, Robert Pattinson, Sissy Spacek\u2026). Titre du film : Die, My Love, l\u2019histoire du combat d\u2018une femme contre la folie. Autre arriv\u00e9e tardive, Woman and Child de Saeed Roustayi, figure embl\u00e9matique de la nouvelle g\u00e9n\u00e9ration du cin\u00e9ma iranien d\u00e9couvert avec <a href=\"https:\/\/www.liberation.fr\/culture\/cinema\/la-loi-de-teheran-jeu-de-dope-20210727_7VQE5E7MOJHNPITHRMV5SABIF4\/\" target=\"_blank\" rel=\"noreferrer nofollow noopener\" title=\"https:\/\/www.liberation.fr\/culture\/cinema\/la-loi-de-teheran-jeu-de-dope-20210727_7VQE5E7MOJHNPITHRMV5SABIF4\/\">la Loi de T\u00e9h\u00e9ran<\/a> puis <a href=\"https:\/\/www.liberation.fr\/culture\/cinema\/festival-de-cannes-leila-et-ses-freres-tuer-le-perse-20220525_LJ3ZF7VZGVHQRORD4GLL2B2CCA\/\" target=\"_blank\" rel=\"noreferrer nofollow noopener\" title=\"https:\/\/www.liberation.fr\/culture\/cinema\/festival-de-cannes-leila-et-ses-freres-tuer-le-perse-20220525_LJ3ZF7VZGVHQRORD4GLL2B2CCA\/\">Leila et ses fr\u00e8res<\/a> (qui \u00e9tait en comp\u00e9tition en 2022). V\u00e9ritable Arl\u00e9sienne de production, constamment annonc\u00e9 et retard\u00e9, le Chinois Bi Gan semble toujours en post-production mais Resurrection est bien cens\u00e9 parvenir \u00e0 terme pour les tout derniers jours du Festival. <a href=\"https:\/\/www.liberation.fr\/culture\/julia-ducourneau-hafsia-herzi-et-dominik-moll-la-selection-officielle-du-prochain-festival-de-cannes-revelee-20250410_5ACRQLYEJZDZRFHZVF5VIOOMWU\/\" target=\"_blank\" rel=\"nofollow noopener\" title=\"https:\/\/www.liberation.fr\/culture\/julia-ducourneau-hafsia-herzi-et-dominik-moll-la-selection-officielle-du-prochain-festival-de-cannes-revelee-20250410_5ACRQLYEJZDZRFHZVF5VIOOMWU\/\"><b>Rappel de nos m\u00e9ditations \u00e0 chaud apr\u00e8s la conf\u00e9rence de presse sous le signe du <\/b><b>\u00abglamour grave\u00bb<\/b><\/a><b>.<\/b><\/p>\n<p class=\"sc-ksZaOG ehjQrN text-element\">Elle est une habitu\u00e9e du festival o\u00f9 sa carri\u00e8re a v\u00e9ritablement pris naissance lors de la projection officielle de Rendez-vous d\u2018Andr\u00e9 T\u00e9chin\u00e9 en 1985. Quarante ans plus tard, <a href=\"https:\/\/www.liberation.fr\/idees-et-debats\/editorial\/juliette-binoche-tout-en-haut-des-marches-20250509_OTM3YZJ4NVA7XFR2F2DXDR5JVU\/\" target=\"_blank\" rel=\"nofollow noopener\" title=\"https:\/\/www.liberation.fr\/idees-et-debats\/editorial\/juliette-binoche-tout-en-haut-des-marches-20250509_OTM3YZJ4NVA7XFR2F2DXDR5JVU\/\">Juliette Binoche acc\u00e8de au statut de pr\u00e9sidente du jury<\/a> avec 22 films \u00e0 voir et \u00e9valuer en compagnie des membres de son jury, l\u2018actrice et cin\u00e9aste am\u00e9ricaine Halle Berry, la cin\u00e9aste indienne Payal Kapadia, l\u2019actrice italienne Alba Rohrwacher, la romanci\u00e8re franco-marocaine Le\u00efla Slimani, le r\u00e9alisateur et producteur congolais Dieudo Hamadi, le r\u00e9alisateur et sc\u00e9nariste cor\u00e9en Hong Sang-soo, le sc\u00e9nariste et producteur mexicain Carlos Reygadas et l\u2019acteur am\u00e9ricain Jeremy Strong. A quelques jours de sa transplantation cannoise, Juliette Binoche nous recevait at home pour \u00e9voquer les premiers films qui l\u2019ont marqu\u00e9e, le r\u00f4le de Cannes dans sa carri\u00e8re, le moment #MeToo et son acharnement \u00e0 d\u00e9fendre une certaine id\u00e9e exigeante de l\u2019auteurisme : <a href=\"https:\/\/www.liberation.fr\/culture\/juliette-binoche-presidente-du-jury-du-festival-de-cannes-2025-le-cinema-dauteur-il-faut-le-defendre-il-ne-decoule-pas-dune-logique-de-pure-rentabilite-20250509_M7HUQWLJ4ND7VJLGJPUFSYPRPM\/\" target=\"_blank\" rel=\"nofollow noopener\" title=\"https:\/\/www.liberation.fr\/culture\/juliette-binoche-presidente-du-jury-du-festival-de-cannes-2025-le-cinema-dauteur-il-faut-le-defendre-il-ne-decoule-pas-dune-logique-de-pure-rentabilite-20250509_M7HUQWLJ4ND7VJLGJPUFSYPRPM\/\"><b>\u00abLe cin\u00e9ma d\u2019auteur, il faut le d\u00e9fendre, il ne d\u00e9coule pas d\u2018une logique de pure rentabilit\u00e9\u00bb<\/b><\/a><\/p>\n<p class=\"sc-ksZaOG ehjQrN text-element\">Myl\u00e8ne Farmer a \u00e9t\u00e9 membre du jury en 2021. Elle a accept\u00e9 de se produire pour la c\u00e9r\u00e9monie d\u2018ouverture de Cannes pour une performance qualifi\u00e9e par communiqu\u00e9 officiel d\u2019\u00abexceptionnelle\u00bb. Comme chaque ann\u00e9e, Lib\u00e9ration soumet divers artistes et personnalit\u00e9s du cin\u00e9ma \u00e0 un petit questionnaire de Proust de la cin\u00e9philie existentielle. Le silence de Myl\u00e8ne Farmer \u00e9tant la condition sine qua non du myst\u00e8re entourant durablement sa personne et sa carri\u00e8re, on ne donnait pas cher de son d\u00e9sir de r\u00e9pondre favorablement \u00e0 notre demande bien que le niveau d\u2018intrusion perso reste ici mesur\u00e9, la question \u00abPlut\u00f4t muesli ou croissant au petit d\u00e9j ?\u00bb, \u00abPrenez-vous des vitamines avant de monter sur sc\u00e8ne ?\u00bb ayant \u00e9t\u00e9 prestement censur\u00e9es. \u00abMyl\u00e8ne accepte\u00bb, nous a r\u00e9pondu son manager, Thierry Suc. Les r\u00e9ponses sont arriv\u00e9es dans la foul\u00e9e. <a href=\"https:\/\/www.liberation.fr\/culture\/la-lecon-de-piano-king-kong-lynch-mylene-farmer-nous-fait-son-cinema-20250512_MNQJVD6KKNABJIDV2QTKG4PEVI\/\" target=\"_blank\" rel=\"noreferrer nofollow noopener\" title=\"https:\/\/www.liberation.fr\/culture\/la-lecon-de-piano-king-kong-lynch-mylene-farmer-nous-fait-son-cinema-20250512_MNQJVD6KKNABJIDV2QTKG4PEVI\/\"><b>\u00abLa Le\u00e7on de piano\u00bb, \u00abKing Kong\u00bb, Lynch\u2026 Myl\u00e8ne Farmer nous fait son cin\u00e9ma.<\/b><\/a><\/p>\n<p class=\"sc-ksZaOG ehjQrN text-element\">Longtemps tr\u00e8s masculin, le jury cannois s\u2019est petit \u00e0 petit f\u00e9minis\u00e9 et atteint r\u00e9guli\u00e8rement la parit\u00e9 depuis les ann\u00e9es 2010.<\/p>\n<p class=\"sc-ksZaOG ehjQrN text-element\">Lib\u00e9ration sera pr\u00e9sent \u00e0 Cannes pour un traitement complet de l\u2019actualit\u00e9 du Festival. Nos envoy\u00e9s sp\u00e9ciaux ne m\u00e9nageront pas leurs efforts pour vous faire partager engouements, d\u00e9testations, d\u00e9couvertes, commentaires sur les pol\u00e9miques en cours, pour suivre l\u2019actualit\u00e9 sociale et politique de la Croisette, portraiturer les gens connus et inconnus\u2026 Marie Rouge, photographe attitr\u00e9e de Lib\u00e9 pour cette \u00e9dition, r\u00e9v\u00e9lera r\u00e9guli\u00e8rement sous forme de diaporama ce qui a attir\u00e9 son regard entre deux rendez-vous pour photographier cin\u00e9astes, actrices et acteurs. <a href=\"https:\/\/www.liberation.fr\/culture\/festival-de-cannes-2025-critiques-journal-de-bord-newsletter-demandez-le-programme-a-libe-20250509_MEFNF3HFARDL5A74FDN6GNIEJQ\/\" target=\"_blank\" rel=\"nofollow noopener\" title=\"https:\/\/www.liberation.fr\/culture\/festival-de-cannes-2025-critiques-journal-de-bord-newsletter-demandez-le-programme-a-libe-20250509_MEFNF3HFARDL5A74FDN6GNIEJQ\/\"><b>Demandez le programme !<\/b><\/a><\/p>\n<p class=\"sc-ksZaOG ehjQrN text-element\"><b>Le jeu est simple : on vous donne un extrait d\u2018une critique cin\u00e9 parue dans <\/b><b>Lib\u00e9ration<\/b><b> \u00e0 l\u2019\u00e9poque, \u00e0 vous de retrouver de quel film il s\u2019agit !<\/b><\/p>\n<p class=\"sc-ksZaOG ehjQrN text-element\">\u00abDans ce film d\u2018une grande ambition, politique, formelle, existentielle, le r\u00e9alisateur \u00e9tale sur tout Marseille ses gros moyens de tabasseur [\u2026]. Ce n\u2019est m\u00eame pas de droite, c\u2019est pire.\u00bb<\/p>\n<p class=\"sc-ksZaOG ehjQrN text-element\">Macron parle dans le poste autour du \u00abmoment g\u00e9opolitique grave qui cr\u00e9e un trouble profond chez les Fran\u00e7ais\u00bb. Il sera 20 heures, soit pile apr\u00e8s l\u2019heure de c\u00e9r\u00e9monie d\u2018ouverture qui sera, elle aussi, plus ou moins politique en fonction de ce que les uns et les autres s\u2019accordent \u00e0 dire. La l\u00e9g\u00e8ret\u00e9 sera au rendez-vous avec le film d\u2018ouverture, <b>Partir un jour,<\/b> bluette d\u2018Am\u00e9lie Bonnin, extension de son court m\u00e9trage avec les m\u00eames acteurs, <a href=\"https:\/\/www.liberation.fr\/portraits\/juliette-armanet-lamour-a-facettes-20230913_IYXNDRSS4FCCTEKNZVHMR7BGXM\/\" target=\"_blank\" rel=\"nofollow noopener\" title=\"https:\/\/www.liberation.fr\/portraits\/juliette-armanet-lamour-a-facettes-20230913_IYXNDRSS4FCCTEKNZVHMR7BGXM\/\">Juliette Armanet<\/a> et <a href=\"https:\/\/www.liberation.fr\/portraits\/bastien-bouillon-bon-homme-20240506_4FQOWUX2P5FV3E6B3BQYQ34DDQ\/\" target=\"_blank\" rel=\"noreferrer nofollow noopener\" title=\"https:\/\/www.liberation.fr\/portraits\/bastien-bouillon-bon-homme-20240506_4FQOWUX2P5FV3E6B3BQYQ34DDQ\/\">Bastien Bouillon<\/a>. Critique pas emball\u00e9e \u00e0 pr\u00e9voir, d\u00e9sol\u00e9 de casser l\u2019ambiance d\u2018entr\u00e9e de jeu en d\u00e9pit de notre passion karaok\u00e9 largement document\u00e9e (si, si\u2026).<\/p>\n<p class=\"sc-ksZaOG ehjQrN text-element\">On fera aussi le point sur l\u2019actualit\u00e9 des <b>mobilisations du secteur cin\u00e9ma pour alerter sur la situation \u00e0 Gaza<\/b> et si les gens sont sympas, on aura un deuxi\u00e8me \u00e9pisode du questionnaire <b>Projo priv\u00e9e,<\/b> tous ceux qui ont d\u2018ores et d\u00e9j\u00e0 dit non s\u2019en mordent d\u00e9j\u00e0 les doigts.<\/p>\n","protected":false},"excerpt":{"rendered":"Critiques, portraits, interviews\u2026 Suivez jour apr\u00e8s jour, toute l\u2019actu du Festival de Cannes avec les envoy\u00e9s sp\u00e9ciaux de&hellip;\n","protected":false},"author":2,"featured_media":95560,"comment_status":"","ping_status":"","sticky":false,"template":"","format":"standard","meta":{"footnotes":""},"categories":[2],"tags":[11,5634,1011,27,12,25],"class_list":{"0":"post-95559","1":"post","2":"type-post","3":"status-publish","4":"format-standard","5":"has-post-thumbnail","7":"category-actualites","8":"tag-actualites","9":"tag-festival-de-cannes","10":"tag-fr","11":"tag-france","12":"tag-news","13":"tag-republique-francaise"},"share_on_mastodon":{"url":"https:\/\/pubeurope.com\/@fr\/114497799081208567","error":""},"_links":{"self":[{"href":"https:\/\/www.europesays.com\/fr\/wp-json\/wp\/v2\/posts\/95559","targetHints":{"allow":["GET"]}}],"collection":[{"href":"https:\/\/www.europesays.com\/fr\/wp-json\/wp\/v2\/posts"}],"about":[{"href":"https:\/\/www.europesays.com\/fr\/wp-json\/wp\/v2\/types\/post"}],"author":[{"embeddable":true,"href":"https:\/\/www.europesays.com\/fr\/wp-json\/wp\/v2\/users\/2"}],"replies":[{"embeddable":true,"href":"https:\/\/www.europesays.com\/fr\/wp-json\/wp\/v2\/comments?post=95559"}],"version-history":[{"count":0,"href":"https:\/\/www.europesays.com\/fr\/wp-json\/wp\/v2\/posts\/95559\/revisions"}],"wp:featuredmedia":[{"embeddable":true,"href":"https:\/\/www.europesays.com\/fr\/wp-json\/wp\/v2\/media\/95560"}],"wp:attachment":[{"href":"https:\/\/www.europesays.com\/fr\/wp-json\/wp\/v2\/media?parent=95559"}],"wp:term":[{"taxonomy":"category","embeddable":true,"href":"https:\/\/www.europesays.com\/fr\/wp-json\/wp\/v2\/categories?post=95559"},{"taxonomy":"post_tag","embeddable":true,"href":"https:\/\/www.europesays.com\/fr\/wp-json\/wp\/v2\/tags?post=95559"}],"curies":[{"name":"wp","href":"https:\/\/api.w.org\/{rel}","templated":true}]}}