{"id":95561,"date":"2025-05-13T00:55:14","date_gmt":"2025-05-13T00:55:14","guid":{"rendered":"https:\/\/www.europesays.com\/fr\/95561\/"},"modified":"2025-05-13T00:55:14","modified_gmt":"2025-05-13T00:55:14","slug":"om-voyage-a-madrid-avant-la-fin-du-bal-au-velodrome-la-fete-nest-pas-finie-pour-les-olympiens","status":"publish","type":"post","link":"https:\/\/www.europesays.com\/fr\/95561\/","title":{"rendered":"OM. Voyage \u00e0 Madrid avant la fin du bal au V\u00e9lodrome, la f\u00eate n\u2019est pas finie pour les Olympiens"},"content":{"rendered":"<p>Jamais une \u00e9quipe, priv\u00e9e de coupe d\u2019Europe, n\u2019a autant sillonn\u00e9 le Vieux continent. Apr\u00e8s<a href=\"https:\/\/www.laprovence.com\/article\/om\/3229266702713114\/om-au-danemark-une-viree-entre-amis-zoom-sur-le-voyage-entre-joueurs-a-copenhague\" target=\"_blank\" rel=\"noopener\"> le Danemark<\/a> en fin d\u2019ann\u00e9e, puis <a href=\"https:\/\/www.laprovence.com\/article\/om\/11432215485503\/om-tout-savoir-et-tout-comprendre-sur-le-stage-a-l-etranger-voulu-par-de-zerbi-et-sa-direction\" target=\"_blank\" rel=\"noopener\">l\u2019Italie<\/a> \u00e0 l\u2019aube du sprint final, <a href=\"https:\/\/www.laprovence.com\/article\/om\/1852103060484715\/om-les-olympiens-en-sejour-a-madrid-pour-feter-la-qualification\" target=\"_blank\" rel=\"noopener\">place \u00e0 l\u2019Espagne<\/a> pour une derni\u00e8re danse entre amis. Ce s\u00e9jour \u00e0 l\u2019\u00e9tranger, contrairement au dernier, sera doux et l\u00e9ger. Il aurait pu \u00eatre monacal et solennel, sans l\u2019enivrant concours de circonstances du samedi soir, ce succ\u00e8s normand (1-3) conjugu\u00e9 aux revers des concurrents, synonyme de qualification en Ligue des champions.<\/p>\n<p>Mission accomplie, les partisans du ritiro, nombreux sur les hauteurs de La Commanderie, n\u2019ont plus besoin de d\u00e9gainer leur joker, m\u00eame si la r\u00e9ception de Rennes, samedi soir (21\u00a0heures), ne compte pas pour du beurre. Mais pas question de tirer un trait sur ces escapades \u00e0 l\u2019\u00e9tranger, vivifiantes pour le jeu et l\u2019humeur des Marseillais.<\/p>\n<p>Apr\u00e8s Copenhague, place \u00e0 Madrid<\/p>\n<p>Ins\u00e9parables, Leonardo Balerdi et sa bande ont souhait\u00e9 replonger. Cela se fera donc sur leurs jours de cong\u00e9, loin des terrains, des alt\u00e8res, et de sup\u00e9rieurs parfois intimidants. \u00c0 l\u2019instar de leur escale \u00e0 Copenhague, \u00e0 la mi-d\u00e9cembre, organis\u00e9e par et pour les joueurs. Escort\u00e9s par quelques encadrants, charg\u00e9s de la logistique et d\u2019assurer leur s\u00e9curit\u00e9, les Olympiens auront le champ libre pour prolonger le plaisir dans les rues de Madrid. <a href=\"https:\/\/www.laprovence.com\/article\/om\/44746938113814\/om-du-aux-armes-au-havre-aux-fumigenes-a-marignane-les-coulisses-d-une-nuit-au-paradis\" target=\"_blank\" rel=\"noopener\">F\u00eater comme il se doit cette place sur le podium<\/a>, arrach\u00e9e au bout d\u2019une saison aussi palpitante qu\u2019\u00e9reintante. Une vie condens\u00e9e en dix mois, m\u00ealant l\u2019euphorie et l\u2019espoir de se m\u00ealer \u00e0 la lutte pour le titre, avant que le PSG ne devienne la meilleure \u00e9quipe d\u2019Europe (puis la deuxi\u00e8me le 31\u00a0mai, on l\u2019esp\u00e8re), \u00e0 la d\u00e9tresse, l\u2019injustice et la peur de tout perdre, quand l\u2019Olympique a piqu\u00e9 sa crise au cr\u00e9puscule de l\u2019hiver.<\/p>\n","protected":false},"excerpt":{"rendered":"Jamais une \u00e9quipe, priv\u00e9e de coupe d\u2019Europe, n\u2019a autant sillonn\u00e9 le Vieux continent. Apr\u00e8s le Danemark en fin&hellip;\n","protected":false},"author":2,"featured_media":95562,"comment_status":"","ping_status":"","sticky":false,"template":"","format":"standard","meta":{"footnotes":""},"categories":[2],"tags":[17,11,3917,14064,5729,1011,27,9471,12,149,25,957,586],"class_list":{"0":"post-95561","1":"post","2":"type-post","3":"status-publish","4":"format-standard","5":"has-post-thumbnail","7":"category-actualites","8":"tag-17","9":"tag-actualites","10":"tag-avant","11":"tag-bal","12":"tag-fin","13":"tag-fr","14":"tag-france","15":"tag-madrid","16":"tag-news","17":"tag-om","18":"tag-republique-francaise","19":"tag-velodrome","20":"tag-voyage"},"share_on_mastodon":{"url":"https:\/\/pubeurope.com\/@fr\/114497802926815772","error":""},"_links":{"self":[{"href":"https:\/\/www.europesays.com\/fr\/wp-json\/wp\/v2\/posts\/95561","targetHints":{"allow":["GET"]}}],"collection":[{"href":"https:\/\/www.europesays.com\/fr\/wp-json\/wp\/v2\/posts"}],"about":[{"href":"https:\/\/www.europesays.com\/fr\/wp-json\/wp\/v2\/types\/post"}],"author":[{"embeddable":true,"href":"https:\/\/www.europesays.com\/fr\/wp-json\/wp\/v2\/users\/2"}],"replies":[{"embeddable":true,"href":"https:\/\/www.europesays.com\/fr\/wp-json\/wp\/v2\/comments?post=95561"}],"version-history":[{"count":0,"href":"https:\/\/www.europesays.com\/fr\/wp-json\/wp\/v2\/posts\/95561\/revisions"}],"wp:featuredmedia":[{"embeddable":true,"href":"https:\/\/www.europesays.com\/fr\/wp-json\/wp\/v2\/media\/95562"}],"wp:attachment":[{"href":"https:\/\/www.europesays.com\/fr\/wp-json\/wp\/v2\/media?parent=95561"}],"wp:term":[{"taxonomy":"category","embeddable":true,"href":"https:\/\/www.europesays.com\/fr\/wp-json\/wp\/v2\/categories?post=95561"},{"taxonomy":"post_tag","embeddable":true,"href":"https:\/\/www.europesays.com\/fr\/wp-json\/wp\/v2\/tags?post=95561"}],"curies":[{"name":"wp","href":"https:\/\/api.w.org\/{rel}","templated":true}]}}