{"id":95581,"date":"2025-05-13T01:07:32","date_gmt":"2025-05-13T01:07:32","guid":{"rendered":"https:\/\/www.europesays.com\/fr\/95581\/"},"modified":"2025-05-13T01:07:32","modified_gmt":"2025-05-13T01:07:32","slug":"un-demi-siecle-de-photographie-engagee-sebastiao-salgado-sexpose-a-deauville","status":"publish","type":"post","link":"https:\/\/www.europesays.com\/fr\/95581\/","title":{"rendered":"Un demi-si\u00e8cle de photographie engag\u00e9e: Sebasti\u00e3o Salgado s\u2019expose \u00e0 Deauville"},"content":{"rendered":"<p>Dans le monde de la photographie, le Br\u00e9silien <a href=\"https:\/\/www.geo.fr\/animaux\/au-bresil-le-photographe-sebastiao-salgado-et-sa-femme-ont-replante-600-hectares-de-foret-tropicale-195457\" target=\"_blank\" rel=\"noopener\">Sebasti\u00e3o Salgado<\/a> est un g\u00e9ant, dont certains clich\u00e9s en noir et blanc ont atteint le statut d\u2019ic\u00f4nes. Dans le cadre de la Saison France-Br\u00e9sil 2025, 166 de ses tirages, issus de la vaste collection de la <a href=\"https:\/\/www.mep-fr.org\/\" target=\"_blank\" rel=\"noopener\">Maison europ\u00e9enne de la photographie<\/a>, \u00e0 Paris, sont pr\u00e9sent\u00e9s aux Franciscaines de <a href=\"https:\/\/www.geo.fr\/voyage\/photos-decouvrir-deauville-en-10-lieux-incontournables-167246\" target=\"_blank\" rel=\"noopener\">Deauville<\/a>, un ancien couvent chang\u00e9 en centre culturel.<\/p>\n<p>Les photographies en noir et blanc de Salgado ont fait le tour du monde<\/p>\n<p>On y retrouve des oeuvres de ses d\u00e9buts, dans les ann\u00e9es 1970, puis les s\u00e9ries titanesques qui ont fait la r\u00e9putation de ce for\u00e7at de l\u2019image : de La Main de l\u2019homme (1986-1992), hommage au travail manuel, incluant les c\u00e9l\u00e8bres photos de la mine d\u2019or de Serra Pelada au Br\u00e9sil, jusqu\u2019\u00e0 Genesis (2004-2012), qui montre des r\u00e9gions de notre plan\u00e8te ayant \u00e9chapp\u00e9 \u00e0 la folie du monde moderne \u2013 et dont 75 tirages sont visibles ici.<\/p>\n<p>\t\t\t\t<img decoding=\"async\" src=\"https:\/\/www.europesays.com\/fr\/wp-content\/uploads\/2025\/05\/1747098452_377_picture.jpg\"  class=\"apply-ratio\"\/>Un exposition photo de Sebasti\u00e3o Salgado \u00e0 ne pas manquer \u00e0 Deauville.\u00a0 \u00a9 Sebasti\u00e3o SalgadoUn fort engagement social et environnemental<\/p>\n<p>En cinquante ans \u00e0 arpenter le globe, Salgado n\u2019a pas seulement forg\u00e9 un langage graphique d\u2019une force inou\u00efe. Il l\u2019a aussi mis au service d\u2019un engagement social et environnemental \u00e0 port\u00e9e universelle.<\/p>\n<p>Sebasti\u00e3o Salgado, collection de la MEP, aux <a href=\"https:\/\/lesfranciscaines.fr\/fr\" target=\"_blank\" rel=\"noopener\">Franciscaines de Deauville<\/a>, jusqu\u2019au 1er juin 2025.<\/p>\n<p>\u27a4 Article paru dans le <a href=\"https:\/\/www.prismashop.fr\/vn\/les-archives-de-geo\/VNHGE121.html\" target=\"_blank\" rel=\"noopener\">magazine HS GEO, n\u00b0126, Dolce vita en Italie<\/a>, de avril-mai 2025.<\/p>\n<p>\u27a4 Pour voir tous les num\u00e9ros de GEO<a href=\"https:\/\/www.prismashop.fr\/tous-les-magazines\/connaissance-et-voyage\/geo\/les-archives-de-geo.html?code=SIEVNGEO&amp;utm_source=geo-fr&amp;utm_medium=sites-editos&amp;utm_campaign=article&amp;utm_content=vn\" target=\"_blank\" rel=\"noopener\"> <\/a><a href=\"https:\/\/www.prismashop.fr\/tous-les-magazines\/connaissance-et-voyage\/geo\/les-archives-de-geo.html?code=SIEVNGEO&amp;utm_source=geo-fr&amp;utm_medium=sites-editos&amp;utm_campaign=article&amp;utm_content=vn\" target=\"_blank\" rel=\"noopener\">disponibles \u00e0 l\u2019unit\u00e9, c\u2019est par ici<\/a> ! Vous \u00eates d\u00e9j\u00e0 fid\u00e8le au contenu GEO ? Alors pour ne rien manquer, d\u00e9couvrez<a href=\"https:\/\/www.prismashop.fr\/tous-les-magazines\/connaissance-et-voyage\/geo.html?code=SIEPMSGEO&amp;utm_source=geo-fr&amp;utm_medium=sites-editos&amp;utm_campaign=article&amp;utm_content=pms\" target=\"_blank\" rel=\"noopener\"> <\/a><a href=\"https:\/\/www.prismashop.fr\/tous-les-magazines\/connaissance-et-voyage\/geo.html?code=SIEPMSGEO&amp;utm_source=geo-fr&amp;utm_medium=sites-editos&amp;utm_campaign=article&amp;utm_content=pms\" target=\"_blank\" rel=\"noopener\">nos formules d&rsquo;abonnement<\/a> pour recevoir chaque mois GEO chez vous en toute simplicit\u00e9.<\/p>\n","protected":false},"excerpt":{"rendered":"Dans le monde de la photographie, le Br\u00e9silien Sebasti\u00e3o Salgado est un g\u00e9ant, dont certains clich\u00e9s en noir&hellip;\n","protected":false},"author":2,"featured_media":95582,"comment_status":"","ping_status":"","sticky":false,"template":"","format":"standard","meta":{"footnotes":""},"categories":[1358],"tags":[1348,1384,1385,1129,1386,58,59,3293,1011,27,2745],"class_list":{"0":"post-95581","1":"post","2":"type-post","3":"status-publish","4":"format-standard","5":"has-post-thumbnail","7":"category-arts-et-design","8":"tag-arts","9":"tag-arts-and-design","10":"tag-arts-et-design","11":"tag-climat","12":"tag-design","13":"tag-divertissement","14":"tag-entertainment","15":"tag-exposition","16":"tag-fr","17":"tag-france","18":"tag-photo"},"share_on_mastodon":{"url":"https:\/\/pubeurope.com\/@fr\/114497850145362421","error":""},"_links":{"self":[{"href":"https:\/\/www.europesays.com\/fr\/wp-json\/wp\/v2\/posts\/95581","targetHints":{"allow":["GET"]}}],"collection":[{"href":"https:\/\/www.europesays.com\/fr\/wp-json\/wp\/v2\/posts"}],"about":[{"href":"https:\/\/www.europesays.com\/fr\/wp-json\/wp\/v2\/types\/post"}],"author":[{"embeddable":true,"href":"https:\/\/www.europesays.com\/fr\/wp-json\/wp\/v2\/users\/2"}],"replies":[{"embeddable":true,"href":"https:\/\/www.europesays.com\/fr\/wp-json\/wp\/v2\/comments?post=95581"}],"version-history":[{"count":0,"href":"https:\/\/www.europesays.com\/fr\/wp-json\/wp\/v2\/posts\/95581\/revisions"}],"wp:featuredmedia":[{"embeddable":true,"href":"https:\/\/www.europesays.com\/fr\/wp-json\/wp\/v2\/media\/95582"}],"wp:attachment":[{"href":"https:\/\/www.europesays.com\/fr\/wp-json\/wp\/v2\/media?parent=95581"}],"wp:term":[{"taxonomy":"category","embeddable":true,"href":"https:\/\/www.europesays.com\/fr\/wp-json\/wp\/v2\/categories?post=95581"},{"taxonomy":"post_tag","embeddable":true,"href":"https:\/\/www.europesays.com\/fr\/wp-json\/wp\/v2\/tags?post=95581"}],"curies":[{"name":"wp","href":"https:\/\/api.w.org\/{rel}","templated":true}]}}