{"id":95585,"date":"2025-05-13T01:09:10","date_gmt":"2025-05-13T01:09:10","guid":{"rendered":"https:\/\/www.europesays.com\/fr\/95585\/"},"modified":"2025-05-13T01:09:10","modified_gmt":"2025-05-13T01:09:10","slug":"dans-c-a-vous-jacques-legros-devoile-le-contenu-de-son-dernier-mot-humoristique-a-marie-sophie-lacarrau","status":"publish","type":"post","link":"https:\/\/www.europesays.com\/fr\/95585\/","title":{"rendered":"Dans \u00ab\u00a0C \u00e0 vous\u00a0\u00bb, Jacques Legros d\u00e9voile le contenu de son dernier mot (humoristique) \u00e0 Marie-Sophie Lacarrau"},"content":{"rendered":"<p>        <img decoding=\"async\" loading=\"lazy\" src=\"https:\/\/www.europesays.com\/fr\/wp-content\/uploads\/2025\/05\/cd6c856_sirius-fs-upload-1-3tdhgr8r7bwt-1747081591871-capture-da-a-cran-2025-05-12-222612.png\"  width=\"728\" height=\"409\" alt=\"Dans \u00ab\u00a0C \u00e0 vous\u00a0\u00bb, Jacques Legros a partag\u00e9 ce lundi 12\u00a0mai le contenu du dernier petit mot adress\u00e9 \u00e0 la pr\u00e9sentatrice Marie-Sophie Lacarrau.\"\/>  <\/p>\n<p>C \u00e0 vous France 5<\/p>\n<p>Dans \u00ab\u00a0C \u00e0 vous\u00a0\u00bb, Jacques Legros a partag\u00e9 ce lundi 12\u00a0mai le contenu du dernier petit mot adress\u00e9 \u00e0 la pr\u00e9sentatrice Marie-Sophie Lacarrau.<\/p>\n<p class=\"asset asset-text\">PEOPLE &#8211; \u00ab\u00a0J\u2019ai d\u00e9missionn\u00e9 du saint-si\u00e8ge du JT\u00a0!\u00a0\u00bb. Dans l\u2019\u00e9mission C \u00e0 vous, sur France 5, le \u00ab\u00a0jeune\u00a0\u00bb retrait\u00e9 du\u00a0<a href=\"https:\/\/www.huffingtonpost.fr\/divertissement\/article\/anne-sophie-lapix-n-a-pas-pu-retenir-son-fou-rire-sur-france-2-en-faisant-cette-transition-au-jt_242201.html\" target=\"_blank\" rel=\"noopener\">journal t\u00e9l\u00e9vis\u00e9<\/a> de 13h de <a href=\"https:\/\/www.huffingtonpost.fr\/politique\/article\/emmanuel-macron-sur-tf1-le-13-mai-pour-une-soiree-evenement-les-defis-de-la-france_249649.html\" target=\"_blank\" rel=\"noopener\">TF1<\/a>, Jacques Legros a partag\u00e9 ce lundi 12\u00a0mai le contenu du dernier petit mot envoy\u00e9 \u00e0 la pr\u00e9sentatrice <a href=\"https:\/\/www.huffingtonpost.fr\/medias\/article\/marie-sophie-lacarrau-de-retour-au-13h-sur-tf1-ce-lundi-16-mai_196394.html\" target=\"_blank\" rel=\"noopener\">Marie-Sophie Lacarrau.<\/a><\/p>\n<p class=\"asset asset-text\">\u00ab\u00a0Il y a une tradition qui va me manquer, c\u2019est la n\u00f4tre, quand on se laissait un petit mot sur le bureau\u00a0\u00bb, avait confi\u00e9 d\u00e9but mai Marie-Sophie Lacarrau, dans une vid\u00e9o d\u2019adieu \u00e0 son comparse publi\u00e9e sur ses r\u00e9seaux sociaux. Avant d\u2019ajouter\u00a0: \u00ab\u00a0j\u2019ai d\u00e9j\u00e0 h\u00e2te de lire celui que tu vas me d\u00e9poser\u00a0!\u00a0\u00bb<\/p>\n<p class=\"asset asset-text\">Bien \u00e9videmment, Jacques Legros n\u2019a pas d\u00e9rog\u00e9 \u00e0 la r\u00e8gle. Avant de partir le 9\u00a0mai dernier, il a \u00e9crit quelques lignes \u00e0 sa coll\u00e8gue de la cha\u00eene priv\u00e9e. Ce lundi soir, sur le plateau de C \u00e0 vous, Jacques Legros r\u00e9v\u00e8le ce qu\u2019il y avait r\u00e9dig\u00e9\u00a0: \u00ab\u00a0J\u2019avais \u00e9crit\u00a0: \u201cPartir au moment o\u00f9 un pape arrive, c\u2019est quand m\u00eame la classe\u201d.\u00a0\u00bb Effectivement, le jour de ses adieux le 9\u00a0mai, l\u2019Am\u00e9ricain Robert Francis Prevost est devenu le pape\u00a0L\u00e9on XIV, \u00e9lu pour remplacer le d\u00e9funt pape Fran\u00e7ois.<\/p>\n<p>    \u00ab\u00a0Le pape de l\u2019info\u00a0!\u00a0\u00bb    <\/p>\n<p class=\"asset asset-text\">\u00ab\u00a0C\u2019est vrai que c\u2019est la classe\u00a0! Vous avez fait votre pontificat\u00a0!\u00a0\u00bb, s\u2019exclame alors l\u2019animatrice Anne-\u00c9lisabeth Lemoine, alors que les rires des chroniqueurs fusent, <strong>comme vous pouvez l\u2019entendre dans la s\u00e9quence ci-dessous<\/strong>. \u00ab\u00a0J\u2019\u00e9tais un peu le pape de l\u2019info\u00a0!\u00a0\u00bb, lui r\u00e9pond avec une pointe de malice Jacques Legros.<\/p>\n<p> La lecture de ce contenu est susceptible d\u2019entra\u00eener un d\u00e9p\u00f4t de cookies de la part de l\u2019op\u00e9rateur tiers qui l\u2019h\u00e9berge. Compte-tenu des choix que vous avez exprim\u00e9s en mati\u00e8re de d\u00e9p\u00f4t de cookies, nous avons bloqu\u00e9 l\u2019affichage de ce contenu. Si vous souhaitez y acc\u00e9der, vous devez accepter la cat\u00e9gorie de cookies \u201cContenus tiers\u201d en cliquant sur le bouton ci-dessous. <\/p>\n<p> Lire la Vid\u00e9o        <\/p>\n<p class=\"asset asset-text\">Le d\u00e9sormais ex-pr\u00e9sentateur, \u00e2g\u00e9 de 74\u00a0ans, affirme \u00e9galement que la direction de TF1\u00a0ne l\u2019a jamais pouss\u00e9 \u00e0 faire ses valises\u00a0: \u00ab\u00a0L\u2019\u00e2ge n\u2019a jamais \u00e9t\u00e9 un sujet.\u00a0\u00bb<\/p>\n<p class=\"asset asset-text\">Le joker du 13h de TF1 depuis 26\u00a0ans c\u00e8de son \u00ab\u00a0saint-si\u00e8ge\u00a0\u00bb \u00e0 Isabelle Ithurburu, qui pr\u00e9sentera son premier JT le 14\u00a0juillet \u00e0 13\u00a0heures.<\/p>\n<p class=\"asset asset-text\"><strong>\u00c0 voir \u00e9galement sur Le HuffPost\u00a0:<\/strong><\/p>\n<p> La lecture de ce contenu est susceptible d\u2019entra\u00eener un d\u00e9p\u00f4t de cookies de la part de l\u2019op\u00e9rateur tiers qui l\u2019h\u00e9berge. Compte-tenu des choix que vous avez exprim\u00e9s en mati\u00e8re de d\u00e9p\u00f4t de cookies, nous avons bloqu\u00e9 l\u2019affichage de ce contenu. Si vous souhaitez y acc\u00e9der, vous devez accepter la cat\u00e9gorie de cookies \u201cContenus tiers\u201d en cliquant sur le bouton ci-dessous. <\/p>\n<p> Lire la Vid\u00e9o                <\/p>\n","protected":false},"excerpt":{"rendered":"C \u00e0 vous France 5 Dans \u00ab\u00a0C \u00e0 vous\u00a0\u00bb, Jacques Legros a partag\u00e9 ce lundi 12\u00a0mai le contenu&hellip;\n","protected":false},"author":2,"featured_media":95586,"comment_status":"","ping_status":"","sticky":false,"template":"","format":"standard","meta":{"footnotes":""},"categories":[1356],"tags":[58,59,1011,27,4467,19428,973,252,199,1364],"class_list":{"0":"post-95585","1":"post","2":"type-post","3":"status-publish","4":"format-standard","5":"has-post-thumbnail","7":"category-television","8":"tag-divertissement","9":"tag-entertainment","10":"tag-fr","11":"tag-france","12":"tag-france-5","13":"tag-marie-sophie-lacarrau","14":"tag-people","15":"tag-television","16":"tag-tf1","17":"tag-tv"},"share_on_mastodon":{"url":"https:\/\/pubeurope.com\/@fr\/114497858054828226","error":""},"_links":{"self":[{"href":"https:\/\/www.europesays.com\/fr\/wp-json\/wp\/v2\/posts\/95585","targetHints":{"allow":["GET"]}}],"collection":[{"href":"https:\/\/www.europesays.com\/fr\/wp-json\/wp\/v2\/posts"}],"about":[{"href":"https:\/\/www.europesays.com\/fr\/wp-json\/wp\/v2\/types\/post"}],"author":[{"embeddable":true,"href":"https:\/\/www.europesays.com\/fr\/wp-json\/wp\/v2\/users\/2"}],"replies":[{"embeddable":true,"href":"https:\/\/www.europesays.com\/fr\/wp-json\/wp\/v2\/comments?post=95585"}],"version-history":[{"count":0,"href":"https:\/\/www.europesays.com\/fr\/wp-json\/wp\/v2\/posts\/95585\/revisions"}],"wp:featuredmedia":[{"embeddable":true,"href":"https:\/\/www.europesays.com\/fr\/wp-json\/wp\/v2\/media\/95586"}],"wp:attachment":[{"href":"https:\/\/www.europesays.com\/fr\/wp-json\/wp\/v2\/media?parent=95585"}],"wp:term":[{"taxonomy":"category","embeddable":true,"href":"https:\/\/www.europesays.com\/fr\/wp-json\/wp\/v2\/categories?post=95585"},{"taxonomy":"post_tag","embeddable":true,"href":"https:\/\/www.europesays.com\/fr\/wp-json\/wp\/v2\/tags?post=95585"}],"curies":[{"name":"wp","href":"https:\/\/api.w.org\/{rel}","templated":true}]}}