{"id":95595,"date":"2025-05-13T01:14:09","date_gmt":"2025-05-13T01:14:09","guid":{"rendered":"https:\/\/www.europesays.com\/fr\/95595\/"},"modified":"2025-05-13T01:14:09","modified_gmt":"2025-05-13T01:14:09","slug":"des-larmes-des-calins-de-lamour-elsa-bois-ce-quelle-navait-encore-jamais-montre-de-sa-relation-avec-florent-manaudou","status":"publish","type":"post","link":"https:\/\/www.europesays.com\/fr\/95595\/","title":{"rendered":"\u00ab\u00a0Des larmes, des c\u00e2lins, de l\u2019amour\u00a0\u00bb, Elsa Bois, ce qu\u2019elle n\u2019avait encore jamais montr\u00e9 de sa relation avec Florent Manaudou"},"content":{"rendered":"<p>Une saison inoubliable, qu\u2019elle a failli remporter. M\u00eame si la victoire finale ne lui est pas revenue, <a href=\"https:\/\/www.public.fr\/elsa-bois-et-florent-manaudou-apres-trois-mois-la-fin-dune-belle-aventure\" target=\"_blank\" rel=\"noopener\">Elsa Bois a gagn\u00e9 bien plus<\/a> : des amis, un partenaire devenu confident, et des moments \u00e0 jamais grav\u00e9s dans sa m\u00e9moire. En effet, la danseuse de <strong><a href=\"https:\/\/vsd.fr\/tag\/danse-avec-les-stars\/\" target=\"_blank\" rel=\"noopener\">\u00ab\u00a0Danse avec les stars\u00a0\u00bb<\/a><\/strong> vient de d\u00e9voiler quelques \u00ab\u00a0moments\u00a0\u00bb qu\u2019elle n\u2019avait \u00ab\u00a0pas post\u00e9s\u00a0\u00bb sur son compte Instagram, ce lundi 12 mai 2025.\u00a0<\/p>\n<p>L\u2019occasion de d\u00e9couvrir des clich\u00e9s captur\u00e9s au moment de ses r\u00e9p\u00e9titions avec<a href=\"https:\/\/www.public.fr\/tag\/florent-manaudou\" target=\"_blank\" rel=\"noopener\"> Florent Manaudou<\/a>, lors des primes diffus\u00e9s sur TF1, ou juste avant de s\u2019\u00e9lancer sur le parquet du programme.\u00a0<\/p>\n<p>La danseuse en finale de \u00ab\u00a0Danse avec les stars\u00a0\u00bb, comme lors de sa saison avec Michou<\/p>\n<p>Pour rappel, comme lors de sa saison avec son ex-compagnon, Michou, Elsa Bois a r\u00e9ussi \u00e0 se hisser jusqu\u2019en finale de <strong>\u00ab\u00a0Danse avec les stars\u00a0\u00bb<\/strong>. Une finale diffus\u00e9e sur la Une le 25 avril dernier dans laquelle Elsa Bois et Florent Manaudou affrontaient deux autres couples.<\/p>\n<p>\u00c0 savoir celui form\u00e9 par Adil Rami et Ana Riera, ainsi que le duo form\u00e9 par <a href=\"https:\/\/www.public.fr\/tag\/lenie\" target=\"_blank\" rel=\"noopener\">L\u00e9nie<\/a> et Jordan Mouillerac. Cette derni\u00e8re, grande favorite de la 14e saison, a, sans surprise, soulever le troph\u00e9e \u00e0 la fin de la soir\u00e9e. Elsa Bois et Florent Manaudou ont de m\u00eame r\u00e9ussi \u00e0 se rendre jusqu\u2019\u00e0 l\u2019ultime face \u00e0 face mais le public a orient\u00e9 son choix vers l\u2019ancienne candidate de la <strong>\u00ab\u00a0Star Academy\u00a0\u00bb<\/strong>.<\/p>\n<p>Pas de quoi attrister Elsa Bois pour autant. \u00c0 l\u2019annonce des r\u00e9sultats, celle-ci se pr\u00e9cipitait dans les bras de L\u00e9nie pour la f\u00e9liciter et heureuse pour elle. La preuve que l\u2019ancienne compagne de Michou a pass\u00e9 une 14e saison qu\u2019elle n\u2019est pas pr\u00e8s d\u2019oublier ? Sa publication de ce lundi 12 mai 2025.<\/p>\n<p>Elsa Bois d\u00e9voile des souvenirs in\u00e9dits avec Florent Manaudou<\/p>\n<p>En effet, la danseuse de <strong>\u00ab\u00a0Danse avec les stars\u00a0\u00bb<\/strong> a publi\u00e9 quelques clich\u00e9s qu\u2019elle n\u2019avait pas eu le temps de poster au fil des semaines et des mois de comp\u00e9tition. <\/p>\n<p><strong>\u00ab\u00a0Quelques unposted de cette saison si incroyable de DALS 14. Beaucoup de rires et un peu de larmes mais surtout des tas de c\u00e2lins et d\u2019amour dans ce post\u00a0\u00bb<\/strong>, a-t-elle en l\u00e9gende de cette publication.\u00a0<\/p>\n<p>Un carrousel dans lequel nous retrouvons Elsa Bois avec Florent Manaudou, l\u2019air abattu; <strong>un autre clich\u00e9 dans lequel la jeune artiste prend la pose avec Camille Combal<\/strong>; et encore d\u2019autres qui nous permettent de la d\u00e9couvrir heureuse avec In\u00e8s Vandamme, L\u00e9nie, et encore une fois avec le nageur olympique.<\/p>\n<p>      Mentionn\u00e9s dans cet article<\/p>\n<p>\u00c0 lire aussi<\/p>\n","protected":false},"excerpt":{"rendered":"Une saison inoubliable, qu\u2019elle a failli remporter. M\u00eame si la victoire finale ne lui est pas revenue, Elsa&hellip;\n","protected":false},"author":2,"featured_media":95596,"comment_status":"","ping_status":"","sticky":false,"template":"","format":"standard","meta":{"footnotes":""},"categories":[8],"tags":[194,58,7744,59,925,1011,27,199],"class_list":{"0":"post-95595","1":"post","2":"type-post","3":"status-publish","4":"format-standard","5":"has-post-thumbnail","7":"category-divertissement","8":"tag-danse-avec-les-stars","9":"tag-divertissement","10":"tag-elsa-bois","11":"tag-entertainment","12":"tag-florent-manaudou","13":"tag-fr","14":"tag-france","15":"tag-tf1"},"share_on_mastodon":{"url":"https:\/\/pubeurope.com\/@fr\/114497877652227348","error":""},"_links":{"self":[{"href":"https:\/\/www.europesays.com\/fr\/wp-json\/wp\/v2\/posts\/95595","targetHints":{"allow":["GET"]}}],"collection":[{"href":"https:\/\/www.europesays.com\/fr\/wp-json\/wp\/v2\/posts"}],"about":[{"href":"https:\/\/www.europesays.com\/fr\/wp-json\/wp\/v2\/types\/post"}],"author":[{"embeddable":true,"href":"https:\/\/www.europesays.com\/fr\/wp-json\/wp\/v2\/users\/2"}],"replies":[{"embeddable":true,"href":"https:\/\/www.europesays.com\/fr\/wp-json\/wp\/v2\/comments?post=95595"}],"version-history":[{"count":0,"href":"https:\/\/www.europesays.com\/fr\/wp-json\/wp\/v2\/posts\/95595\/revisions"}],"wp:featuredmedia":[{"embeddable":true,"href":"https:\/\/www.europesays.com\/fr\/wp-json\/wp\/v2\/media\/95596"}],"wp:attachment":[{"href":"https:\/\/www.europesays.com\/fr\/wp-json\/wp\/v2\/media?parent=95595"}],"wp:term":[{"taxonomy":"category","embeddable":true,"href":"https:\/\/www.europesays.com\/fr\/wp-json\/wp\/v2\/categories?post=95595"},{"taxonomy":"post_tag","embeddable":true,"href":"https:\/\/www.europesays.com\/fr\/wp-json\/wp\/v2\/tags?post=95595"}],"curies":[{"name":"wp","href":"https:\/\/api.w.org\/{rel}","templated":true}]}}