{"id":95603,"date":"2025-05-13T01:18:14","date_gmt":"2025-05-13T01:18:14","guid":{"rendered":"https:\/\/www.europesays.com\/fr\/95603\/"},"modified":"2025-05-13T01:18:14","modified_gmt":"2025-05-13T01:18:14","slug":"un-nouveau-mort-en-guadeloupe-lautopsie-le-confirme","status":"publish","type":"post","link":"https:\/\/www.europesays.com\/fr\/95603\/","title":{"rendered":"Un nouveau mort en Guadeloupe, l\u2019autopsie le confirme"},"content":{"rendered":"<p>Un airbag d\u00e9fectueux du fabricant japonais <a href=\"https:\/\/www.20minutes.fr\/auto\/airbags-takata\/\" class=\"color-ultramarine c-link\" target=\"_blank\" rel=\"noopener\">Takata <\/a>a de nouveau tu\u00e9 un automobiliste en <a href=\"https:\/\/www.20minutes.fr\/france\/guadeloupe\/\" class=\"color-ultramarine c-link\" target=\"_blank\" rel=\"noopener\">Guadeloupe <\/a>fin mars, a indiqu\u00e9 lundi le parquet de Pointe-\u00e0-Pitre. \u00ab\u00a0L\u2019<a href=\"https:\/\/www.20minutes.fr\/dossier\/autopsie\" class=\"color-ultramarine c-link\" target=\"_blank\" rel=\"noopener\">autopsie<\/a> a confirm\u00e9 que la mort est directement li\u00e9e \u00e0 l\u2019explosion de l\u2019airbag\u00a0\u00bb dans un accident survenu sur la localit\u00e9 du Moule, en Guadeloupe, le 25\u00a0mars, a confirm\u00e9 \u00e0 l\u2019AFP la procureure de Pointe-\u00e0-Pitre, Caroline Calbo.<\/p>\n<p>\u00ab\u00a0Nous avons saisi la juge d\u2019instruction pour homicide involontaire\u00a0\u00bb et elle \u00ab\u00a0est en train de cl\u00f4turer son instruction sur les airbags Takata pour dessaisissement au profit du juge d\u2019instruction de la Jirs (Juridiction interr\u00e9gionale sp\u00e9cialis\u00e9e) de Paris\u00a0\u00bb, a-t-elle ajout\u00e9.<\/p>\n<p>Des airbags mortels<\/p>\n<p>Le scandale des airbags Takata secoue le secteur de l\u2019automobile depuis\u00a02014, for\u00e7ant ces derniers mois \u00e0 l\u2019immobilisation de centaines de milliers de v\u00e9hicules par de nombreux constructeurs pour changer ces \u00e9quipements \u00e0 l\u2019origine de plus d\u2019une dizaine de morts en France. A cause d\u2019un gaz qui vieillit mal, les airbags Takata d\u00e9faillants risquent d\u2019exploser en projetant des pi\u00e8ces au visage des conducteurs. Leur d\u00e9gradation est acc\u00e9l\u00e9r\u00e9e sous les climats chauds et humides.<\/p>\n<\/p>\n<p>La Chancellerie a demand\u00e9 le regroupement \u00e0 la Jirs de Paris de l\u2019ensemble des enqu\u00eates men\u00e9es sur les cons\u00e9quences des d\u00e9faillances de ces airbags, notamment celles relatives \u00e0 des homicides involontaires. Jusqu\u2019\u00e0 l\u2019annonce ce lundi d\u2019une nouvelle victime li\u00e9e \u00e0 ces airbags Takata, le minist\u00e8re des Transports recensait 29 accidents ayant provoqu\u00e9 11 d\u00e9c\u00e8s Outre-mer et un en m\u00e9tropole.<\/p>\n<p>La victime guadeloup\u00e9enne, au volant d\u2019une Toyota Hilux, conduisait un v\u00e9hicule \u00ab\u00a0pas tr\u00e8s r\u00e9cent\u00a0\u00bb et \u00ab\u00a0concern\u00e9\u00a0\u00bb par la campagne de rappel \u2013 Toyota et Mercedes ont indiqu\u00e9 en avril devoir rappeler vingt mod\u00e8les commercialis\u00e9s entre\u00a02001 et\u00a02018 \u2013, a indiqu\u00e9 \u00e0 l\u2019AFP Me Charles-Henri Coppet, avocat qui assure d\u00e9fendre \u00ab\u00a011 familles de d\u00e9c\u00e9d\u00e9s et de 12 bless\u00e9s li\u00e9s \u00e0 des explosions de ce type\u00a0\u00bb dans les outre-mer.<\/p>\n<p>Il est \u00ab\u00a0trop t\u00f4t\u00a0\u00bb pour dire si la victime avait re\u00e7u ou non un courrier notifiant un tel rappel, a pr\u00e9cis\u00e9 le conseil, qui s\u2019est port\u00e9 partie civile. L\u2019accident entre le v\u00e9hicule de la victime et un poids lourd s\u2019\u00e9tait produit dans une zone r\u00e9put\u00e9e dangereuse, avaient indiqu\u00e9 les pompiers le soir des faits.<\/p>\n<p><a href=\"https:\/\/www.20minutes.fr\/auto\/airbags-takata\/\" class=\"c-link c-btn c-btn--primary\" target=\"_blank\" rel=\"noopener\">Notre dossier sur les airbags Takata<\/a><\/p>\n<p>L\u2019homme, \u00ab\u00a0coinc\u00e9 dans son v\u00e9hicule\u00a0\u00bb, avait \u00e9t\u00e9 \u00ab\u00a0extrait \u00e0 l\u2019arriv\u00e9e des sapeurs-pompiers\u00a0\u00bb alors qu\u2019il se trouvait en arr\u00eat cardio-respiratoire, selon la m\u00eame source.<\/p>\n","protected":false},"excerpt":{"rendered":"Un airbag d\u00e9fectueux du fabricant japonais Takata a de nouveau tu\u00e9 un automobiliste en Guadeloupe fin mars, a&hellip;\n","protected":false},"author":2,"featured_media":95604,"comment_status":"","ping_status":"","sticky":false,"template":"","format":"standard","meta":{"footnotes":""},"categories":[4],"tags":[47,11,20849,646,1067,1011,27,6142,20850,4922,12,6737,25,104],"class_list":{"0":"post-95603","1":"post","2":"type-post","3":"status-publish","4":"format-standard","5":"has-post-thumbnail","7":"category-france","8":"tag-actualite","9":"tag-actualites","10":"tag-airbags-takata-defectueux","11":"tag-automobile","12":"tag-enquete","13":"tag-fr","14":"tag-france","15":"tag-guadeloupe","16":"tag-homicide-involontaire","17":"tag-honda","18":"tag-news","19":"tag-outremer","20":"tag-republique-francaise","21":"tag-societe"},"share_on_mastodon":{"url":"https:\/\/pubeurope.com\/@fr\/114497893420932808","error":""},"_links":{"self":[{"href":"https:\/\/www.europesays.com\/fr\/wp-json\/wp\/v2\/posts\/95603","targetHints":{"allow":["GET"]}}],"collection":[{"href":"https:\/\/www.europesays.com\/fr\/wp-json\/wp\/v2\/posts"}],"about":[{"href":"https:\/\/www.europesays.com\/fr\/wp-json\/wp\/v2\/types\/post"}],"author":[{"embeddable":true,"href":"https:\/\/www.europesays.com\/fr\/wp-json\/wp\/v2\/users\/2"}],"replies":[{"embeddable":true,"href":"https:\/\/www.europesays.com\/fr\/wp-json\/wp\/v2\/comments?post=95603"}],"version-history":[{"count":0,"href":"https:\/\/www.europesays.com\/fr\/wp-json\/wp\/v2\/posts\/95603\/revisions"}],"wp:featuredmedia":[{"embeddable":true,"href":"https:\/\/www.europesays.com\/fr\/wp-json\/wp\/v2\/media\/95604"}],"wp:attachment":[{"href":"https:\/\/www.europesays.com\/fr\/wp-json\/wp\/v2\/media?parent=95603"}],"wp:term":[{"taxonomy":"category","embeddable":true,"href":"https:\/\/www.europesays.com\/fr\/wp-json\/wp\/v2\/categories?post=95603"},{"taxonomy":"post_tag","embeddable":true,"href":"https:\/\/www.europesays.com\/fr\/wp-json\/wp\/v2\/tags?post=95603"}],"curies":[{"name":"wp","href":"https:\/\/api.w.org\/{rel}","templated":true}]}}