{"id":956203,"date":"2026-05-25T16:09:27","date_gmt":"2026-05-25T16:09:27","guid":{"rendered":"https:\/\/www.europesays.com\/fr\/956203\/"},"modified":"2026-05-25T16:09:27","modified_gmt":"2026-05-25T16:09:27","slug":"moins-de-5-de-fumeurs-quotidiens-la-suede-a-atteint-son-objectif","status":"publish","type":"post","link":"https:\/\/www.europesays.com\/fr\/956203\/","title":{"rendered":"Moins de 5% de fumeurs quotidiens\u00a0: la Su\u00e8de a atteint son objectif"},"content":{"rendered":"<p>\n    Un quart de la population consomme cependant de la nicotine au quotidien, notamment sous forme de snus, souligne un rapport national.<\/p>\n<p class=\"fig-paragraph\">La Su\u00e8de a atteint son objectif en vue de devenir un\u00a0<a href=\"https:\/\/sante.lefigaro.fr\/mieux-etre\/tabac-alcool-drogues\/tabac-generalites\/chiffres\" data-fig-type=\"Keyword\" data-gtm-custom-categorie=\"navigation\" data-gtm-custom-action=\"crossclick\" data-gtm-custom-label=\"Contextuel\" data-gtm-event=\"customEventSPE\" data-fig-domain=\"SANTE\" rel=\"nofollow noopener\" target=\"_blank\">pays sans tabac<\/a>\u00a0en 2025, avec moins de 5% de la population fumant quotidiennement des cigarettes. Le nombre de fumeurs quotidiens est ainsi pass\u00e9 de 16% \u00e0 4,8% entre 2003 et 2025, selon le rapport publi\u00e9 par le Conseil su\u00e9dois d\u2019information sur l\u2019alcool et les autres drogues (CAN). En 2025, 10% de la population adulte d\u00e9clare avoir fum\u00e9 au moins une fois dans le mois pr\u00e9c\u00e9dent. Les femmes \u00e2g\u00e9es de 50 \u00e0 84 ans constituent le groupe le plus important de fumeurs quotidiens de cigarettes, avec 6%.<\/p>\n<p class=\"fig-paragraph\">En revanche, tous modes de consommation confondus, la nicotine continuent \u00e0 avoir le vent en poupe, avec un quart de la population en consommant quotidiennement notamment sous forme de cigarette \u00e9lectronique ou de snus, ou tabac \u00e0 usage oral, que l\u2019on place sous la l\u00e8vre sup\u00e9rieure, soit en sachets, soit en vrac.<\/p>\n<p>                                                <a class=\"fig-a11y-skip\" href=\"#fig-a11y-skip-main-inarticle\" is=\"fig-a11y-skip\" data-trigger-mode=\"visible-once\"><br \/>\n    Passer la publicit\u00e9<br \/>\n<\/a>            <\/p>\n<p>                                                La progression du snus<\/p>\n<p class=\"fig-paragraph\">Le snus peut \u00eatre fabriqu\u00e9 avec ou sans tabac. Dans ce dernier cas, on parle de \u00absnus blanc\u00bb, lanc\u00e9 sur le march\u00e9 su\u00e9dois en 2016 et souvent aromatis\u00e9 avec des saveurs sucr\u00e9es qui plaisent aux jeunes consommateurs. Le snus avec tabac est interdit dans l\u2019Union europ\u00e9enne depuis 1992, mais la Su\u00e8de a obtenu une d\u00e9rogation lors de son adh\u00e9sion \u00e0 l\u2019UE trois ans plus tard. Le succ\u00e8s du pays dans la r\u00e9duction du tabagisme est largement attribu\u00e9 \u00e0 l\u2019usage g\u00e9n\u00e9ralis\u00e9 du snus\u00a0: environ 19\u00a0% consommaient quotidiennement une forme de snus, contre 12\u00a0% en 2007. Le CAN fait \u00e9tat d\u2019une hausse de 180% des ventes de snus blanc entre 2021 et 2024, tandis que les ventes de liquides pour vapotage ont explos\u00e9 de 640% au cours de la m\u00eame p\u00e9riode. La plus forte augmentation de la consommation de snus a \u00e9t\u00e9 observ\u00e9e chez les femmes, passant de 4% en 2007 \u00e0 14% en 2025.<\/p>\n<p class=\"fig-body-link\">\n            \u00c0 lire aussi<br \/>\n        <a class=\"fig-body-link__link\" href=\"http:\/\/sante.lefigaro.fr\/social\/sante-publique\/quels-sont-les-risques-des-pouches-ces-sachets-a-la-nicotine-que-la-ministre-de-la-sante-veut-interdire-20241104\" data-fig-type=\"Article\" data-gtm-custom-categorie=\"navigation\" data-gtm-custom-action=\"crossclick\" data-gtm-custom-label=\"Contextuel\" data-gtm-event=\"customEventSPE\" data-fig-domain=\"SANTE\" rel=\"nofollow noopener\" target=\"_blank\"><br \/>\n                Quels sont les risques des \u00abpouches\u00bb, ces sachets \u00e0 la nicotine que la ministre de la sant\u00e9 veut interdire\u00a0?<br \/>\n    <\/a>\n<\/p>\n<p class=\"fig-paragraph\">Plusieurs pays comme l&rsquo;Irlande ou la Nouvelle-Z\u00e9lande se sont fix\u00e9 un objectif de moins de 5% de fumeurs pour se dire pays sans tabac, un objectif repris par l&rsquo;Organisation mondiale de la sant\u00e9 (OMS) dans ses publications.<\/p>\n<p class=\"fig-paragraph\">Pour autant, m\u00eame si le tabac fum\u00e9 est reconnu comme le plus dangereux pour la sant\u00e9, snus et cigarette \u00e9lectronique ne sont pas d\u00e9nu\u00e9s d\u2019effets. \u00ab\u00a0Alors que les effets du tabagisme sur la sant\u00e9 sont bien connus, nous en savons beaucoup moins sur le snus et les nouveaux produits nicotiniques\u00bb, indique le rapport du CAN. \u00ab\u00a0Des \u00e9tudes ont montr\u00e9 que la cigarette \u00e9lectronique peut, entre autres, augmenter le risque de certaines maladies pulmonaires. On en sait encore moins sur le snus blanc, mais certaines informations indiquent que la teneur en nicotine pourrait \u00eatre plus \u00e9lev\u00e9e dans le snus blanc que dans les produits du tabac correspondants.\u00a0\u00bb<\/p>\n","protected":false},"excerpt":{"rendered":"Un quart de la population consomme cependant de la nicotine au quotidien, notamment sous forme de snus, souligne&hellip;\n","protected":false},"author":2,"featured_media":956204,"comment_status":"","ping_status":"","sticky":false,"template":"","format":"standard","meta":{"footnotes":"","_share_on_mastodon":"0"},"categories":[5],"tags":[11,101025,61376,1011,27,14,12,94548,28],"class_list":["post-956203","post","type-post","status-publish","format-standard","has-post-thumbnail","category-international","tag-actualites","tag-arret-du-tabac","tag-e-cigarette","tag-fr","tag-france","tag-international","tag-news","tag-tabac-autres-effets","tag-world"],"share_on_mastodon":{"url":"https:\/\/pubeurope.com\/@fr\/116636088232911597","error":""},"_links":{"self":[{"href":"https:\/\/www.europesays.com\/fr\/wp-json\/wp\/v2\/posts\/956203","targetHints":{"allow":["GET"]}}],"collection":[{"href":"https:\/\/www.europesays.com\/fr\/wp-json\/wp\/v2\/posts"}],"about":[{"href":"https:\/\/www.europesays.com\/fr\/wp-json\/wp\/v2\/types\/post"}],"author":[{"embeddable":true,"href":"https:\/\/www.europesays.com\/fr\/wp-json\/wp\/v2\/users\/2"}],"replies":[{"embeddable":true,"href":"https:\/\/www.europesays.com\/fr\/wp-json\/wp\/v2\/comments?post=956203"}],"version-history":[{"count":0,"href":"https:\/\/www.europesays.com\/fr\/wp-json\/wp\/v2\/posts\/956203\/revisions"}],"wp:featuredmedia":[{"embeddable":true,"href":"https:\/\/www.europesays.com\/fr\/wp-json\/wp\/v2\/media\/956204"}],"wp:attachment":[{"href":"https:\/\/www.europesays.com\/fr\/wp-json\/wp\/v2\/media?parent=956203"}],"wp:term":[{"taxonomy":"category","embeddable":true,"href":"https:\/\/www.europesays.com\/fr\/wp-json\/wp\/v2\/categories?post=956203"},{"taxonomy":"post_tag","embeddable":true,"href":"https:\/\/www.europesays.com\/fr\/wp-json\/wp\/v2\/tags?post=956203"}],"curies":[{"name":"wp","href":"https:\/\/api.w.org\/{rel}","templated":true}]}}