{"id":95675,"date":"2025-05-13T02:03:12","date_gmt":"2025-05-13T02:03:12","guid":{"rendered":"https:\/\/www.europesays.com\/fr\/95675\/"},"modified":"2025-05-13T02:03:12","modified_gmt":"2025-05-13T02:03:12","slug":"cette-ile-serait-la-capitale-du-surtourisme-en-europe","status":"publish","type":"post","link":"https:\/\/www.europesays.com\/fr\/95675\/","title":{"rendered":"Cette \u00eele serait la capitale du surtourisme en Europe"},"content":{"rendered":"<p>Mieux vaut aimer la foule si l\u2019on pr\u00e9voit des vacances cette \u00eele grecque. \u00c0 l\u2019ouest d\u2019Ath\u00e8nes, au bord de la mer Ionienne, cet archipel est, le plus satur\u00e9 par l\u2019afflux des visiteurs.<\/p>\n<p class=\"fig-paragraph\">L\u2019attrait touristique de la\u00a0<a href=\"https:\/\/www.lefigaro.fr\/voyages\/dossier\/grece\" target=\"_blank\" data-fig-type=\"Topic\" rel=\"noopener\" data-gtm-custom-categorie=\"navigation\" data-gtm-custom-action=\"crossclick\" data-gtm-custom-label=\"Contextuel\" data-gtm-event=\"customEventSPE\" data-fig-domain=\"LEFIGARO\">Gr\u00e8ce<\/a>\u00a0n\u2019est plus une surprise. Ce, malgr\u00e9 des \u00e9pisodes d\u2019incendies et les foules estivales. En 2024, le pays a accueilli 40,7 millions de touristes, soit\u00a0<a href=\"http:\/\/www.lefigaro.fr\/voyages\/guides\/plus-de-21-5-milliards-d-euros-de-revenus-en-grece-le-tourisme-fait-flamber-les-recettes-20250509\" data-fig-type=\"NewsFlash\" data-gtm-custom-categorie=\"navigation\" data-gtm-custom-action=\"crossclick\" data-gtm-custom-label=\"Contextuel\" data-gtm-event=\"customEventSPE\" data-fig-domain=\"LEFIGARO\" target=\"_blank\" rel=\"noopener\">une hausse de 12,8 %<\/a>\u00a0par rapport \u00e0 l\u2019ann\u00e9e pr\u00e9c\u00e9dente, selon les chiffres r\u00e9cemment publi\u00e9s par la Banque de Gr\u00e8ce. Cons\u00e9quences\u00a0: certains lieux ne sont pas toujours propices au calme et \u00e0 la s\u00e9r\u00e9nit\u00e9.<\/p>\n<p class=\"fig-paragraph\">Une r\u00e9cente \u00e9tude, r\u00e9alis\u00e9 par l\u2019organisation britannique de consommateurs Which? Travel, distingue l\u2019une de ses \u00eeles comme \u00abla capitale du surtourisme\u00bb. Elle s\u2019appuie sur les derni\u00e8res donn\u00e9es de la Commission europ\u00e9enne et prend en compte un indicateur appel\u00e9 \u00abpression touristique\u00bb, qui correspond au nombre total de nuit\u00e9es pass\u00e9es par les vacanciers, en comparaison avec la population locale.<\/p>\n<p>150 fois plus de touristes que d\u2019habitants<\/p>\n<p class=\"fig-paragraph\">Situ\u00e9e \u00e0 l\u2019ouest de la Gr\u00e8ce, au sud de<a href=\"http:\/\/www.lefigaro.fr\/voyages\/dossier\/corfou\" data-fig-type=\"Topic\" data-gtm-custom-categorie=\"navigation\" data-gtm-custom-action=\"crossclick\" data-gtm-custom-label=\"Contextuel\" data-gtm-event=\"customEventSPE\" data-fig-domain=\"LEFIGARO\" target=\"_blank\" rel=\"noopener\">\u00a0Corfou<\/a>, il s\u2019agit de l\u2019\u00eele de\u00a0<a href=\"https:\/\/www.lefigaro.fr\/voyages\/2015\/10\/06\/30003-20151006ARTFIG00272-zante-l-ile-grecque-aux-eaux-cristallines.php\" data-fig-type=\"Article\" data-gtm-custom-categorie=\"navigation\" data-gtm-custom-action=\"crossclick\" data-gtm-custom-label=\"Contextuel\" data-gtm-event=\"customEventSPE\" data-fig-domain=\"LEFIGARO\" target=\"_blank\" rel=\"noopener\">Zante<\/a>. Connue pour ses criques turquoise, elle ne figure pas en t\u00eate des destinations les plus visit\u00e9es, d\u00e9pass\u00e9e notamment par\u00a0<a href=\"http:\/\/www.lefigaro.fr\/voyages\/dossier\/santorin\" data-fig-type=\"Topic\" data-gtm-custom-categorie=\"navigation\" data-gtm-custom-action=\"crossclick\" data-gtm-custom-label=\"Contextuel\" data-gtm-event=\"customEventSPE\" data-fig-domain=\"LEFIGARO\" target=\"_blank\" rel=\"noopener\">Santorin<\/a>. Mais le rapport entre r\u00e9sidents et visiteurs y atteint des proportions impressionnantes. Si pr\u00e8s de 40.000 personnes vivent sur ce territoire quatre fois plus grand que\u00a0<a href=\"http:\/\/www.lefigaro.fr\/voyages\/dossier\/mykonos-que-faire-et-que-visiter-plages-restaurants-hotels-conseils-et-guide-de-voyage\" data-fig-type=\"Topic\" data-gtm-custom-categorie=\"navigation\" data-gtm-custom-action=\"crossclick\" data-gtm-custom-label=\"Contextuel\" data-gtm-event=\"customEventSPE\" data-fig-domain=\"LEFIGARO\" target=\"_blank\" rel=\"noopener\">Mykonos<\/a>, en 2023, plus de six millions de personnes y ont s\u00e9journ\u00e9 au moins une nuit, principalement sur la c\u00f4te sud. Cela repr\u00e9sente 150 nuits pass\u00e9es par des touristes pour chaque habitant.<\/p>\n<p class=\"fig-paragraph\">R\u00e9put\u00e9e pour ses plages aux eaux cristallines, son atmosph\u00e8re anim\u00e9e et la c\u00e9l\u00e8bre baie de Navagio, o\u00f9 repose l\u2019\u00e9pave d\u2019un navire \u00e9chou\u00e9 en 1980, Zante s\u00e9duit chaque ann\u00e9e des millions de vacanciers. R\u00e9sultat\u00a0: sur internet, de nombreux visiteurs d\u00e9plorent des \u00abplages surpeupl\u00e9es, bruyantes et parfois mal entretenues\u00bb. Des conseils circulent en ligne pour \u00e9viter certaines zones et choisir des p\u00e9riodes moins fr\u00e9quent\u00e9es, notamment sur le r\u00e9seau social\u00a0<a href=\"http:\/\/www.lefigaro.fr\/voyages\/conseils\/voyage-en-avion-que-valent-ces-6-astuces-tres-tendance-sur-tiktok-20240420\" data-fig-type=\"Article\" data-gtm-custom-categorie=\"navigation\" data-gtm-custom-action=\"crossclick\" data-gtm-custom-label=\"Contextuel\" data-gtm-event=\"customEventSPE\" data-fig-domain=\"LEFIGARO\" target=\"_blank\" rel=\"noopener\">TikTok<\/a>.<\/p>\n<p><strong>La Croatie et l\u2019Espagne \u00e9galement dans le classement<\/strong><\/p>\n<p class=\"fig-paragraph\">Zante n\u2019est pas la seule destination \u00e0 souffrir du surtourisme. Selon le classement \u00e9tabli par Which?, la r\u00e9gion d\u2019<a href=\"http:\/\/www.lefigaro.fr\/voyages\/inspiration\/voyage-en-istrie-paradis-croate-des-hedonistes-20220415\" data-fig-type=\"Article\" data-gtm-custom-categorie=\"navigation\" data-gtm-custom-action=\"crossclick\" data-gtm-custom-label=\"Contextuel\" data-gtm-event=\"customEventSPE\" data-fig-domain=\"LEFIGARO\" target=\"_blank\" rel=\"noopener\">Istrie<\/a>\u00a0en Croatie occupe la deuxi\u00e8me place, suivie par l\u2019archipel espagnole de\u00a0<a href=\"http:\/\/www.lefigaro.fr\/voyages\/guides\/fuerteventura-la-perle-desertique-des-canaries-en-cinq-essentiels-20210606\" data-fig-type=\"Article\" data-gtm-custom-categorie=\"navigation\" data-gtm-custom-action=\"crossclick\" data-gtm-custom-label=\"Contextuel\" data-gtm-event=\"customEventSPE\" data-fig-domain=\"LEFIGARO\" target=\"_blank\" rel=\"noopener\">Fuerteventura<\/a>. \u00c0 l\u2019inverse, l\u2019\u00e9tude propose quelques alternatives plus paisibles au bord de l\u2019eau\u00a0: Estepona, en\u00a0<a href=\"https:\/\/www.lefigaro.fr\/voyages\/dossier\/espagne\" target=\"_blank\" data-fig-type=\"Topic\" rel=\"noopener\" data-gtm-custom-categorie=\"navigation\" data-gtm-custom-action=\"crossclick\" data-gtm-custom-label=\"Contextuel\" data-gtm-event=\"customEventSPE\" data-fig-domain=\"LEFIGARO\">Espagne<\/a>, sur la Costa del Sol, ou bien Tavira, petite ville de l\u2019<a href=\"http:\/\/www.lefigaro.fr\/voyages\/inspiration\/decouvrir-l-algarve-rurale-et-meconnue-une-tres-bonne-raison-de-tourner-le-dos-a-l-ocean-20201208\" data-fig-type=\"Article\" data-gtm-custom-categorie=\"navigation\" data-gtm-custom-action=\"crossclick\" data-gtm-custom-label=\"Contextuel\" data-gtm-event=\"customEventSPE\" data-fig-domain=\"LEFIGARO\" target=\"_blank\" rel=\"noopener\">Algarve,<\/a>\u00a0au Portugal, moins pris\u00e9s des foules estivales.<\/p>\n<p class=\"fig-paragraph\">Pour les voyageurs ne souhaitant pas faire une croix sur la Gr\u00e8ce, d\u2019autres \u00eeles plus discr\u00e8tes sont moins envahis par les visiteurs. C\u2019est le cas de\u00a0<a href=\"http:\/\/www.lefigaro.fr\/voyages\/guides\/en-grece-deux-iles-confidentielles-pour-fuir-la-foule-20230615\" data-fig-type=\"Article\" data-gtm-custom-categorie=\"navigation\" data-gtm-custom-action=\"crossclick\" data-gtm-custom-label=\"Contextuel\" data-gtm-event=\"customEventSPE\" data-fig-domain=\"LEFIGARO\" target=\"_blank\" rel=\"noopener\">C\u00e9phalonie<\/a>, connue pour ses maisons aux fa\u00e7ades color\u00e9es et ses plages pr\u00e9serv\u00e9es. Ou bien\u00a0<a href=\"http:\/\/www.lefigaro.fr\/voyages\/guides\/meme-en-ete-les-prix-restent-accessibles-quelle-est-cette-ile-grecque-epargnee-par-le-tourisme-de-masse-20250330\" data-fig-type=\"Article\" data-gtm-custom-categorie=\"navigation\" data-gtm-custom-action=\"crossclick\" data-gtm-custom-label=\"Contextuel\" data-gtm-event=\"customEventSPE\" data-fig-domain=\"LEFIGARO\" target=\"_blank\" rel=\"noopener\">Lefkada<\/a>\u00a0et la station baln\u00e9aire de Nydri figurent \u00e9galement parmi les recommandations.\u00a0Ne reste plus qu\u2019\u00e0 prendre sa cr\u00e8me solaire pour bronzer au calme.<\/p>\n<p class=\"fig-paragraph\"><strong>En vid\u00e9o &#8211;<\/strong> Face au surtourisme, la Gr\u00e8ce serre la vis sur ses plages.<\/p>\n<p>\u00a0\u00bb<br \/>\n        data-script=\u00a0\u00bbhttps:\/\/static.lefigaro.fr\/widget-video\/short-ttl\/video\/index.js\u00a0\u00bb<br \/>\n    &gt;<\/p>\n","protected":false},"excerpt":{"rendered":"Mieux vaut aimer la foule si l\u2019on pr\u00e9voit des vacances cette \u00eele grecque. \u00c0 l\u2019ouest d\u2019Ath\u00e8nes, au bord&hellip;\n","protected":false},"author":2,"featured_media":95676,"comment_status":"","ping_status":"","sticky":false,"template":"","format":"standard","meta":{"footnotes":""},"categories":[1586],"tags":[608,607,609,610,11,604,605,603,606,1777,674,1011,27,4323,12,25,611,20858,2453],"class_list":{"0":"post-95675","1":"post","2":"type-post","3":"status-publish","4":"format-standard","5":"has-post-thumbnail","7":"category-europe","8":"tag-activite-de-plein-air","9":"tag-activite-loisirs","10":"tag-activite-plein-air-enfant","11":"tag-activites-loisirs","12":"tag-actualites","13":"tag-agenda-brocantes","14":"tag-chasse-et-peche","15":"tag-circuits-randonnees","16":"tag-decouverte-du-patrimoine","17":"tag-eu","18":"tag-europe","19":"tag-fr","20":"tag-france","21":"tag-ile","22":"tag-news","23":"tag-republique-francaise","24":"tag-sorties-famille","25":"tag-station-balneaire","26":"tag-vacances-dete"},"share_on_mastodon":{"url":"https:\/\/pubeurope.com\/@fr\/114498070407468443","error":""},"_links":{"self":[{"href":"https:\/\/www.europesays.com\/fr\/wp-json\/wp\/v2\/posts\/95675","targetHints":{"allow":["GET"]}}],"collection":[{"href":"https:\/\/www.europesays.com\/fr\/wp-json\/wp\/v2\/posts"}],"about":[{"href":"https:\/\/www.europesays.com\/fr\/wp-json\/wp\/v2\/types\/post"}],"author":[{"embeddable":true,"href":"https:\/\/www.europesays.com\/fr\/wp-json\/wp\/v2\/users\/2"}],"replies":[{"embeddable":true,"href":"https:\/\/www.europesays.com\/fr\/wp-json\/wp\/v2\/comments?post=95675"}],"version-history":[{"count":0,"href":"https:\/\/www.europesays.com\/fr\/wp-json\/wp\/v2\/posts\/95675\/revisions"}],"wp:featuredmedia":[{"embeddable":true,"href":"https:\/\/www.europesays.com\/fr\/wp-json\/wp\/v2\/media\/95676"}],"wp:attachment":[{"href":"https:\/\/www.europesays.com\/fr\/wp-json\/wp\/v2\/media?parent=95675"}],"wp:term":[{"taxonomy":"category","embeddable":true,"href":"https:\/\/www.europesays.com\/fr\/wp-json\/wp\/v2\/categories?post=95675"},{"taxonomy":"post_tag","embeddable":true,"href":"https:\/\/www.europesays.com\/fr\/wp-json\/wp\/v2\/tags?post=95675"}],"curies":[{"name":"wp","href":"https:\/\/api.w.org\/{rel}","templated":true}]}}