{"id":956995,"date":"2026-05-26T01:57:18","date_gmt":"2026-05-26T01:57:18","guid":{"rendered":"https:\/\/www.europesays.com\/fr\/956995\/"},"modified":"2026-05-26T01:57:18","modified_gmt":"2026-05-26T01:57:18","slug":"defenestration-a-toulon-la-femme-dorigine-comorienne-etait-en-rupture-de-traitement","status":"publish","type":"post","link":"https:\/\/www.europesays.com\/fr\/956995\/","title":{"rendered":"D\u00e9fenestration \u00e0 Toulon : la femme d\u2019origine comorienne \u00e9tait \u00ab en rupture de traitement \u00bb"},"content":{"rendered":"<p style=\"font-weight: 400; text-align: justify;\">Les circonstances de la d\u00e9fenestration d\u2019une femme comorienne de 38 ans \u00e0 Toulon dans le Var avec ses trois enfants en bas \u00e2ges sont en grande partie li\u00e9es \u00e0 son \u00e9tat de sant\u00e9. Un rapport d\u2019enqu\u00eate est en cours, selon le pr\u00e9fet du Var, Simon Babre, pour d\u00e9terminer avec pr\u00e9cision les causes ayant pouss\u00e9 cette jeune femme \u00e0 se donner la mort. Des analyses toxicologiques et deux autopsies viennent d\u2019\u00eatre proc\u00e9d\u00e9es, selon le journal Nice Matin, pour \u00e9clairer les enqu\u00eateurs dans leurs investigations.<\/p>\n<p><strong>Un homme activement recherch\u00e9 par la police<\/strong><br \/>\n<img fetchpriority=\"high\" decoding=\"async\" class=\"wp-image-45219 size-medium\" src=\"https:\/\/www.europesays.com\/fr\/wp-content\/uploads\/2026\/05\/CHM-couloir-300x182.png\" alt=\"Mayotte, CHM, h\u00f4pital, soignant,\" width=\"300\" height=\"182\"  \/>\u00ab\u00a0La m\u00e8re de famille sortait d\u2019un h\u00f4pital psychiatrique et \u00e9tait en rupture de traitement\u00a0\u00bb. (illustration)<\/p>\n<p style=\"font-weight: 400; text-align: justify;\">Selon la presse locale, le geste suicidaire pourrait avoir un lien avec une rupture de son traitement. \u00ab\u00a0La m\u00e8re de famille sortait d\u2019un h\u00f4pital psychiatrique et \u00e9tait en rupture de traitement\u00a0\u00bb, \u00e9crivent nos conf\u00e8res Var-Matin qui conforte les d\u00e9clarations du pr\u00e9fet. Ce dernier a \u00e9cart\u00e9 l\u2019hypoth\u00e8se d\u2019un cambriolage ou d\u2019une quelconque activit\u00e9 au sein de la maison pouvant justifier un suicide forc\u00e9 par d\u00e9fenestration. \u00ab\u00a0Aucun \u00e9l\u00e9ment ne permet pour le moment d\u2019impliquer l\u2019intervention d\u2019un tiers dans ce drame\u00a0\u00bb, r\u00e9it\u00e8re encore Rapha\u00ebl Balland, le procureur de la R\u00e9publique de Toulon, cit\u00e9 par Le Figaro.<\/p>\n<p style=\"font-weight: 400; text-align: justify;\">La femme \u00e9tait tomb\u00e9e dans la d\u00e9pression ces derni\u00e8res ann\u00e9es vraisemblablement \u00e0 cause de deux ruptures amoureuses dont une \u00e0 Mayotte entam\u00e9e en 2009 et une autre avec \u00ab\u00a0un autre homme activement recherch\u00e9\u00a0\u00bb par la police, d\u2019apr\u00e8s Nice Matin. \u00ab\u00a0Le p\u00e8re des a\u00een\u00e9s a \u00e9t\u00e9 entendu mercredi matin par les enqu\u00eateurs, mais le second, domicili\u00e9 \u00e0 Marseille et souffrant d\u2019alcoolisme selon nos informations, serait toujours recherch\u00e9 par les autorit\u00e9s\u00a0\u00bb, ajoute Le Figaro. \u00ab\u00a0La famille \u00e9tait inconnue du parquet en l\u2019absence de tout signalement concernant d\u2019\u00e9ventuelles difficult\u00e9s sociales ou familiales\u00a0\u00bb, ajoute encore Rapha\u00ebl Balland.<\/p>\n<p><strong>La pr\u00e9carit\u00e9 des familles comoriennes en France<\/strong><br \/>\n<img loading=\"lazy\" decoding=\"async\" class=\"size-medium wp-image-22665\" src=\"https:\/\/www.europesays.com\/fr\/wp-content\/uploads\/2026\/05\/Enfants-cases-floutes-copie-300x218.jpg\" alt=\"\" width=\"300\" height=\"218\"  \/>La femme \u00ab ne parvenait pas \u00e0 nourrir sa famille \u00bb. (illustration)<\/p>\n<p style=\"font-weight: 400; text-align: justify;\">Une amie intime qui avait h\u00e9berg\u00e9 la victime \u00e0 Marseille a fait \u00e9tat de sa \u00ab\u00a0peur\u00a0\u00bb et de sa \u00ab\u00a0posture \u00bb suicidaire. Les deux ruptures amoureuses, la charge de sept enfants et le manque d\u2019alternatives pour subvenir aux besoins de ses prog\u00e9nitures ont sans doute entrain\u00e9 cette d\u00e9pression. \u00ab Elle ne parvenait pas \u00e0 nourrir sa famille\u00a0\u00bb, t\u00e9moigne cette amie, cit\u00e9e par le journal Le Parisien. Un fait regrett\u00e9 et relay\u00e9 par Le Figaro. \u00ab\u00a0La responsable de l\u2019association \u00ab\u00a0B\u00e9b\u00e9s et Familles\u00a0\u00bb qui intervient aupr\u00e8s des mamans du quartier Pontcarral de Toulon (Var) est plong\u00e9e dans une profonde introspection\u00a0\u00bb, et \u00ab de la col\u00e8re, aussi \u00bb, \u00e9crit le journal sur son site internet. La femme, d\u00e9tentrice d\u2019une carte de s\u00e9jour, n\u2019avait-elle pas les moyens pour b\u00e9n\u00e9ficier des soins appropri\u00e9s ou elle a volontairement cess\u00e9 de se rendre \u00e0 l\u2019h\u00f4pital psychiatrique\u00a0? Difficile de fournir une r\u00e9ponse.<\/p>\n<p style=\"font-weight: 400; text-align: justify;\">Aux Comores, une \u00e9motion a envahi l\u2019opinion apr\u00e8s le geste de cette m\u00e8re de famille. L\u2019histoire met en avant les conditions de vie difficiles et la situation de pr\u00e9carit\u00e9 dont font face les femmes de la diaspora. Le leader du parti Ridja, l\u2019avocat franco-comorien, Said Larifou va dans le m\u00eame sens, appelant \u00e0 \u00ab\u00a0des mesures collectives\u00a0\u00bb pour faire face \u00e0 la pr\u00e9carit\u00e9 de nombreuses familles comoriennes vivant en France. \u00ab\u00a0Beaucoup disent penser avant tout aux proches de cette famille brutalement endeuill\u00e9e parlant d\u2019une trag\u00e9die qui nous bouleverse tous invitant chacun \u00e0 prier pour les victimes\u00a0\u00bb, souligne le m\u00e9dia comorien Al-watwan. Une grande pri\u00e8re est pr\u00e9vue dans sa localit\u00e9 d\u2019Inan\u00e9 (Grande-Comores), selon le maire de la commune.<\/p>\n<p style=\"font-weight: 400; text-align: justify;\"><strong>A.S.Kemba<\/strong><\/p>\n","protected":false},"excerpt":{"rendered":"Les circonstances de la d\u00e9fenestration d\u2019une femme comorienne de 38 ans \u00e0 Toulon dans le Var avec ses&hellip;\n","protected":false},"author":2,"featured_media":956996,"comment_status":"","ping_status":"","sticky":false,"template":"","format":"standard","meta":{"footnotes":"","_share_on_mastodon":"0"},"categories":[9619],"tags":[1111,11,101099,1777,674,1011,27,12,882,25,2310],"class_list":["post-956995","post","type-post","status-publish","format-standard","has-post-thumbnail","category-toulon","tag-actu","tag-actualites","tag-defenestration","tag-eu","tag-europe","tag-fr","tag-france","tag-news","tag-provence-alpes-cote-dazur","tag-republique-francaise","tag-toulon"],"share_on_mastodon":{"url":"","error":""},"_links":{"self":[{"href":"https:\/\/www.europesays.com\/fr\/wp-json\/wp\/v2\/posts\/956995","targetHints":{"allow":["GET"]}}],"collection":[{"href":"https:\/\/www.europesays.com\/fr\/wp-json\/wp\/v2\/posts"}],"about":[{"href":"https:\/\/www.europesays.com\/fr\/wp-json\/wp\/v2\/types\/post"}],"author":[{"embeddable":true,"href":"https:\/\/www.europesays.com\/fr\/wp-json\/wp\/v2\/users\/2"}],"replies":[{"embeddable":true,"href":"https:\/\/www.europesays.com\/fr\/wp-json\/wp\/v2\/comments?post=956995"}],"version-history":[{"count":0,"href":"https:\/\/www.europesays.com\/fr\/wp-json\/wp\/v2\/posts\/956995\/revisions"}],"wp:featuredmedia":[{"embeddable":true,"href":"https:\/\/www.europesays.com\/fr\/wp-json\/wp\/v2\/media\/956996"}],"wp:attachment":[{"href":"https:\/\/www.europesays.com\/fr\/wp-json\/wp\/v2\/media?parent=956995"}],"wp:term":[{"taxonomy":"category","embeddable":true,"href":"https:\/\/www.europesays.com\/fr\/wp-json\/wp\/v2\/categories?post=956995"},{"taxonomy":"post_tag","embeddable":true,"href":"https:\/\/www.europesays.com\/fr\/wp-json\/wp\/v2\/tags?post=956995"}],"curies":[{"name":"wp","href":"https:\/\/api.w.org\/{rel}","templated":true}]}}