{"id":95700,"date":"2025-05-13T02:19:11","date_gmt":"2025-05-13T02:19:11","guid":{"rendered":"https:\/\/www.europesays.com\/fr\/95700\/"},"modified":"2025-05-13T02:19:11","modified_gmt":"2025-05-13T02:19:11","slug":"une-boite-a-livres-a-lhopital-prive-de-la-baie","status":"publish","type":"post","link":"https:\/\/www.europesays.com\/fr\/95700\/","title":{"rendered":"une bo\u00eete \u00e0 livres \u00e0 l&rsquo;h\u00f4pital priv\u00e9 de la Baie"},"content":{"rendered":"<p>            Par<br \/>\n        <strong><br \/>\n            <a href=\"https:\/\/actu.fr\/auteur\/redaction-gazettemanche\" title=\"Consulter tous les articles de R\u00e9daction La Gazette de la Manche\" target=\"_blank\" rel=\"noopener\">R\u00e9daction La Gazette de la Manche<\/a><br \/>\n        <\/strong><\/p>\n<p>        Publi\u00e9 le<\/p>\n<p>            12 mai 2025 \u00e0 18h02        <\/p>\n<p>Lundi 28 avril, l\u2019une de ces bo\u00eetes a \u00e9t\u00e9 install\u00e9e \u00e0 l\u2019h\u00f4pital priv\u00e9 de la Baie \u00e0 <a href=\"https:\/\/actu.fr\/normandie\/avranches_50025\" target=\"_blank\" rel=\"noopener\">Avranches<\/a>. \u00ab Celle-ci nous tient particuli\u00e8rement \u00e0 c\u0153ur, car elle s\u2019inscrit dans notre d\u00e9marche culturelle, mais aussi dans le soin de soi \u00e0 travers l\u2019atelier d\u2019\u00e9criture. Une fois par mois, Claire Larquemain, animatrice d\u2019ateliers d\u2019\u00e9criture cr\u00e9ative, intervient aupr\u00e8s des patients mais aussi des soignants. Alors, quand on m\u2019a propos\u00e9 d\u2019installer cette bo\u00eete \u00e0 livres, j\u2019ai accept\u00e9 imm\u00e9diatement \u00bb, se r\u00e9jouit Vincent Gervaise, directeur de l\u2019h\u00f4pital.<\/p>\n<p class=\" wall-content\">Cette bo\u00eete est financ\u00e9e et sera r\u00e9guli\u00e8rement approvisionn\u00e9e en ouvrages par le Lions Club. \u00ab Les patients, et m\u00eame les visiteurs, pourront \u00e9galement y d\u00e9poser des livres \u00bb, confie le docteur Nour T\u00e2che, pr\u00e9sident de zone du Lions Club.<\/p>\n<p class=\" wall-content\">Situ\u00e9e au rez-de-chauss\u00e9e, en face de la caf\u00e9t\u00e9ria, cette bo\u00eete est la quatri\u00e8me mise en place par le club, apr\u00e8s celle de l\u2019h\u00f4pital public et deux autres dans des quartiers de la ville.<\/p>\n<p class=\" wall-content\">Suivez toute l\u2019actualit\u00e9 de vos villes et m\u00e9dias favoris en vous inscrivant \u00e0 <a href=\"https:\/\/moncompte.actu.fr\" title=\"D\u00e9couvez Mon Actu\" rel=\"nofollow noopener\" data-trk=\"{&quot;cta&quot;:{&quot;action&quot;:&quot;https:\\\/\\\/moncompte.actu.fr&quot;,&quot;category&quot;:&quot;mon compte&quot;,&quot;from&quot;:&quot;article footer&quot;,&quot;name&quot;:&quot;Mon actu&quot;,&quot;type&quot;:&quot;cta&quot;}}\" target=\"_blank\">Mon Actu<\/a>.<\/p>\n","protected":false},"excerpt":{"rendered":"Par R\u00e9daction La Gazette de la Manche Publi\u00e9 le 12 mai 2025 \u00e0 18h02 Lundi 28 avril, l\u2019une&hellip;\n","protected":false},"author":2,"featured_media":95701,"comment_status":"","ping_status":"","sticky":false,"template":"","format":"standard","meta":{"footnotes":""},"categories":[1357],"tags":[17295,1379,58,59,1011,27,1380,104,3400],"class_list":{"0":"post-95700","1":"post","2":"type-post","3":"status-publish","4":"format-standard","5":"has-post-thumbnail","7":"category-livres","8":"tag-avranches","9":"tag-books","10":"tag-divertissement","11":"tag-entertainment","12":"tag-fr","13":"tag-france","14":"tag-livres","15":"tag-societe","16":"tag-solidarite"},"share_on_mastodon":{"url":"https:\/\/pubeurope.com\/@fr\/114498133246536604","error":""},"_links":{"self":[{"href":"https:\/\/www.europesays.com\/fr\/wp-json\/wp\/v2\/posts\/95700","targetHints":{"allow":["GET"]}}],"collection":[{"href":"https:\/\/www.europesays.com\/fr\/wp-json\/wp\/v2\/posts"}],"about":[{"href":"https:\/\/www.europesays.com\/fr\/wp-json\/wp\/v2\/types\/post"}],"author":[{"embeddable":true,"href":"https:\/\/www.europesays.com\/fr\/wp-json\/wp\/v2\/users\/2"}],"replies":[{"embeddable":true,"href":"https:\/\/www.europesays.com\/fr\/wp-json\/wp\/v2\/comments?post=95700"}],"version-history":[{"count":0,"href":"https:\/\/www.europesays.com\/fr\/wp-json\/wp\/v2\/posts\/95700\/revisions"}],"wp:featuredmedia":[{"embeddable":true,"href":"https:\/\/www.europesays.com\/fr\/wp-json\/wp\/v2\/media\/95701"}],"wp:attachment":[{"href":"https:\/\/www.europesays.com\/fr\/wp-json\/wp\/v2\/media?parent=95700"}],"wp:term":[{"taxonomy":"category","embeddable":true,"href":"https:\/\/www.europesays.com\/fr\/wp-json\/wp\/v2\/categories?post=95700"},{"taxonomy":"post_tag","embeddable":true,"href":"https:\/\/www.europesays.com\/fr\/wp-json\/wp\/v2\/tags?post=95700"}],"curies":[{"name":"wp","href":"https:\/\/api.w.org\/{rel}","templated":true}]}}