{"id":957089,"date":"2026-05-26T03:10:24","date_gmt":"2026-05-26T03:10:24","guid":{"rendered":"https:\/\/www.europesays.com\/fr\/957089\/"},"modified":"2026-05-26T03:10:24","modified_gmt":"2026-05-26T03:10:24","slug":"serviette-mouillee-autour-du-cou-coma-profond-traces-adn-une-medecin-legiste-decrypte-la-mort-du-garcon-de-11-ans-a-rennes","status":"publish","type":"post","link":"https:\/\/www.europesays.com\/fr\/957089\/","title":{"rendered":"Serviette mouill\u00e9e autour du cou, coma profond, traces ADN : une m\u00e9decin l\u00e9giste d\u00e9crypte la mort du gar\u00e7on de 11 ans \u00e0 Rennes"},"content":{"rendered":"<p>\n    Caroline Rambaud, m\u00e9decin l\u00e9giste sp\u00e9cialiste en p\u00e9diatrie, pose un regard d\u2019experte sur le drame de ce dimanche 24 mai. Elle n\u2019est pas saisie de l\u2019affaire.<\/p>\n<p class=\"fig-paragraph\">\u00abSi on prouve que la cause de la mort vient de la serviette, \u00e7a ne peut pas \u00eatre accidentel.\u00bb Caroline Rambaud est\u00a0<a href=\"https:\/\/video.lefigaro.fr\/figaro\/philippe-boxho-le-legiste-star-dans-vos-librairies-20240710\" data-fig-type=\"Video\" data-gtm-custom-categorie=\"navigation\" data-gtm-custom-action=\"crossclick\" data-gtm-custom-label=\"Contextuel\" data-gtm-event=\"customEventSPE\" data-fig-domain=\"LEFIGARO\" rel=\"nofollow noopener\" target=\"_blank\">m\u00e9decin l\u00e9giste<\/a>, sp\u00e9cialis\u00e9e dans les autopsies p\u00e9diatriques. Au lendemain de la\u00a0<a href=\"http:\/\/www.lefigaro.fr\/faits-divers\/enfant-de-12-ans-retrouve-mort-a-rennes-un-mineur-de-16-ans-interpelle-20260525\" data-fig-type=\"NewsFlash\" data-gtm-custom-categorie=\"navigation\" data-gtm-custom-action=\"crossclick\" data-gtm-custom-label=\"Contextuel\" data-gtm-event=\"customEventSPE\" data-fig-domain=\"LEFIGARO\" rel=\"nofollow noopener\" target=\"_blank\">d\u00e9couverte du corps<\/a>\u00a0sans vie d\u2019un gar\u00e7on de 11 ans \u00e0\u00a0<a href=\"http:\/\/www.lefigaro.fr\/voyages\/dossier\/rennes\" data-fig-type=\"Topic\" data-gtm-custom-categorie=\"navigation\" data-gtm-custom-action=\"crossclick\" data-gtm-custom-label=\"Contextuel\" data-gtm-event=\"customEventSPE\" data-fig-domain=\"LEFIGARO\" rel=\"nofollow noopener\" target=\"_blank\">Rennes<\/a>, elle \u00e9claire avec pr\u00e9cision ce que la science m\u00e9dico-l\u00e9gale peut &#8211; et ne peut pas &#8211; \u00e9tablir dans une telle affaire.<\/p>\n<p class=\"fig-paragraph\">Dans un communiqu\u00e9 ce lundi 25 mai, le parquet de Rennes explique qu\u2019\u00abune serviette de bain mouill\u00e9e \u00e9tait nou\u00e9e tr\u00e8s serr\u00e9e autour du cou\u00bb de la jeune victime. Pour Caroline Rambaud, cet \u00e9l\u00e9ment est \u00e0 la fois inhabituel et r\u00e9v\u00e9lateur d\u2019un mode op\u00e9ratoire \u00abpar opportunit\u00e9\u00bb\u00a0: \u00abc\u2019est sans doute ce qu\u2019il y avait sur les lieux donc ils s\u2019en sont servi.\u00bb<\/p>\n<p class=\"fig-paragraph\">Mais les signes\u00a0<a href=\"http:\/\/www.lefigaro.fr\/faits-divers\/disparues-de-l-aveyron-les-deux-victimes-sont-mortes-par-asphyxie-selon-le-rapport-d-autopsie-20260401\" data-fig-type=\"NewsFlash\" data-gtm-custom-categorie=\"navigation\" data-gtm-custom-action=\"crossclick\" data-gtm-custom-label=\"Contextuel\" data-gtm-event=\"customEventSPE\" data-fig-domain=\"LEFIGARO\" rel=\"nofollow noopener\" target=\"_blank\">d\u2019asphyxie\u00a0<\/a>restent \u00abtoujours les m\u00eames\u00bb, assure cette derni\u00e8re. \u00abC\u2019est s\u00fbr que c\u2019est un petit peu moins asphyxiant qu\u2019un lien fait avec une corde, nuance-t-elle. Mais la pression prolong\u00e9e sur les voies a\u00e9riennes et les carotides finit quand m\u00eame par induire\u2026<\/p>\n<p class=\"fig-premium-paywall__infos\">\n        Cet article est r\u00e9serv\u00e9 aux abonn\u00e9s.        Il vous reste 80% \u00e0 d\u00e9couvrir.\n    <\/p>\n<p>                <img  data- alt=\"Le Figaro\" class=\"fig-img--complete fig-img\"\/><\/p>\n<p class=\"fig-premium-paywall__title\">Vous avez envie de lire la suite ?<\/p>\n<p class=\"fig-premium-paywall__subtitle\">D\u00e9bloquez tous les articles imm\u00e9diatement.<\/p>\n<p class=\"fig-premium-paywall__connect\">\n                D\u00e9j\u00e0 abonn\u00e9\u00a0?                <a class=\"fig-premium-paywall__connect-link\" href=\"https:\/\/connect.lefigaro.fr\/login?client=horizon_web&amp;type=main&amp;redirect_uri=https%3A%2F%2Fwww.lefigaro.fr%2Factualite-france%2Fserviette-mouillee-autour-du-cou-coma-profond-traces-adn-une-medecin-legiste-decrypte-la-mort-du-garcon-de-11-ans-a-rennes-20260525\" data-js-gtm=\"{&quot;event&quot;:&quot;customEventGA4&quot;,&quot;eventName&quot;:&quot;click_action&quot;,&quot;feature&quot;:&quot;paywall&quot;,&quot;location&quot;:&quot;paywall&quot;,&quot;button_action&quot;:&quot;connect&quot;,&quot;click_text&quot;:&quot;Connectez-vous&quot;}\" rel=\"nofollow noopener\" target=\"_blank\"><br \/>\n                    Connectez-vous<br \/>\n                <\/a>\n            <\/p>\n","protected":false},"excerpt":{"rendered":"Caroline Rambaud, m\u00e9decin l\u00e9giste sp\u00e9cialiste en p\u00e9diatrie, pose un regard d\u2019experte sur le drame de ce dimanche 24&hellip;\n","protected":false},"author":2,"featured_media":957090,"comment_status":"","ping_status":"","sticky":false,"template":"","format":"standard","meta":{"footnotes":"","_share_on_mastodon":"0"},"categories":[2],"tags":[11,10258,1011,27,224,18,12],"class_list":["post-957089","post","type-post","status-publish","format-standard","has-post-thumbnail","category-actualites","tag-actualites","tag-autopsie","tag-fr","tag-france","tag-medecine","tag-mort","tag-news"],"share_on_mastodon":{"url":"https:\/\/pubeurope.com\/@fr\/116638687278680244","error":""},"_links":{"self":[{"href":"https:\/\/www.europesays.com\/fr\/wp-json\/wp\/v2\/posts\/957089","targetHints":{"allow":["GET"]}}],"collection":[{"href":"https:\/\/www.europesays.com\/fr\/wp-json\/wp\/v2\/posts"}],"about":[{"href":"https:\/\/www.europesays.com\/fr\/wp-json\/wp\/v2\/types\/post"}],"author":[{"embeddable":true,"href":"https:\/\/www.europesays.com\/fr\/wp-json\/wp\/v2\/users\/2"}],"replies":[{"embeddable":true,"href":"https:\/\/www.europesays.com\/fr\/wp-json\/wp\/v2\/comments?post=957089"}],"version-history":[{"count":0,"href":"https:\/\/www.europesays.com\/fr\/wp-json\/wp\/v2\/posts\/957089\/revisions"}],"wp:featuredmedia":[{"embeddable":true,"href":"https:\/\/www.europesays.com\/fr\/wp-json\/wp\/v2\/media\/957090"}],"wp:attachment":[{"href":"https:\/\/www.europesays.com\/fr\/wp-json\/wp\/v2\/media?parent=957089"}],"wp:term":[{"taxonomy":"category","embeddable":true,"href":"https:\/\/www.europesays.com\/fr\/wp-json\/wp\/v2\/categories?post=957089"},{"taxonomy":"post_tag","embeddable":true,"href":"https:\/\/www.europesays.com\/fr\/wp-json\/wp\/v2\/tags?post=957089"}],"curies":[{"name":"wp","href":"https:\/\/api.w.org\/{rel}","templated":true}]}}