{"id":95712,"date":"2025-05-13T02:25:09","date_gmt":"2025-05-13T02:25:09","guid":{"rendered":"https:\/\/www.europesays.com\/fr\/95712\/"},"modified":"2025-05-13T02:25:09","modified_gmt":"2025-05-13T02:25:09","slug":"brigitte-macron-recadree-devant-les-cameras-ce-petit-geste-de-rachida-dati-va-faire-parler","status":"publish","type":"post","link":"https:\/\/www.europesays.com\/fr\/95712\/","title":{"rendered":"Brigitte Macron recadr\u00e9e devant les cam\u00e9ras ? Ce petit geste de Rachida Dati va faire parler"},"content":{"rendered":"<p class=\"p1\">Line Renaud a pris une grande d\u00e9cision. \u00c0 96 ans,<br \/>\nelle a d\u00e9cid\u00e9 de confier <strong>l\u2019ensemble de ses<br \/>\narchives<\/strong> et celles de son \u00e9poux, le compositeur Loulou<br \/>\nGast\u00e9, \u00e0 l\u2019\u00c9tat. Dans un communiqu\u00e9, le minist\u00e8re de la Culture a<br \/>\nainsi confirm\u00e9 : \u201cJacqueline Gast\u00e9, n\u00e9e Ente, dite Line Renaud,<br \/>\na remis ce jour \u00e0 Rachida Dati, ministre de la Culture, une lettre<br \/>\nde don de ses archives aux Archives nationales\u201d.<\/p>\n<p class=\"p1\">Lundi 12 mai, l\u2019actrice s\u2019est donc rendue sur place<br \/>\nafin de <strong>remettre officiellement sa lettre<\/strong>. Pour<br \/>\nl\u2019occasion, elle \u00e9tait accompagn\u00e9e de plusieurs personnalit\u00e9s dont<br \/>\nBrigitte Macron. La pr\u00e9sence de la Premi\u00e8re dame n\u2019\u00e9tait d\u2019ailleurs<br \/>\npas surprenante puisque les deux femmes partagent <a href=\"https:\/\/www.closermag.fr\/politique\/line-renaud-proche-de-brigitte-macron-une-femme-simple-et-naturelle-1196698#item=1\" rel=\"nofollow noopener\" target=\"_blank\"><br \/>\nune belle amiti\u00e9<\/a>.<\/p>\n<p>Rachida Dati calme les ardeurs de Brigitte<br \/>\nMacron<\/p>\n<p class=\"p1\">\u00c0 son arriv\u00e9e, Line Renaud est apparue soutenue par<br \/>\n<a href=\"https:\/\/www.telestar.fr\/actu_tv\/bonjour-tf1-rachida-dati-tres-agacee-par-un-chroniqueur-de-bruce-toussaint-elle-lui-arrache-son-micro-1714725\" target=\"_blank\" rel=\"noopener nofollow\">Rachida Dati<\/a>. Alors que tous les<br \/>\ninvit\u00e9s ont largement applaudi la chanteuse, <strong>Brigitte<br \/>\nMacron a \u00e9t\u00e9 stopp\u00e9e<\/strong> par la ministre de la Culture. Dans<br \/>\nune vid\u00e9o capt\u00e9e par BFMTV, Rachida Dati semble lui <strong>prendre<br \/>\ns\u00e8chement le bras<\/strong> pour lui intimer le silence. Visiblement<br \/>\ntouch\u00e9e par son geste, la femme d\u2019Emmanuel Macron se met alors en<br \/>\nretrait.<\/p>\n<p class=\"p1\">Dans la suite de la vid\u00e9o, Rachida Dati parait en<br \/>\nfait <strong>chercher Muriel Robin<\/strong> du bras. L\u2019humoriste,<br \/>\nmunie d\u2019une b\u00e9quille, lui r\u00e9pond d\u2019ailleurs \u201cJe suis l\u00e0\u201d,<br \/>\nen s\u2019approchant d\u2019elle. Si Rachida Dati a donc calm\u00e9 les ardeurs de<br \/>\nBrigitte Macron, son geste pourrait ne pas avoir \u00e9t\u00e9<br \/>\n<strong>intentionnel<\/strong>.<\/p>\n<blockquote class=\"twitter-tweet\"><p><a class=\"twitter-link\" rel=\"noindex, nofollow noopener\" href=\"https:\/\/twitter.com\/BFMTV\/status\/1921950043394687124\" target=\"_blank\"><\/p><\/blockquote>\n<p>Line Renaud s\u2019effondre \u00e0 la fin de<br \/>\nson discours<\/p>\n<p class=\"p1\">Peu apr\u00e8s son arriv\u00e9e, Line Renaud s\u2019est exprim\u00e9e sur<br \/>\n<strong>sa d\u00e9cision symbolique<\/strong> de confier ses archives.<br \/>\n\u201cLes archives que je vous confie ne sont pas seulement les<br \/>\nmiennes. Elles sont la chronique d\u2019une \u00e9poque, la parole souvent<br \/>\nbouleversante de tant de personnes c\u00e9l\u00e8bres, mais aussi<br \/>\nd\u2019anonymes\u201d, a-t-elle d\u00e9clar\u00e9.<\/p>\n<p class=\"p1\">Par la suite, la nonag\u00e9naire a <strong>remerci\u00e9 les<br \/>\nbiographes<\/strong> qui l\u2019ont aid\u00e9e \u00e0 \u201cexplorer [son]<br \/>\npass\u00e9\u201d. <a href=\"https:\/\/www.closermag.fr\/people\/jusqua-mon-dernier-souffle-en-tres-petite-sante-le-message-de-line-renaud-dit-tout-de-son-etat-3526890\" rel=\"nofollow noopener\" target=\"_blank\"><br \/>\nLine Renaud<\/a> a ensuite conclu, les larmes aux yeux : \u201cMes<br \/>\ntr\u00e8s chers amis, en prenant soin de ma m\u00e9moire, vous m\u2019offrez une<br \/>\ngrande paix. Le jour venu, je partirai le c\u0153ur tranquille\u201d.<br \/>\nElle s\u2019est finalement effondr\u00e9e et <strong>une grande<br \/>\n\u00e9motion<\/strong> a alors travers\u00e9 l\u2019assembl\u00e9e.<\/p>\n<p><script async src=\"https:\/\/platform.twitter.com\/widgets.js\" charset=\"utf-8\"><\/script><\/p>\n","protected":false},"excerpt":{"rendered":"Line Renaud a pris une grande d\u00e9cision. \u00c0 96 ans, elle a d\u00e9cid\u00e9 de confier l\u2019ensemble de ses&hellip;\n","protected":false},"author":2,"featured_media":95713,"comment_status":"","ping_status":"","sticky":false,"template":"","format":"standard","meta":{"footnotes":""},"categories":[8],"tags":[548,986,58,59,1011,27,417],"class_list":{"0":"post-95712","1":"post","2":"type-post","3":"status-publish","4":"format-standard","5":"has-post-thumbnail","7":"category-divertissement","8":"tag-article-simple","9":"tag-brigitte-macron","10":"tag-divertissement","11":"tag-entertainment","12":"tag-fr","13":"tag-france","14":"tag-rachida-dati"},"share_on_mastodon":{"url":"https:\/\/pubeurope.com\/@fr\/114498156907383193","error":""},"_links":{"self":[{"href":"https:\/\/www.europesays.com\/fr\/wp-json\/wp\/v2\/posts\/95712","targetHints":{"allow":["GET"]}}],"collection":[{"href":"https:\/\/www.europesays.com\/fr\/wp-json\/wp\/v2\/posts"}],"about":[{"href":"https:\/\/www.europesays.com\/fr\/wp-json\/wp\/v2\/types\/post"}],"author":[{"embeddable":true,"href":"https:\/\/www.europesays.com\/fr\/wp-json\/wp\/v2\/users\/2"}],"replies":[{"embeddable":true,"href":"https:\/\/www.europesays.com\/fr\/wp-json\/wp\/v2\/comments?post=95712"}],"version-history":[{"count":0,"href":"https:\/\/www.europesays.com\/fr\/wp-json\/wp\/v2\/posts\/95712\/revisions"}],"wp:featuredmedia":[{"embeddable":true,"href":"https:\/\/www.europesays.com\/fr\/wp-json\/wp\/v2\/media\/95713"}],"wp:attachment":[{"href":"https:\/\/www.europesays.com\/fr\/wp-json\/wp\/v2\/media?parent=95712"}],"wp:term":[{"taxonomy":"category","embeddable":true,"href":"https:\/\/www.europesays.com\/fr\/wp-json\/wp\/v2\/categories?post=95712"},{"taxonomy":"post_tag","embeddable":true,"href":"https:\/\/www.europesays.com\/fr\/wp-json\/wp\/v2\/tags?post=95712"}],"curies":[{"name":"wp","href":"https:\/\/api.w.org\/{rel}","templated":true}]}}