{"id":95714,"date":"2025-05-13T02:26:13","date_gmt":"2025-05-13T02:26:13","guid":{"rendered":"https:\/\/www.europesays.com\/fr\/95714\/"},"modified":"2025-05-13T02:26:13","modified_gmt":"2025-05-13T02:26:13","slug":"quelles-sont-les-nouveautes-dios-18-5-sur-liphone","status":"publish","type":"post","link":"https:\/\/www.europesays.com\/fr\/95714\/","title":{"rendered":"Quelles sont les nouveaut\u00e9s d&rsquo;iOS 18.5\u00a0sur l&rsquo;iPhone\u00a0?"},"content":{"rendered":"<p>                    <b>Apr\u00e8s seulement quatre versions b\u00eatas, Apple vient de d\u00e9ployer iOS 18.5. Cette mise \u00e0 jour, qui reste assez modeste en nouveaut\u00e9s, apporte tout de m\u00eame quelques ajustements au niveau de Mail, de l&rsquo;app R\u00e9glages syst\u00e8me, ainsi qu\u2019un fond d\u2019\u00e9cran exclusif li\u00e9 \u00e0 la collection Pride 2025 d\u2019Apple.<\/b><\/p>\n<p>                                                                                                                                                        <img decoding=\"async\" src=\"https:\/\/www.europesays.com\/fr\/wp-content\/uploads\/2025\/05\/9b9140cddf_ios-18-5.webp.webp\" alt=\"iOS 18.5\" width=\"1200\" height=\"580\" loading=\"lazy\"\/>        <\/p>\n<p>Des nouveaut\u00e9s discr\u00e8tes de Mail<\/p>\n<p><b>Depuis iOS 18.2, Apple Mail a fait l\u2019objet d\u2019une refonte visuelle et fonctionnelle importante<\/b>, avec l\u2019introduction de la cat\u00e9gorisation automatique des messages (Promotions, Transactions, etc.), une vue en r\u00e9sum\u00e9 avec hi\u00e9rarchisation des contenus, l&rsquo;affichage des photos de contact ou encore le regroupement par exp\u00e9diteur.<\/p>\n<p>                                                                                                                                                        <img decoding=\"async\" src=\"https:\/\/www.europesays.com\/fr\/wp-content\/uploads\/2025\/05\/3fb01e539f_ios-18-4-quelles-sont-les-fonctions-d-apple-intelligence-a-venir-en-france.webp.webp\" alt=\"Disponible depuis iOS 18.4\" width=\"1200\" height=\"852\" loading=\"lazy\"\/>                Disponible depuis iOS 18.4<\/p>\n<p>Avec iOS 18.5, Apple permet d\u00e9sormais de <b>d\u00e9sactiver les photos de contact et la vue Grouper par exp\u00e9diteur directement depuis ce m\u00eame menu au sein de l\u2019application Mail<\/b>. Pour cela, il suffit d&rsquo;aller directement dans Mail et de se placer sur n&rsquo;importe quel compte de messagerie, puis de cliquer sur les trois points en haut \u00e0 droite.<\/p>\n<p>En outre, on trouve une derni\u00e8re option concernant l&rsquo;<b>affichage des photos des contacts<\/b>. Jusqu\u2019ici, la d\u00e9sactivation des photos de contact n\u00e9cessitait un passage dans les R\u00e9glages syst\u00e8me\u00a0: R\u00e9glages &gt; Applications &gt; Mail &gt; Afficher les photos de contact. Cette \u00e9tape n\u2019est d\u00e9sormais plus n\u00e9cessaire.<\/p>\n<p>De m\u00eame, il est d\u00e9sormais possible de revenir plus facilement aux <b>deux pr\u00e9sentations par cat\u00e9gories ou par liste<\/b>, avec la possibilit\u00e9 d&rsquo;afficher la priorit\u00e9 via Apple Intelligence (pour les iPhone compatibles). Ces modifications restent minimes, mais elles r\u00e9pondent \u00e0 une demande d\u2019ergonomie exprim\u00e9e par de <b>nombreux utilisateurs regrettant la simplicit\u00e9 de l\u2019ancien design<\/b>. En centralisant les options dans l\u2019interface m\u00eame de l\u2019app Mail, Apple rend le processus de personnalisation plus fluide et accessible. <\/p>\n<p>                                                                                                                                                        <img decoding=\"async\" src=\"https:\/\/www.europesays.com\/fr\/wp-content\/uploads\/2025\/05\/1aeade5231_quelles-sont-les-nouveautes-d-ios-18-5-sur-l-iphone.webp.webp\" alt=\"Quelles sont les nouveaut\u00e9s d'iOS 18.5\u00a0sur l'iPhone\u00a0?\" width=\"1179\" height=\"1156\" loading=\"lazy\"\/>        <\/p>\n<p>Temps d&rsquo;\u00e9cran<\/p>\n<p>iOS 18.5 inclut une modification au niveau du Temps d&rsquo;\u00e9cran. <b>Les parents vont pouvoir recevoir une notification lorsque le code d&rsquo;acc\u00e8s Temps d&rsquo;\u00e9cran est entr\u00e9 avec succ\u00e8s sur l&rsquo;appareil de leur enfant.<\/b> Ce qui permet de griller les petits malins qui ont trouv\u00e9 ce dernier et l&rsquo;ont utilis\u00e9 sans demander la permission. <\/p>\n<p>Rappelons que <b>Temps d&rsquo;\u00e9cran a \u00e9t\u00e9 lanc\u00e9 en 2018 dans le cadre d&rsquo;iOS 12, fournissant aux parents des param\u00e8tres pour g\u00e9rer \u00e0 distance l&rsquo;appareil d&rsquo;un enfant<\/b>. Par exemple, les parents peuvent restreindre l&rsquo;utilisation de l&rsquo;appareil \u00e0 certaines heures, fixer des limites de temps pour les applications et bloquer le contenu inappropri\u00e9.<\/p>\n<p>                                                                                                                                                        <img decoding=\"async\" src=\"https:\/\/www.europesays.com\/fr\/wp-content\/uploads\/2025\/05\/25d0b75c5a_quelles-sont-les-nouveautes-d-ios-18-5.webp.webp\" alt=\"Quelles sont les nouveaut\u00e9s d'iOS 18.5\u00a0sur l'iPhone\u00a0?\" width=\"1179\" height=\"972\" loading=\"lazy\"\/>        <\/p>\n<p>AppleCare+<\/p>\n<p>Dans l\u2019app R\u00e9glages, notons au passage qu&rsquo;Apple met davantage en avant les <b>informations relatives \u00e0 la couverture AppleCare+<\/b>, rendant plus visible l\u2019\u00e9tat de garantie ou d\u2019assurance de votre appareil. Un petit changement qui am\u00e9liore la lisibilit\u00e9 des services associ\u00e9s \u00e0 votre iPhone.<\/p>\n<p>                                                                                                                                                        <img decoding=\"async\" src=\"https:\/\/www.europesays.com\/fr\/wp-content\/uploads\/2025\/05\/9c0aef4566_quelles-sont-les-nouveautes-d-ios-18-5.webp.webp\" alt=\"Quelles sont les nouveaut\u00e9s d'iOS 18.5\u00a0sur l'iPhone\u00a0?\" width=\"1179\" height=\"644\" loading=\"lazy\"\/>        <\/p>\n<p>Un nouveau fond d\u2019\u00e9cran dynamique pour la collection Pride 2025<\/p>\n<p>Pour accompagner son <a href=\"https:\/\/www.mac4ever.com\/watch\/189078-voici-le-bracelet-pride-edition-2025-pour-l-apple-watch-ios-18-5-et-watchos-11-5-en-approche\" target=\"_blank\" rel=\"noopener\">op\u00e9ration Pride 2025<\/a> et comme chaque ann\u00e9e, Apple propose un fond d\u2019\u00e9cran exclusif. Comme elle l&rsquo;avait annonc\u00e9 il y a quelques jours, iOS 18.5 ne fait pas exception. Un nouveau fond d\u2019\u00e9cran pour iPhone et iPad sera ajout\u00e9 \u00e0 cette occasion, assorti au nouveau bracelet Sport pour Apple Watch.<\/p>\n<p><b>Ce fond d\u2019\u00e9cran est compos\u00e9 de rayures color\u00e9es en mouvement, qui r\u00e9agissent aux actions de l\u2019utilisateur<\/b> (verrouillage, d\u00e9verrouillage, mouvements). Il sera d\u00e9ploy\u00e9 avec iOS 18.5 et iPadOS 18.5, en lien avec la mise en vente du bracelet sur Apple.com.<\/p>\n<p>                                                                                                                                                        <img decoding=\"async\" src=\"https:\/\/www.europesays.com\/fr\/wp-content\/uploads\/2025\/05\/4a87404abd_apple-pride.webp.webp\" alt=\"Apple Pride\" width=\"1200\" height=\"675\" loading=\"lazy\"\/>        <\/p>\n<p>        Une mise \u00e0 jour mineure avant les grandes annonces de la WWDC<\/p>\n<p>iOS 18.5 n\u2019est pas une r\u00e9volution en soi mais c&rsquo;\u00e9tait attendu. En effet, il s&rsquo;agit de la derni\u00e8re version avant la pr\u00e9sentation d&rsquo;iOS 19 \u00e0 la WWDC 2025 dans moins d&rsquo;un mois. Et il est fort probable qu&rsquo;Apple y d\u00e9voile ses grandes nouveaut\u00e9s. En attendant, cette mise \u00e0 jour assure des raffinements bienvenus pour les utilisateurs quotidiens, tout en poursuivant l\u2019engagement d\u2019Apple en faveur de la diversit\u00e9 et de l\u2019inclusion.<\/p>\n","protected":false},"excerpt":{"rendered":"Apr\u00e8s seulement quatre versions b\u00eatas, Apple vient de d\u00e9ployer iOS 18.5. Cette mise \u00e0 jour, qui reste assez&hellip;\n","protected":false},"author":2,"featured_media":95715,"comment_status":"","ping_status":"","sticky":false,"template":"","format":"standard","meta":{"footnotes":""},"categories":[7],"tags":[1011,27,20866,43,40,41,39,42,44],"class_list":{"0":"post-95714","1":"post","2":"type-post","3":"status-publish","4":"format-standard","5":"has-post-thumbnail","7":"category-sciences-et-technologies","8":"tag-fr","9":"tag-france","10":"tag-ios18","11":"tag-science","12":"tag-science-and-technology","13":"tag-sciences","14":"tag-sciences-et-technologies","15":"tag-technologies","16":"tag-technology"},"share_on_mastodon":{"url":"https:\/\/pubeurope.com\/@fr\/114498161029832277","error":""},"_links":{"self":[{"href":"https:\/\/www.europesays.com\/fr\/wp-json\/wp\/v2\/posts\/95714","targetHints":{"allow":["GET"]}}],"collection":[{"href":"https:\/\/www.europesays.com\/fr\/wp-json\/wp\/v2\/posts"}],"about":[{"href":"https:\/\/www.europesays.com\/fr\/wp-json\/wp\/v2\/types\/post"}],"author":[{"embeddable":true,"href":"https:\/\/www.europesays.com\/fr\/wp-json\/wp\/v2\/users\/2"}],"replies":[{"embeddable":true,"href":"https:\/\/www.europesays.com\/fr\/wp-json\/wp\/v2\/comments?post=95714"}],"version-history":[{"count":0,"href":"https:\/\/www.europesays.com\/fr\/wp-json\/wp\/v2\/posts\/95714\/revisions"}],"wp:featuredmedia":[{"embeddable":true,"href":"https:\/\/www.europesays.com\/fr\/wp-json\/wp\/v2\/media\/95715"}],"wp:attachment":[{"href":"https:\/\/www.europesays.com\/fr\/wp-json\/wp\/v2\/media?parent=95714"}],"wp:term":[{"taxonomy":"category","embeddable":true,"href":"https:\/\/www.europesays.com\/fr\/wp-json\/wp\/v2\/categories?post=95714"},{"taxonomy":"post_tag","embeddable":true,"href":"https:\/\/www.europesays.com\/fr\/wp-json\/wp\/v2\/tags?post=95714"}],"curies":[{"name":"wp","href":"https:\/\/api.w.org\/{rel}","templated":true}]}}