{"id":95718,"date":"2025-05-13T02:28:12","date_gmt":"2025-05-13T02:28:12","guid":{"rendered":"https:\/\/www.europesays.com\/fr\/95718\/"},"modified":"2025-05-13T02:28:12","modified_gmt":"2025-05-13T02:28:12","slug":"birmanie-une-frappe-aerienne-de-la-junte-sur-une-ecole-pendant-la-treve-tue-22-personnes-selon-des-temoins-actualites","status":"publish","type":"post","link":"https:\/\/www.europesays.com\/fr\/95718\/","title":{"rendered":"Birmanie: une frappe a\u00e9rienne de la junte sur une \u00e9cole pendant la tr\u00eave tue 22 personnes, selon des t\u00e9moins : Actualit\u00e9s"},"content":{"rendered":"<p class=\"lead \">L&rsquo;arm\u00e9e de l&rsquo;air de la junte birmane a bombard\u00e9 une \u00e9cole lundi, tuant 22 personnes, dont vingt enfants, selon des t\u00e9moins, malgr\u00e9 un cessez-le-feu humanitaire \u00e0 la suite d&rsquo;un tremblement de terre d\u00e9vastateur. <\/p>\n<p class=\"lead \">La frappe a atteint vers 10H00 (03H30 GMT) une \u00e9cole de Oe Htein Kwin, \u00e0 une centaine de kilom\u00e8tres au nord-ouest de l&rsquo;\u00e9picentre du s\u00e9isme qui avait fait pr\u00e8s de 3.800 morts le 28 mars, ont indiqu\u00e9 des habitants.<\/p>\n<p class=\"lead \">\u00ab\u00a0Pour l&rsquo;instant, 22 personnes au total &#8212; vingt enfants et deux enseignants &#8212; ont \u00e9t\u00e9 tu\u00e9es,\u00a0\u00bb a d\u00e9clar\u00e9 une enseignante de 34 ans de l&rsquo;\u00e9cole du village de Oe Htein Kwin, parlant sous condition d&rsquo;anonymat. <\/p>\n<p class=\"lead \">\u00ab\u00a0Nous avons tent\u00e9 de disperser les enfants mais l&rsquo;avion \u00e9tait trop rapide et a largu\u00e9 ses bombes\u00a0\u00bb, a ajout\u00e9 l&rsquo;enseignante.<\/p>\n<p class=\"lead \">Un responsable \u00e9ducatif dans la r\u00e9gion de Sagaing a donn\u00e9 le m\u00eame bilan. <\/p>\n<p class=\"lead \">Le b\u00e2timent vert de l&rsquo;\u00e9cole \u00e9tait d\u00e9vast\u00e9, son toit m\u00e9tallique ab\u00eem\u00e9 et ses murs en briques \u00e9ventr\u00e9s par de grands trous. Plus d&rsquo;une dizaine de sacs \u00e0 dos abandonn\u00e9s \u00e9taient empil\u00e9s devant un poteau \u00e0 l&rsquo;ext\u00e9rieur arborant le drapeau de la Birmanie.<\/p>\n<p class=\"lead \">Les parents creusaient de petites tombes dans la terre dure pour inhumer les corps de leurs enfants envelopp\u00e9s dans des linceuls.<\/p>\n<p class=\"lead \">Le service d&rsquo;information de la junte a affirm\u00e9 que les informations sur la frappe \u00e9taient \u00ab\u00a0des nouvelles fabriqu\u00e9es\u00a0\u00bb. \u00ab\u00a0Il n&rsquo;y a pas eu de frappe a\u00e9rienne ou de cibles non militaires\u00a0\u00bb, a-t-il d\u00e9clar\u00e9 dans un communiqu\u00e9.<\/p>\n<p class=\"lead \">La Birmanie est ravag\u00e9e par une guerre civile depuis le coup d&rsquo;Etat qui permis \u00e0 la junte de s&#8217;emparer du pouvoir en 2021. Les militaires sont confront\u00e9s \u00e0 des adversaires issus de minorit\u00e9s ethniques et du mouvement pro-d\u00e9mocratie.<\/p>\n<p class=\"lead \">Les g\u00e9n\u00e9raux ont instaur\u00e9 jusqu&rsquo;\u00e0 la fin du mois une tr\u00eave humanitaire pour aider les secours et les efforts de reconstruction \u00e0 la suite du s\u00e9isme de magnitude 7,7 du 28 mars.<\/p>\n<p class=\"lead \">Le cessez-le-feu a \u00e9t\u00e9 instaur\u00e9 du 6 au 30 mai afin de \u00ab\u00a0poursuivre les efforts de reconstruction et de r\u00e9habilitation\u00a0\u00bb, selon le gouvernement militaire.<\/p>\n<p class=\"lead \">Le cessez-le-feu n&rsquo;a pas emp\u00each\u00e9 la junte de conduire des frappes a\u00e9riennes, ni ses adversaires de mener des attaques.<\/p>\n<p class=\"lead \">&#8211; \u00ab\u00a0Les besoins sont immenses\u00a0\u00bb &#8211;<\/p>\n<p class=\"lead \">Des dizaines de milliers d&rsquo;habitants vivent encore dehors apr\u00e8s le s\u00e9isme qui a d\u00e9truit ou fortement endommag\u00e9 leurs habitations, dans la perspective de devoir affronter la saison des moussons qui commence dans les prochaines semaines.<\/p>\n<p class=\"lead \">\u00ab\u00a0Les besoins sont immenses\u00a0\u00bb, a d\u00e9clar\u00e9 lundi \u00e0 l&rsquo;AFP Jagan Chapagain, Secr\u00e9taire g\u00e9n\u00e9ral de la F\u00e9d\u00e9ration internationale des soci\u00e9t\u00e9s de la Croix-Rouge et du Croissant-Rouge.<\/p>\n<p class=\"lead \">\u00ab\u00a0Ma crainte est que le temps n&rsquo;est pas de notre c\u00f4t\u00e9\u00a0\u00bb, a-t-il ajout\u00e9.<\/p>\n<p class=\"lead \">Les Nations unies et des observateurs ind\u00e9pendants affirment que la junte a poursuivi les bombardements a\u00e9riens malgr\u00e9 la tr\u00eave. <\/p>\n<p class=\"lead \">La semaine derni\u00e8re, l&rsquo;ONU a indiqu\u00e9 que depuis le tremblement de terre, plus de 200 civils avaient \u00e9t\u00e9 tu\u00e9s dans au moins 243 attaques militaires, dont 171 frappes a\u00e9riennes.<\/p>\n<p class=\"lead \">Dans leur proclamation du cessez-le-feu, les militaires ont averti qu&rsquo;ils prendraient \u00ab\u00a0les mesures d\u00e9fensives n\u00e9cessaires\u00a0\u00bb s&rsquo;ils \u00e9taient attaqu\u00e9s par leurs adversaires.<\/p>\n<p class=\"lead \">De nombreux groupes ethniques arm\u00e9s ou oppos\u00e9s \u00e0 la junte ont promis de suspendre les hostilit\u00e9s. Mais au cours de la tr\u00eave, des habitants de l&rsquo;est de la Birmanie ont dit avoir \u00e9t\u00e9 d\u00e9plac\u00e9s au moment o\u00f9 des forces anti-junte assi\u00e9geaient des villes contr\u00f4l\u00e9es par la junte sur une importante route commerciale vers la Tha\u00eflande.<\/p>\n<p class=\"lead \">Lors du s\u00e9isme, le sol s&rsquo;est d\u00e9form\u00e9 jusqu&rsquo;\u00e0 six m\u00e8tres dans certains endroits, aplatissant les appartements, ouvrant des trous b\u00e9ants dans les chauss\u00e9es et provoquant l&rsquo;effondrement d&rsquo;un pont crucial pour la circulation.<\/p>\n<p class=\"lead \">L&rsquo;aide humanitaire a \u00e9t\u00e9 entrav\u00e9e par les probl\u00e8mes de financement depuis que le pr\u00e9sident am\u00e9ricain Donald Trump a r\u00e9duit l&rsquo;aide internationale am\u00e9ricaine.<\/p>\n<p class=\"small font-weight-bold text-gray3 \"> publi\u00e9 le 12 mai \u00e0 19h05, AFP<\/p>\n<p>                             Partager<\/p>\n","protected":false},"excerpt":{"rendered":"L&rsquo;arm\u00e9e de l&rsquo;air de la junte birmane a bombard\u00e9 une \u00e9cole lundi, tuant 22 personnes, dont vingt enfants,&hellip;\n","protected":false},"author":2,"featured_media":95719,"comment_status":"","ping_status":"","sticky":false,"template":"","format":"standard","meta":{"footnotes":""},"categories":[5],"tags":[11,10268,4703,2120,1011,27,14,12,20867,28],"class_list":{"0":"post-95718","1":"post","2":"type-post","3":"status-publish","4":"format-standard","5":"has-post-thumbnail","7":"category-international","8":"tag-actualites","9":"tag-arme","10":"tag-birmanie","11":"tag-conflit","12":"tag-fr","13":"tag-france","14":"tag-international","15":"tag-news","16":"tag-sisme","17":"tag-world"},"share_on_mastodon":{"url":"https:\/\/pubeurope.com\/@fr\/114498168735749464","error":""},"_links":{"self":[{"href":"https:\/\/www.europesays.com\/fr\/wp-json\/wp\/v2\/posts\/95718","targetHints":{"allow":["GET"]}}],"collection":[{"href":"https:\/\/www.europesays.com\/fr\/wp-json\/wp\/v2\/posts"}],"about":[{"href":"https:\/\/www.europesays.com\/fr\/wp-json\/wp\/v2\/types\/post"}],"author":[{"embeddable":true,"href":"https:\/\/www.europesays.com\/fr\/wp-json\/wp\/v2\/users\/2"}],"replies":[{"embeddable":true,"href":"https:\/\/www.europesays.com\/fr\/wp-json\/wp\/v2\/comments?post=95718"}],"version-history":[{"count":0,"href":"https:\/\/www.europesays.com\/fr\/wp-json\/wp\/v2\/posts\/95718\/revisions"}],"wp:featuredmedia":[{"embeddable":true,"href":"https:\/\/www.europesays.com\/fr\/wp-json\/wp\/v2\/media\/95719"}],"wp:attachment":[{"href":"https:\/\/www.europesays.com\/fr\/wp-json\/wp\/v2\/media?parent=95718"}],"wp:term":[{"taxonomy":"category","embeddable":true,"href":"https:\/\/www.europesays.com\/fr\/wp-json\/wp\/v2\/categories?post=95718"},{"taxonomy":"post_tag","embeddable":true,"href":"https:\/\/www.europesays.com\/fr\/wp-json\/wp\/v2\/tags?post=95718"}],"curies":[{"name":"wp","href":"https:\/\/api.w.org\/{rel}","templated":true}]}}