{"id":95742,"date":"2025-05-13T02:43:17","date_gmt":"2025-05-13T02:43:17","guid":{"rendered":"https:\/\/www.europesays.com\/fr\/95742\/"},"modified":"2025-05-13T02:43:17","modified_gmt":"2025-05-13T02:43:17","slug":"a-melesse-lassociation-du-quartier-de-la-bohuonnais-sappelle-les-illustres-bretons","status":"publish","type":"post","link":"https:\/\/www.europesays.com\/fr\/95742\/","title":{"rendered":"\u00c0 Melesse, l\u2019association du quartier de La Bohuonnais s\u2019appelle Les Illustres bretons"},"content":{"rendered":"<p>D\u00e9clar\u00e9e en pr\u00e9fecture sous l\u2019entit\u00e9\u00a0Les Illustres bretons, association de quartier de La Bohuonnais, est aujourd\u2019hui en ordre de marche. Pourquoi ce nom\u00a0? <strong>\u00ab\u00a0Chateaubriand, Lamennais, Jacques-Cartier, Robert-Surcouf, Ernest-Renan, Ren\u00e9-Laennec\u2026<\/strong> \u00e9num\u00e8re Karine Ferran, secr\u00e9taire de l\u2019association. <strong>Nous avons choisi les noms d\u2019illustres Bretons en relation avec le nom des rues du quartier.\u00a0\u00bb<\/strong><\/p>\n<p>\u00ab\u00a0Cr\u00e9er du lien entre les habitants\u00a0\u00bb<\/p>\n<p><strong>\u00ab\u00a0Une premi\u00e8re r\u00e9union avait pr\u00e9alablement r\u00e9uni une trentaine de personnes du quartier\u00a0\u00bb<\/strong>, rappelle Julien Cabioch, pr\u00e9sident. Avec quels objectifs\u00a0? <strong>\u00ab\u00a0Cr\u00e9er du lien entre les habitants \u00e0 travers des temps conviviaux<\/strong>, d\u00e9cline le pr\u00e9sident. <strong>Le tout en pr\u00e9servant le bien-\u00eatre et le bien vivre du quartier\u00a0\u00bb<\/strong>.<\/p>\n<p>La mutualisation des \u00e9quipements ou des services est aussi \u00e0 l\u2019ordre du jour. \u00ab<strong>\u00a0Nous l\u2019avons par exemple d\u00e9j\u00e0 v\u00e9cu en commandant du bois de chauffage pour l\u2019hiver prochain<\/strong>, note comme exemple Julien Cabioch. <strong>Nous avons alors b\u00e9n\u00e9fici\u00e9 de rabais par le fournisseur.\u00a0\u00bb<\/strong><\/p>\n<p><strong>\u00ab\u00a0Le quartier de La Bohuonnais ne compte pas moins de 140\u00a0maisons, avec un renouvellement r\u00e9gulier de la population<\/strong>, observe Alain Ferran, tr\u00e9sorier.<strong>\u00a0Si le but est de cr\u00e9er avant tout du lien entre nous tous<\/strong>, <strong>l\u2019association souhaite aussi pr\u00e9server le bien-\u00eatre et le bien vivre de notre environnement.\u00a0\u00bb<\/strong> Le pr\u00e9sident julien Cabioch invite \u00e0 rejoindre l\u2019association\u00a0: <strong>\u00ab\u00a0Pour \u00eatre membre, il faut simplement habiter le quartier.\u00a0\u00bb<\/strong><\/p>\n<p>Le bureau est constitu\u00e9 de Julien Cabioch, pr\u00e9sident, Alain Ferran, tr\u00e9sorier, St\u00e9phanie Mollez, vice-tr\u00e9sori\u00e8re, et Karine Ferran, secr\u00e9taire. <strong>\u00ab\u00a0Nous pr\u00e9voyons une f\u00eate de quartier, dimanche 18\u00a0mai, de 12\u00a0h \u00e0 18\u00a0h, au square<\/strong>, invitent-ils. <strong>Chaque membre am\u00e8ne un repas \u00e0 partager et des jeux en ext\u00e9rieur pour cette journ\u00e9e \u00e0 passer entre voisins.\u00a0\u00bb<\/strong> Un tournoi de palets sera \u00e9galement propos\u00e9.<\/p>\n<p><strong>Les Illustres bretons,<\/strong> associationbohuonnaismelesse@gmail.com ou t\u00e9l. 06\u00a072\u00a089\u00a024\u00a025. Square de La Bohuonnais, 21, rue Surcouf.<\/p>\n<p>\u00a0<\/p>\n","protected":false},"excerpt":{"rendered":"D\u00e9clar\u00e9e en pr\u00e9fecture sous l\u2019entit\u00e9\u00a0Les Illustres bretons, association de quartier de La Bohuonnais, est aujourd\u2019hui en ordre de&hellip;\n","protected":false},"author":2,"featured_media":95743,"comment_status":"","ping_status":"","sticky":false,"template":"","format":"standard","meta":{"footnotes":""},"categories":[2821],"tags":[1111,11,18235,4077,20868,829,20870,1777,674,1011,27,20869,9113,12,5775,584,25],"class_list":{"0":"post-95742","1":"post","2":"type-post","3":"status-publish","4":"format-standard","5":"has-post-thumbnail","7":"category-rennes","8":"tag-actu","9":"tag-actualites","10":"tag-appelle","11":"tag-association","12":"tag-bohuonnais","13":"tag-bretagne","14":"tag-bretons","15":"tag-eu","16":"tag-europe","17":"tag-fr","18":"tag-france","19":"tag-illustres","20":"tag-melesse","21":"tag-news","22":"tag-quartier","23":"tag-rennes","24":"tag-republique-francaise"},"share_on_mastodon":{"url":"https:\/\/pubeurope.com\/@fr\/114498227612306706","error":""},"_links":{"self":[{"href":"https:\/\/www.europesays.com\/fr\/wp-json\/wp\/v2\/posts\/95742","targetHints":{"allow":["GET"]}}],"collection":[{"href":"https:\/\/www.europesays.com\/fr\/wp-json\/wp\/v2\/posts"}],"about":[{"href":"https:\/\/www.europesays.com\/fr\/wp-json\/wp\/v2\/types\/post"}],"author":[{"embeddable":true,"href":"https:\/\/www.europesays.com\/fr\/wp-json\/wp\/v2\/users\/2"}],"replies":[{"embeddable":true,"href":"https:\/\/www.europesays.com\/fr\/wp-json\/wp\/v2\/comments?post=95742"}],"version-history":[{"count":0,"href":"https:\/\/www.europesays.com\/fr\/wp-json\/wp\/v2\/posts\/95742\/revisions"}],"wp:featuredmedia":[{"embeddable":true,"href":"https:\/\/www.europesays.com\/fr\/wp-json\/wp\/v2\/media\/95743"}],"wp:attachment":[{"href":"https:\/\/www.europesays.com\/fr\/wp-json\/wp\/v2\/media?parent=95742"}],"wp:term":[{"taxonomy":"category","embeddable":true,"href":"https:\/\/www.europesays.com\/fr\/wp-json\/wp\/v2\/categories?post=95742"},{"taxonomy":"post_tag","embeddable":true,"href":"https:\/\/www.europesays.com\/fr\/wp-json\/wp\/v2\/tags?post=95742"}],"curies":[{"name":"wp","href":"https:\/\/api.w.org\/{rel}","templated":true}]}}