{"id":957434,"date":"2026-05-26T07:16:23","date_gmt":"2026-05-26T07:16:23","guid":{"rendered":"https:\/\/www.europesays.com\/fr\/957434\/"},"modified":"2026-05-26T07:16:23","modified_gmt":"2026-05-26T07:16:23","slug":"saint-jacques-de-la-lande-la-nouvelle-equipe-municipale-a-visite-les-cinq-ecoles","status":"publish","type":"post","link":"https:\/\/www.europesays.com\/fr\/957434\/","title":{"rendered":"Saint-Jacques-de-la-Lande. La nouvelle \u00e9quipe municipale a visit\u00e9 les cinq \u00e9coles"},"content":{"rendered":"<p>\u00a0C\u2019est vous le pr\u00e9sident de Saint-Jacques\u00a0?\u00a0 Cette question d\u2019un \u00e9l\u00e8ve de CM1 de Suzanne-Lacore \u00e0 S\u00e9bastien Collet exprime la surprise des enfants \u00e0 l\u2019entr\u00e9e du maire dans la classe de Morgann Bathelier, vendredi, pour la premi\u00e8re \u00e9tape du circuit des \u00e9coles de la commune.<\/p>\n<p>Durant toute la matin\u00e9e, le maire, accompagn\u00e9 d\u2019\u00c9meline Talon, adjointe en charge de l\u2019\u00e9ducation, la vie des familles et des enfants, d\u2019Emmanuelle Audo, directrice du p\u00f4le \u00e9ducation, et de Damien Ars, directeur du p\u00e9riscolaire \u00e0 la ville, s\u2019est rendu dans les cinq \u00e9coles maternelles et primaires de la commune.<\/p>\n<p>Dans plusieurs classes, le maire et son adjointe ont pu \u00e9changer en direct avec les \u00e9l\u00e8ves de fa\u00e7on spontan\u00e9e, parfois avec un certain humour\u00a0: \u00a0Pouvez-vous ajouter des frites et des burgers plus souvent \u00e0 la cantine\u00a0?\u00a0<\/p>\n<p>S\u00e9bastien Collet confiait \u00e0 l\u2019issue de cette longue visite\u00a0: <strong> \u00a0Je serai attentif \u00e0 garder ce lien constant avec les \u00e9coles. Le bien-\u00eatre des enfants est au c\u0153ur du projet.\u00a0<\/strong>De son c\u00f4t\u00e9, \u00c9meline Talon souligne\u00a0qu\u2019\u00a0une politique \u00e9ducative r\u00e9ussie passe d\u2019abord par une approche de terrain aupr\u00e8s des enfants et des \u00e9quipes p\u00e9dagogiques.\u00a0<\/p>\n<p>\u00a0<\/p>\n","protected":false},"excerpt":{"rendered":"\u00a0C\u2019est vous le pr\u00e9sident de Saint-Jacques\u00a0?\u00a0 Cette question d\u2019un \u00e9l\u00e8ve de CM1 de Suzanne-Lacore \u00e0 S\u00e9bastien Collet exprime&hellip;\n","protected":false},"author":2,"featured_media":957435,"comment_status":"","ping_status":"","sticky":false,"template":"","format":"standard","meta":{"footnotes":"","_share_on_mastodon":"0"},"categories":[2821],"tags":[1111,11,829,4019,2263,1777,674,1011,27,16009,12,2043,3086,584,25,18461,510],"class_list":["post-957434","post","type-post","status-publish","format-standard","has-post-thumbnail","category-rennes","tag-actu","tag-actualites","tag-bretagne","tag-ecoles","tag-equipe","tag-eu","tag-europe","tag-fr","tag-france","tag-municipale","tag-news","tag-nouvelle","tag-redon","tag-rennes","tag-republique-francaise","tag-saint-jacques-de-la-lande","tag-visite"],"share_on_mastodon":{"url":"https:\/\/pubeurope.com\/@fr\/116639654609829646","error":""},"_links":{"self":[{"href":"https:\/\/www.europesays.com\/fr\/wp-json\/wp\/v2\/posts\/957434","targetHints":{"allow":["GET"]}}],"collection":[{"href":"https:\/\/www.europesays.com\/fr\/wp-json\/wp\/v2\/posts"}],"about":[{"href":"https:\/\/www.europesays.com\/fr\/wp-json\/wp\/v2\/types\/post"}],"author":[{"embeddable":true,"href":"https:\/\/www.europesays.com\/fr\/wp-json\/wp\/v2\/users\/2"}],"replies":[{"embeddable":true,"href":"https:\/\/www.europesays.com\/fr\/wp-json\/wp\/v2\/comments?post=957434"}],"version-history":[{"count":0,"href":"https:\/\/www.europesays.com\/fr\/wp-json\/wp\/v2\/posts\/957434\/revisions"}],"wp:featuredmedia":[{"embeddable":true,"href":"https:\/\/www.europesays.com\/fr\/wp-json\/wp\/v2\/media\/957435"}],"wp:attachment":[{"href":"https:\/\/www.europesays.com\/fr\/wp-json\/wp\/v2\/media?parent=957434"}],"wp:term":[{"taxonomy":"category","embeddable":true,"href":"https:\/\/www.europesays.com\/fr\/wp-json\/wp\/v2\/categories?post=957434"},{"taxonomy":"post_tag","embeddable":true,"href":"https:\/\/www.europesays.com\/fr\/wp-json\/wp\/v2\/tags?post=957434"}],"curies":[{"name":"wp","href":"https:\/\/api.w.org\/{rel}","templated":true}]}}