{"id":95748,"date":"2025-05-13T02:47:09","date_gmt":"2025-05-13T02:47:09","guid":{"rendered":"https:\/\/www.europesays.com\/fr\/95748\/"},"modified":"2025-05-13T02:47:09","modified_gmt":"2025-05-13T02:47:09","slug":"un-appartement-ravage-par-les-flammes-six-personnes-evacuees-durgence","status":"publish","type":"post","link":"https:\/\/www.europesays.com\/fr\/95748\/","title":{"rendered":"un appartement ravag\u00e9 par les flammes, six personnes \u00e9vacu\u00e9es d&rsquo;urgence"},"content":{"rendered":"<p>            Par<br \/>\n        <strong><br \/>\n            <a href=\"https:\/\/actu.fr\/auteur\/ugo-maillard\" title=\"Consulter tous les articles de Ugo Maillard\" rel=\"nofollow noopener\" target=\"_blank\">Ugo Maillard<\/a><br \/>\n        <\/strong><\/p>\n<p>        Publi\u00e9 le<\/p>\n<p>            12 mai 2025 \u00e0 10h08        <\/p>\n<p>Il \u00e9tait aux alentours de 11h le dimanche 11\u00a0mai 2025 lorsque les sapeurs-pompiers des <a href=\"https:\/\/actu.fr\/provence-alpes-cote-d-azur\/alpes-maritimes_06\" rel=\"nofollow noopener\" target=\"_blank\">Alpes-Maritimes<\/a> ont \u00e9t\u00e9 d\u00e9ploy\u00e9s pour un fort d\u00e9gagement de fum\u00e9es provenant du rez-de-chauss\u00e9e d\u2019un immeuble de trois \u00e9tages.<\/p>\n<p class=\" wall-content\">Une <strong>quarantaine de soldats du feu<\/strong> a \u00e9t\u00e9 mobilis\u00e9e au niveau du boulevard d\u2019Alsace \u00e0 Cannes.<\/p>\n<p>    <a href=\"https:\/\/www.google.com\/maps\/embed?pb=!1m18!1m12!1m3!1d6877.15455312679!2d7.018684869093971!3d43.55472806763628!2m3!1f0!2f0!3f0!3m2!1i1024!2i768!4f13.1!3m3!1m2!1s0x12ce819471ef2147%3A0xcda0b2abd4e748b5!2sBd%20d%E2%80%99Alsace%2C%2006400%20Cannes!5e0!3m2!1sfr!2sfr!4v1747034777930!5m2!1sfr!2sfr\" title=\"Ouvrie le lien\" rel=\"nofollow noopener\" target=\"_blank\">Cliquez ici pour visualiser le contenu<\/a><\/p>\n<p class=\" wall-content\">Six personnes ont \u00e9t\u00e9 prises en charge dont deux ont \u00e9t\u00e9 sauv\u00e9es par le biais de la grande \u00e9chelle, a appris <a href=\"https:\/\/actu.fr\/nice\/\" rel=\"nofollow noopener\" target=\"_blank\">actu Nice<\/a> aupr\u00e8s des pompiers.<\/p>\n<p>L\u2019incendie \u00e9teint<\/p>\n<p class=\" wall-content\">Les sapeurs-pompiers des Alpes-Maritimes sont parvenus \u00e0 \u00e9teindre l\u2019incendie qui s\u2019est limit\u00e9 \u00e0 l\u2019appartement du rez-de-chauss\u00e9e.<\/p>\n<p>Vid\u00e9os : en ce moment sur Actu<\/p>\n<p class=\" wall-content\">Parmi les personnes prises en charge, trois ont \u00e9t\u00e9 transport\u00e9es vers des centres hospitaliers. Leur <strong>\u00e9tat est l\u00e9ger<\/strong>, mais les secours n\u2019ont pris aucun risque.<\/p>\n<p class=\" wall-content\">Pour l\u2019heure, aucune information sur l\u2019origine du sinistre n\u2019a \u00e9t\u00e9 communiqu\u00e9e.<\/p>\n<p class=\" wall-content\">Suivez toute l\u2019actualit\u00e9 de vos villes et m\u00e9dias favoris en vous inscrivant \u00e0 <a href=\"https:\/\/moncompte.actu.fr\" title=\"D\u00e9couvez Mon Actu\" rel=\"nofollow noopener\" data-trk=\"{&quot;cta&quot;:{&quot;action&quot;:&quot;https:\\\/\\\/moncompte.actu.fr&quot;,&quot;category&quot;:&quot;mon compte&quot;,&quot;from&quot;:&quot;article footer&quot;,&quot;name&quot;:&quot;Mon actu&quot;,&quot;type&quot;:&quot;cta&quot;}}\" target=\"_blank\">Mon Actu<\/a>.<\/p>\n","protected":false},"excerpt":{"rendered":"Par Ugo Maillard Publi\u00e9 le 12 mai 2025 \u00e0 10h08 Il \u00e9tait aux alentours de 11h le dimanche&hellip;\n","protected":false},"author":2,"featured_media":95749,"comment_status":"","ping_status":"","sticky":false,"template":"","format":"standard","meta":{"footnotes":""},"categories":[2819],"tags":[1111,11,1777,674,118,1011,27,1310,12,2401,1311,882,25],"class_list":{"0":"post-95748","1":"post","2":"type-post","3":"status-publish","4":"format-standard","5":"has-post-thumbnail","7":"category-nice","8":"tag-actu","9":"tag-actualites","10":"tag-eu","11":"tag-europe","12":"tag-faits-divers","13":"tag-fr","14":"tag-france","15":"tag-incendie","16":"tag-news","17":"tag-nice","18":"tag-pompiers","19":"tag-provence-alpes-cote-dazur","20":"tag-republique-francaise"},"share_on_mastodon":{"url":"https:\/\/pubeurope.com\/@fr\/114498243538635962","error":""},"_links":{"self":[{"href":"https:\/\/www.europesays.com\/fr\/wp-json\/wp\/v2\/posts\/95748","targetHints":{"allow":["GET"]}}],"collection":[{"href":"https:\/\/www.europesays.com\/fr\/wp-json\/wp\/v2\/posts"}],"about":[{"href":"https:\/\/www.europesays.com\/fr\/wp-json\/wp\/v2\/types\/post"}],"author":[{"embeddable":true,"href":"https:\/\/www.europesays.com\/fr\/wp-json\/wp\/v2\/users\/2"}],"replies":[{"embeddable":true,"href":"https:\/\/www.europesays.com\/fr\/wp-json\/wp\/v2\/comments?post=95748"}],"version-history":[{"count":0,"href":"https:\/\/www.europesays.com\/fr\/wp-json\/wp\/v2\/posts\/95748\/revisions"}],"wp:featuredmedia":[{"embeddable":true,"href":"https:\/\/www.europesays.com\/fr\/wp-json\/wp\/v2\/media\/95749"}],"wp:attachment":[{"href":"https:\/\/www.europesays.com\/fr\/wp-json\/wp\/v2\/media?parent=95748"}],"wp:term":[{"taxonomy":"category","embeddable":true,"href":"https:\/\/www.europesays.com\/fr\/wp-json\/wp\/v2\/categories?post=95748"},{"taxonomy":"post_tag","embeddable":true,"href":"https:\/\/www.europesays.com\/fr\/wp-json\/wp\/v2\/tags?post=95748"}],"curies":[{"name":"wp","href":"https:\/\/api.w.org\/{rel}","templated":true}]}}