{"id":95775,"date":"2025-05-13T03:03:09","date_gmt":"2025-05-13T03:03:09","guid":{"rendered":"https:\/\/www.europesays.com\/fr\/95775\/"},"modified":"2025-05-13T03:03:09","modified_gmt":"2025-05-13T03:03:09","slug":"paris-acces-gratuit-flamme-rallumee-on-en-sait-plus-sur-le-retour-de-la-vasque-au-jardin-des-tuileries","status":"publish","type":"post","link":"https:\/\/www.europesays.com\/fr\/95775\/","title":{"rendered":"Paris\u00a0: acc\u00e8s gratuit, flamme rallum\u00e9e\u2026 On en sait plus sur le retour de la vasque au jardin des Tuileries"},"content":{"rendered":"<p class=\"paragraph text_align_left\">Elle \u00e9tait celle que personne ou presque n\u2019attendait et dont tout le monde se souvient. Elle qui, le 26 juillet 2024, <a href=\"https:\/\/www.leparisien.fr\/jo-paris-2024\/jo-paris-2024-la-vasque-olympique-sembrase-et-un-ballon-senvole-une-ode-a-la-liberte-26-07-2024-7QHX544O75DVHAWEYZANDVV7QA.php\" target=\"_self\" rel=\"nofollow noopener\">s\u2019est envol\u00e9e pour la premi\u00e8re fois dans le ciel parisien<\/a>, tout juste embras\u00e9e par Marie-Jos\u00e9 P\u00e9rec et Teddy Riner au terme d\u2019une c\u00e9r\u00e9monie d\u2019ouverture que nul n\u2019a oubli\u00e9e. Le d\u00e9but d\u2019un rituel, chaque soir ou presque, o\u00f9 la vasque olympique d\u00e9collait depuis le jardin des Tuileries (<a href=\"https:\/\/www.leparisien.fr\/paris-75\/paris-75001\/\" target=\"_self\" rel=\"nofollow noopener\">Ier arrondissement de Paris<\/a>), offrant aux Parisiens et supporters venus du monde entier un spectacle grandiose au milieu de la capitale <a href=\"https:\/\/www.leparisien.fr\/jo-paris-2024\/\" target=\"_self\" rel=\"nofollow noopener\">pendant les Jeux de Paris<\/a>.<\/p>\n","protected":false},"excerpt":{"rendered":"Elle \u00e9tait celle que personne ou presque n\u2019attendait et dont tout le monde se souvient. Elle qui, le&hellip;\n","protected":false},"author":2,"featured_media":95776,"comment_status":"","ping_status":"","sticky":false,"template":"","format":"standard","meta":{"footnotes":""},"categories":[1888],"tags":[1111,1928,11,1927,1777,674,1011,27,1944,12,1926,626,1925,25],"class_list":{"0":"post-95775","1":"post","2":"type-post","3":"status-publish","4":"format-standard","5":"has-post-thumbnail","7":"category-paris","8":"tag-actu","9":"tag-actu-paris","10":"tag-actualites","11":"tag-actualites-paris","12":"tag-eu","13":"tag-europe","14":"tag-fr","15":"tag-france","16":"tag-ma-ville","17":"tag-news","18":"tag-news-paris","19":"tag-paris","20":"tag-paris-news","21":"tag-republique-francaise"},"share_on_mastodon":{"url":"https:\/\/pubeurope.com\/@fr\/114498306231509451","error":""},"_links":{"self":[{"href":"https:\/\/www.europesays.com\/fr\/wp-json\/wp\/v2\/posts\/95775","targetHints":{"allow":["GET"]}}],"collection":[{"href":"https:\/\/www.europesays.com\/fr\/wp-json\/wp\/v2\/posts"}],"about":[{"href":"https:\/\/www.europesays.com\/fr\/wp-json\/wp\/v2\/types\/post"}],"author":[{"embeddable":true,"href":"https:\/\/www.europesays.com\/fr\/wp-json\/wp\/v2\/users\/2"}],"replies":[{"embeddable":true,"href":"https:\/\/www.europesays.com\/fr\/wp-json\/wp\/v2\/comments?post=95775"}],"version-history":[{"count":0,"href":"https:\/\/www.europesays.com\/fr\/wp-json\/wp\/v2\/posts\/95775\/revisions"}],"wp:featuredmedia":[{"embeddable":true,"href":"https:\/\/www.europesays.com\/fr\/wp-json\/wp\/v2\/media\/95776"}],"wp:attachment":[{"href":"https:\/\/www.europesays.com\/fr\/wp-json\/wp\/v2\/media?parent=95775"}],"wp:term":[{"taxonomy":"category","embeddable":true,"href":"https:\/\/www.europesays.com\/fr\/wp-json\/wp\/v2\/categories?post=95775"},{"taxonomy":"post_tag","embeddable":true,"href":"https:\/\/www.europesays.com\/fr\/wp-json\/wp\/v2\/tags?post=95775"}],"curies":[{"name":"wp","href":"https:\/\/api.w.org\/{rel}","templated":true}]}}