{"id":95783,"date":"2025-05-13T03:07:07","date_gmt":"2025-05-13T03:07:07","guid":{"rendered":"https:\/\/www.europesays.com\/fr\/95783\/"},"modified":"2025-05-13T03:07:07","modified_gmt":"2025-05-13T03:07:07","slug":"ils-ont-quitte-loccident-woke-pour-la-russie-et-sont-ravis","status":"publish","type":"post","link":"https:\/\/www.europesays.com\/fr\/95783\/","title":{"rendered":"Ils ont quitt\u00e9 l\u2019Occident woke pour la Russie et sont ravis"},"content":{"rendered":"\n<p>Il n\u2019y a pas si longtemps encore, Arend Feenstra et sa femme, Anneesa, vivaient dans le nord de la province de la Saskatchewan [dans le centre du Canada]. Mais ils n\u2019y \u00e9taient plus heureux. Avec la hausse des co\u00fbts de production et la multiplication des interm\u00e9diaires et de leurs marges, cette famille d\u2019agriculteurs avait de plus en plus de mal \u00e0 joindre les deux bouts.<\/p>\n<p>Le couple ne supportait plus non plus le wokisme ambiant, notamment la d\u00e9fense des droits LGBTQI\u00a0et des personnes trans, des th\u00e9matiques devenues omnipr\u00e9sentes au Canada, selon Arend Feenstra. Il fallait emmener les enfants loin de tout cela.<\/p>\n<p>Pour certains Occidentaux comme les Feenstra, la Russie n\u2019est pas seulement un pays conservateur, c\u2019est aussi une destination id\u00e9ale pour se b\u00e2tir une vie meilleure. Et Moscou, aux prises avec une crise d\u00e9mographique, commence \u00e0 ouvrir ses portes \u00e0 ceux qui r\u00eavent de nouveaux horizons.<\/p>\n<p>Arend et Anneesa ont donc vendu leur exploitation et se sont lanc\u00e9s, avec huit de leurs neuf enfants (l\u2019a\u00een\u00e9 a choisi de rester au Canada), dans une entreprise que beaucoup de leurs amis jugeaient insens\u00e9e, voire franchement impossible\u00a0: \u00e9migrer au pays des tsars.<\/p>\n<p> \u201cPleins d\u2019espoir\u201d <\/p>\n<p>Les Feenstra ont \u00e9lu domicile dans une plaine vallonn\u00e9e couvert<\/p>\n","protected":false},"excerpt":{"rendered":"Il n\u2019y a pas si longtemps encore, Arend Feenstra et sa femme, Anneesa, vivaient dans le nord de&hellip;\n","protected":false},"author":2,"featured_media":95784,"comment_status":"","ping_status":"","sticky":false,"template":"","format":"standard","meta":{"footnotes":""},"categories":[1591],"tags":[11,327,3822,574,674,1887,1892,12,1885,1886,132,1857,135],"class_list":{"0":"post-95783","1":"post","2":"type-post","3":"status-publish","4":"format-standard","5":"has-post-thumbnail","7":"category-russie","8":"tag-actualites","9":"tag-agriculture","10":"tag-amu00e9riques","11":"tag-canada","12":"tag-europe","13":"tag-federation-de-russie","14":"tag-gu00e9opolitique","15":"tag-news","16":"tag-russia","17":"tag-russian-federation","18":"tag-russie","19":"tag-sociu00e9tu00e9","20":"tag-vladimir-poutine"},"share_on_mastodon":{"url":"https:\/\/pubeurope.com\/@fr\/114498321979603727","error":""},"_links":{"self":[{"href":"https:\/\/www.europesays.com\/fr\/wp-json\/wp\/v2\/posts\/95783","targetHints":{"allow":["GET"]}}],"collection":[{"href":"https:\/\/www.europesays.com\/fr\/wp-json\/wp\/v2\/posts"}],"about":[{"href":"https:\/\/www.europesays.com\/fr\/wp-json\/wp\/v2\/types\/post"}],"author":[{"embeddable":true,"href":"https:\/\/www.europesays.com\/fr\/wp-json\/wp\/v2\/users\/2"}],"replies":[{"embeddable":true,"href":"https:\/\/www.europesays.com\/fr\/wp-json\/wp\/v2\/comments?post=95783"}],"version-history":[{"count":0,"href":"https:\/\/www.europesays.com\/fr\/wp-json\/wp\/v2\/posts\/95783\/revisions"}],"wp:featuredmedia":[{"embeddable":true,"href":"https:\/\/www.europesays.com\/fr\/wp-json\/wp\/v2\/media\/95784"}],"wp:attachment":[{"href":"https:\/\/www.europesays.com\/fr\/wp-json\/wp\/v2\/media?parent=95783"}],"wp:term":[{"taxonomy":"category","embeddable":true,"href":"https:\/\/www.europesays.com\/fr\/wp-json\/wp\/v2\/categories?post=95783"},{"taxonomy":"post_tag","embeddable":true,"href":"https:\/\/www.europesays.com\/fr\/wp-json\/wp\/v2\/tags?post=95783"}],"curies":[{"name":"wp","href":"https:\/\/api.w.org\/{rel}","templated":true}]}}