{"id":95785,"date":"2025-05-13T03:08:13","date_gmt":"2025-05-13T03:08:13","guid":{"rendered":"https:\/\/www.europesays.com\/fr\/95785\/"},"modified":"2025-05-13T03:08:13","modified_gmt":"2025-05-13T03:08:13","slug":"macron-a-rendez-vous-avec-les-francais-lexpress","status":"publish","type":"post","link":"https:\/\/www.europesays.com\/fr\/95785\/","title":{"rendered":"Macron a rendez-vous avec les Fran\u00e7ais \u2013 L&rsquo;Express"},"content":{"rendered":"<p class=\"paragraph article-body-paragraph article__item   article-body-paragraph--first \">Le chef de l&rsquo;Etat r\u00e9pondra deux heures et demie durant, \u00e0 partir de 20H10, aux questions du pr\u00e9sentateur Gilles Bouleau, de personnalit\u00e9s issus de la soci\u00e9t\u00e9 civile &#8211; influenceur, chef d&rsquo;entreprise, leader syndicale, jeune journaliste engag\u00e9e sur les sujets environnementaux, maire &#8211; et de Fran\u00e7ais dans Emmanuel Macron &#8211; Les d\u00e9fis de la France.<\/p>\n<p class=\"paragraph article-body-paragraph article__item   \">Apr\u00e8s sa travers\u00e9e du d\u00e9sert suite \u00e0 la dissolution de l&rsquo;Assembl\u00e9e nationale, il entend ainsi montrer qu&rsquo;il a repris la main et est de nouveau incontournable dans le champ politique int\u00e9rieur, quand son Premier ministre Fran\u00e7ois Bayrou para\u00eet de plus en plus \u00e9clips\u00e9.<\/p>\n<p><img decoding=\"async\" src=\"https:\/\/www.europesays.com\/fr\/wp-content\/uploads\/2025\/05\/U7RYGBYRFVFRHAUYXAAGMFWERE.jpg\" class=\"image-with-legend__cover-img\" alt=\"(g-d) Le pr\u00e9sident fran\u00e7ais Emmanuel Macron, le chancelier allemand Friedrich Merz, le pr\u00e9sident ukrainien Volodymyr Zelensky, le Premier ministre polonais Donald Tusk et le Premier ministre britannique Keir Starmer se serrent la main apr\u00e8s leur conf\u00e9rence de presse conjointe \u00e0 Kiev, le 10 mai 2025\" width=\"883\" height=\"0\" loading=\"lazy\"\/><\/p>\n<p class=\"image-with-legend__legend\">(g-d) Le pr\u00e9sident fran\u00e7ais Emmanuel Macron, le chancelier allemand Friedrich Merz, le pr\u00e9sident ukrainien Volodymyr Zelensky, le Premier ministre polonais Donald Tusk et le Premier ministre britannique Keir Starmer se serrent la main apr\u00e8s leur conf\u00e9rence de presse conjointe \u00e0 Kiev, le 10 mai 2025<\/p>\n<p class=\"image-with-legend__credits\"> \u00a9  \/ afp.com\/Genya SAVILOV<\/p>\n<p class=\"paragraph article-body-paragraph article__item   \">Parce qu&rsquo;il y a un contexte international tr\u00e8s tendu, il y a une n\u00e9cessit\u00e9 d&rsquo;\u00eatre agile, allant au niveau national, r\u00e9sume un proche, pointant la capacit\u00e9 d&rsquo;impulsion du pr\u00e9sident au-del\u00e0 de son domaine r\u00e9serv\u00e9, la politique \u00e9trang\u00e8re.<\/p>\n<p class=\"paragraph article-body-paragraph article__item   \">Depuis le retour de Donald Trump \u00e0 la Maison Blanche, Emmanuel Macron se pose de nouveau en chef de file des Europ\u00e9ens, notamment sur l&rsquo;Ukraine o\u00f9 il s&rsquo;est rendu samedi, au c\u00f4t\u00e9 des dirigeants allemand, britannique et polonais.<\/p>\n<p class=\"paragraph article-body-paragraph article__item   \">Des gains politiques qu&rsquo;il esp\u00e8re faire fructifier \u00e0 domicile, apr\u00e8s avoir atteint \u00e0 l&rsquo;automne dernier des records d&rsquo;impopularit\u00e9, dans le sillage de la dissolution rat\u00e9e. <\/p>\n<p> Substitut <\/p>\n<p class=\"paragraph article-body-paragraph article__item   \">Il pousse son avantage. Il reprend du souffle et prend des risques. C&rsquo;est un homme de d\u00e9fis, avance une ministre.<\/p>\n<p class=\"paragraph article-body-paragraph article__item   \">Chassez le naturel, il revient au galop. Son objectif c&rsquo;est de rester pr\u00e9sident jusqu&rsquo;\u00e0 la derni\u00e8re seconde, rench\u00e9rit un autre membre du gouvernement.<\/p>\n<p class=\"paragraph article-body-paragraph article__item   \">Franchira-t-il cette fois le Rubicon du r\u00e9f\u00e9rendum, une tentation souvent exprim\u00e9e depuis 2017 mais jamais suivie d&rsquo;effet ? <\/p>\n<p><img decoding=\"async\" src=\"https:\/\/www.europesays.com\/fr\/wp-content\/uploads\/2025\/05\/NPDLCFTBN5BZJMZSSC43ULPSCA.jpg\" class=\"image-with-legend__cover-img\" alt=\"Le pr\u00e9sident Emmanuel Macron, le 13 f\u00e9vrier 2025 \u00e0 l'Elys\u00e9e, \u00e0 Paris\" width=\"883\" height=\"0\" loading=\"lazy\"\/><\/p>\n<p class=\"image-with-legend__legend\">Le pr\u00e9sident Emmanuel Macron, le 13 f\u00e9vrier 2025 \u00e0 l&rsquo;Elys\u00e9e, \u00e0 Paris<\/p>\n<p class=\"image-with-legend__credits\"> \u00a9  \/ afp.com\/Yoan VALAT<\/p>\n<p class=\"paragraph article-body-paragraph article__item   \">Oui, si l&rsquo;on en croit certains de ses proches. Il avait d\u00e9j\u00e0 indiqu\u00e9 lors de ses v\u0153ux pour 2025 que les Fran\u00e7ais seraient amen\u00e9s \u00e0 trancher sur des sujets d\u00e9terminants. <\/p>\n<p class=\"paragraph article-body-paragraph article__item   \">Une tentation d&rsquo;autant plus grande que le gouvernement n&rsquo;a plus de majorit\u00e9 \u00e0 l&rsquo;Assembl\u00e9e. Le r\u00e9f\u00e9rendum, c&rsquo;est le substitut du Parlement, rel\u00e8ve la constitutionnaliste Anne-Charl\u00e8ne Bezzina.<\/p>\n<p class=\"paragraph article-body-paragraph article__item   \">Emmanuel Macron songerait \u00e0 plusieurs questions simultan\u00e9es, sur des th\u00e8mes vari\u00e9s, pour d\u00e9passionner le recours \u00e0 cet outil qu&rsquo;aucun pr\u00e9sident n&rsquo;a os\u00e9 d\u00e9gainer depuis 2005 et la victoire du non sur la Constitution europ\u00e9enne.<\/p>\n<p class=\"paragraph article-body-paragraph article__item   \">Temps d&rsquo;\u00e9cran des enfants, fin de vie, r\u00e9forme territoriale, immigration&#8230; les sp\u00e9culations vont bon train sur les sujets possibles, et leur faisabilit\u00e9, alors que l&rsquo;exercice reste tr\u00e8s encadr\u00e9.<\/p>\n<p> Bilan et priorit\u00e9s <\/p>\n<p class=\"paragraph article-body-paragraph article__item   \">Selon l&rsquo;article 11 de la Constitution, les \u00e9lecteurs doivent se prononcer pour ou contre un projet de loi portant sur l&rsquo;organisation des pouvoirs publics, des r\u00e9formes relatives \u00e0 la politique \u00e9conomique, sociale ou environnementale ou tendant \u00e0 autoriser la ratification d&rsquo;un trait\u00e9.<\/p>\n<p class=\"paragraph article-body-paragraph article__item   \">Les Fran\u00e7ais sont pour leur part tr\u00e8s majoritairement favorables (83%) \u00e0 l&rsquo;organisation d&rsquo;un r\u00e9f\u00e9rendum et placent l&rsquo;\u00e9conomie, les retraites et l&rsquo;immigration en t\u00eate des sujets sur lesquels ils aimeraient \u00eatre questionn\u00e9s, selon un sondage Elabe pour BFMTV publi\u00e9 dimanche.<\/p>\n<p><img decoding=\"async\" src=\"https:\/\/www.europesays.com\/fr\/wp-content\/uploads\/2025\/05\/NUSK25EBZNFV7FDT7QTIVF6ADI.jpg\" class=\"image-with-legend__cover-img\" alt=\"Le pr\u00e9sident fran\u00e7ais Emmanuel Macron passe en revue les troupes lors de la c\u00e9r\u00e9monie comm\u00e9morant la bataille de Camerone en 1863, le 30 avril 2025 \u00e0 Aubagne (Bouches-du-Rh\u00f4ne)\" width=\"883\" height=\"0\" loading=\"lazy\"\/><\/p>\n<p class=\"image-with-legend__legend\">Le pr\u00e9sident fran\u00e7ais Emmanuel Macron passe en revue les troupes lors de la c\u00e9r\u00e9monie comm\u00e9morant la bataille de Camerone en 1863, le 30 avril 2025 \u00e0 Aubagne (Bouches-du-Rh\u00f4ne)<\/p>\n<p class=\"image-with-legend__credits\"> \u00a9  \/ afp.com\/Manon Cruz<\/p>\n<p class=\"paragraph article-body-paragraph article__item   \">Trois jours apr\u00e8s son d\u00e9placement \u00e0 Kiev, le chef de l&rsquo;Etat sera aussi tr\u00e8s attendu sur l&rsquo;Ukraine, alors que les \u00e9v\u00e9nements semblent s&rsquo;acc\u00e9l\u00e9rer avec une possible rencontre au sommet jeudi \u00e0 Istanbul, en pr\u00e9sence de Donald Trump.<\/p>\n<p class=\"paragraph article-body-paragraph article__item   \">Trois ans apr\u00e8s sa r\u00e9\u00e9lection, il va aussi d\u00e9fendre son bilan et dresser des perspectives car il reste deux ans de mandat, fait valoir son entourage.<\/p>\n<p class=\"paragraph article-body-paragraph article__item   \">Le pr\u00e9sident sera entour\u00e9 par 100 m2 d&rsquo;\u00e9crans sur lesquels interviendront la secr\u00e9taire g\u00e9n\u00e9rale de la CGT Sophie Binet sur la r\u00e9forme des retraites, le YouTubeur Tibo Inshape sur le sport \u00e0 l&rsquo;\u00e9cole, le journaliste Charles Bi\u00e9try, atteint de la maladie de Charcot, sur la fin de vie, C\u00e9cile Duflot, directrice de l&rsquo;ONG de lutte contre les in\u00e9galit\u00e9s Oxfam, sur une \u00e9ventuelle taxe sur l&rsquo;h\u00e9ritage.<\/p>\n<p class=\"paragraph article-body-paragraph article__item    article__text__endpicto\">Une halt\u00e9rophile l&rsquo;interpellera sur le port du voile, pr\u00e9cise encore TF1 sur son site internet. De m\u00eame que la journaliste Salom\u00e9 Saqu\u00e9 sur l&rsquo;environnement et le maire de B\u00e9ziers Robert M\u00e9nard sur la s\u00e9curit\u00e9. <\/p>\n","protected":false},"excerpt":{"rendered":"Le chef de l&rsquo;Etat r\u00e9pondra deux heures et demie durant, \u00e0 partir de 20H10, aux questions du pr\u00e9sentateur&hellip;\n","protected":false},"author":2,"featured_media":95786,"comment_status":"","ping_status":"","sticky":false,"template":"","format":"standard","meta":{"footnotes":""},"categories":[1590],"tags":[11,10944,1777,674,12,220],"class_list":{"0":"post-95785","1":"post","2":"type-post","3":"status-publish","4":"format-standard","5":"has-post-thumbnail","7":"category-ukraine","8":"tag-actualites","9":"tag-archives","10":"tag-eu","11":"tag-europe","12":"tag-news","13":"tag-ukraine"},"share_on_mastodon":{"url":"https:\/\/pubeurope.com\/@fr\/114498326027307287","error":""},"_links":{"self":[{"href":"https:\/\/www.europesays.com\/fr\/wp-json\/wp\/v2\/posts\/95785","targetHints":{"allow":["GET"]}}],"collection":[{"href":"https:\/\/www.europesays.com\/fr\/wp-json\/wp\/v2\/posts"}],"about":[{"href":"https:\/\/www.europesays.com\/fr\/wp-json\/wp\/v2\/types\/post"}],"author":[{"embeddable":true,"href":"https:\/\/www.europesays.com\/fr\/wp-json\/wp\/v2\/users\/2"}],"replies":[{"embeddable":true,"href":"https:\/\/www.europesays.com\/fr\/wp-json\/wp\/v2\/comments?post=95785"}],"version-history":[{"count":0,"href":"https:\/\/www.europesays.com\/fr\/wp-json\/wp\/v2\/posts\/95785\/revisions"}],"wp:featuredmedia":[{"embeddable":true,"href":"https:\/\/www.europesays.com\/fr\/wp-json\/wp\/v2\/media\/95786"}],"wp:attachment":[{"href":"https:\/\/www.europesays.com\/fr\/wp-json\/wp\/v2\/media?parent=95785"}],"wp:term":[{"taxonomy":"category","embeddable":true,"href":"https:\/\/www.europesays.com\/fr\/wp-json\/wp\/v2\/categories?post=95785"},{"taxonomy":"post_tag","embeddable":true,"href":"https:\/\/www.europesays.com\/fr\/wp-json\/wp\/v2\/tags?post=95785"}],"curies":[{"name":"wp","href":"https:\/\/api.w.org\/{rel}","templated":true}]}}