{"id":95787,"date":"2025-05-13T03:09:29","date_gmt":"2025-05-13T03:09:29","guid":{"rendered":"https:\/\/www.europesays.com\/fr\/95787\/"},"modified":"2025-05-13T03:09:29","modified_gmt":"2025-05-13T03:09:29","slug":"les-partis-pris-le-point-godwin-est-partout-chine-usa-tout-ca-pour-ca-et-israel-le-vent-americain-tourne-24-h-pujadas-linfo-en-questions","status":"publish","type":"post","link":"https:\/\/www.europesays.com\/fr\/95787\/","title":{"rendered":"Les Partis Pris : \u00ab\u00a0Le point Godwin est partout\u00a0\u00bb, \u00ab\u00a0Chine\/USA, tout \u00e7a pour \u00e7a\u2026\u00a0\u00bb et \u00ab\u00a0Isra\u00ebl, le vent am\u00e9ricain tourne\u00a0\u00bb &#8211; 24 h Pujadas, l&rsquo;info en questions"},"content":{"rendered":"<p id=\"descriptionPanel\" aria-labelledby=\"descriptionArrow\" aria-expanded=\"false\" class=\"mr-2 line-clamp-2 pr-2.5 text-secondary overflow-visible\">Le \u00ab point Godwin \u00bb est devenu un r\u00e9flexe fr\u00e9quent dans les d\u00e9bats politiques, d\u00e9nonce Ruth Elkrief. Cet argument, qui consiste \u00e0 discr\u00e9diter l\u2019interlocuteur en le comparant au nazisme ou \u00e0 Hitler, est souvent utilis\u00e9 pour clore un d\u00e9bat sans r\u00e9elle discussion. Selon elle, cette m\u00e9thode est non seulement implacable mais aussi nuisible, car elle emp\u00eache toute progression constructive. Ruth Elkrief appelle \u00e0 stopper ces comparaisons odieuses, qui n\u2019ont pour effet que de faire taire le dialogue.<\/p>\n<p>Dominique Seux souligne la r\u00e9cente rencontre entre les \u00c9tats-Unis et la Chine \u00e0 Gen\u00e8ve. Apr\u00e8s deux jours de n\u00e9gociations, un accord inattendu est sorti de ces \u00e9changes : les droits de douane ont \u00e9t\u00e9 abaiss\u00e9s de 115 points pour les \u00c9tats-Unis, passant de 145 % \u00e0 30 %, et de 125 % \u00e0 10 % pour la Chine. Cette tr\u00eave douani\u00e8re de 90 jours, qualifi\u00e9e de \u00ab retour \u00e0 la case d\u00e9part \u00bb, laisse entrevoir une nouvelle s\u00e9rie de n\u00e9gociations. Pour Dominique Seux, cet accord fragile reste n\u00e9anmoins un signal positif dans des relations tendues.<\/p>\n<p>Abnousse Shalmani analyse le tournant am\u00e9ricain dans le conflit isra\u00e9lo-palestinien. Alors que Donald Trump entame une tourn\u00e9e au Moyen-Orient, visitant l\u2019Arabie Saoudite, les \u00c9mirats arabes unis et le Qatar, il choisit de ne pas passer par Isra\u00ebl, signe d\u2019un repositionnement strat\u00e9gique. Par ailleurs, la lib\u00e9ration d\u2019Edan Alexander, un soldat isra\u00e9lo-am\u00e9ricain retenu par le Hamas depuis octobre 2023, intervient \u00e0 un moment cl\u00e9. Selon Shalmani, cette lib\u00e9ration, issue d\u2019une n\u00e9gociation unilat\u00e9rale am\u00e9ricaine sans contrepartie directe, semble isoler Isra\u00ebl dans ce dossier d\u00e9licat.<\/p>\n<p>Du lundi au vendredi, \u00e0 partir de 18h, David Pujadas apporte toute son expertise pour analyser l&rsquo;actualit\u00e9 du jour avec p\u00e9dagogie.<\/p>\n<p><a class=\"shrink-0\" href=\"https:\/\/www.tf1.fr\/fr-ch\/lci\/24h-pujadas-l-info-en-questions\" target=\"_blank\" rel=\"noopener\"><img decoding=\"async\" src=\"https:\/\/www.europesays.com\/fr\/wp-content\/uploads\/2025\/05\/vignette-portrait-24h-pujadas-3fde89-55d69f-0@1x.jpg\" width=\"138\" height=\"184\" alt=\"\" loading=\"eager\" fetchpriority=\"auto\" class=\"aspect-[3\/4] h-24 w-auto rounded-3px\" aria-hidden=\"true\"\/><\/a><\/p>\n","protected":false},"excerpt":{"rendered":"Le \u00ab point Godwin \u00bb est devenu un r\u00e9flexe fr\u00e9quent dans les d\u00e9bats politiques, d\u00e9nonce Ruth Elkrief. Cet&hellip;\n","protected":false},"author":2,"featured_media":95788,"comment_status":"","ping_status":"","sticky":false,"template":"","format":"standard","meta":{"footnotes":""},"categories":[1589],"tags":[20875,11,73,1866,3483,20873,20874,20876,12,20878,1864,1865,1863,308,20877,20879],"class_list":{"0":"post-95787","1":"post","2":"type-post","3":"status-publish","4":"format-standard","5":"has-post-thumbnail","7":"category-etats-unis","8":"tag-24-h-pujadas","9":"tag-actualites","10":"tag-etats-unis","11":"tag-etats-unis-damerique","12":"tag-extrait","13":"tag-extrait-24-h-pujadas","14":"tag-linfo-en-questions","15":"tag-linfo-en-questions-extrait","16":"tag-news","17":"tag-streaming-24-h-pujadas","18":"tag-united-states","19":"tag-united-states-of-america","20":"tag-us","21":"tag-usa","22":"tag-video-24-h-pujadas","23":"tag-video-en-streaming-24-h-pujadas"},"share_on_mastodon":{"url":"https:\/\/pubeurope.com\/@fr\/114498329923436273","error":""},"_links":{"self":[{"href":"https:\/\/www.europesays.com\/fr\/wp-json\/wp\/v2\/posts\/95787","targetHints":{"allow":["GET"]}}],"collection":[{"href":"https:\/\/www.europesays.com\/fr\/wp-json\/wp\/v2\/posts"}],"about":[{"href":"https:\/\/www.europesays.com\/fr\/wp-json\/wp\/v2\/types\/post"}],"author":[{"embeddable":true,"href":"https:\/\/www.europesays.com\/fr\/wp-json\/wp\/v2\/users\/2"}],"replies":[{"embeddable":true,"href":"https:\/\/www.europesays.com\/fr\/wp-json\/wp\/v2\/comments?post=95787"}],"version-history":[{"count":0,"href":"https:\/\/www.europesays.com\/fr\/wp-json\/wp\/v2\/posts\/95787\/revisions"}],"wp:featuredmedia":[{"embeddable":true,"href":"https:\/\/www.europesays.com\/fr\/wp-json\/wp\/v2\/media\/95788"}],"wp:attachment":[{"href":"https:\/\/www.europesays.com\/fr\/wp-json\/wp\/v2\/media?parent=95787"}],"wp:term":[{"taxonomy":"category","embeddable":true,"href":"https:\/\/www.europesays.com\/fr\/wp-json\/wp\/v2\/categories?post=95787"},{"taxonomy":"post_tag","embeddable":true,"href":"https:\/\/www.europesays.com\/fr\/wp-json\/wp\/v2\/tags?post=95787"}],"curies":[{"name":"wp","href":"https:\/\/api.w.org\/{rel}","templated":true}]}}