{"id":95795,"date":"2025-05-13T03:13:14","date_gmt":"2025-05-13T03:13:14","guid":{"rendered":"https:\/\/www.europesays.com\/fr\/95795\/"},"modified":"2025-05-13T03:13:14","modified_gmt":"2025-05-13T03:13:14","slug":"pourquoi-le-prix-du-gaz-a-de-nouveau-augmente-en-2024-dans-lue","status":"publish","type":"post","link":"https:\/\/www.europesays.com\/fr\/95795\/","title":{"rendered":"Pourquoi le prix du gaz a de nouveau augment\u00e9 en 2024 dans l&rsquo;UE\u00a0?"},"content":{"rendered":"<p><img decoding=\"async\" class=\"c-ad__placeholder__logo\" src=\"https:\/\/www.europesays.com\/fr\/wp-content\/uploads\/2025\/03\/logo-euronews-grey-6-180x22.svg.svg+xml\" width=\"180\" height=\"22\" alt=\"\" loading=\"lazy\"\/>PUBLICIT\u00c9<\/p>\n<p>Le prix du gaz dans l&rsquo;UE a augment\u00e9 de pr\u00e8s de 12 % par rapport \u00e0 la m\u00eame p\u00e9riode, l&rsquo;ann\u00e9e pr\u00e9c\u00e9dente. Le prix du gaz au cours du second semestre 2024 est le plus \u00e9lev\u00e9 jamais enregistr\u00e9.\u00a0<\/p>\n<p>C&rsquo;est la premi\u00e8re fois que le prix du gaz augmente dans l\u2019UE depuis\u00a0la crise \u00e9nerg\u00e9tique de 2022 d\u00e9clench\u00e9e par l&rsquo;invasion russe de l&rsquo;Ukraine.\u00a0<\/p>\n<p><img decoding=\"async\" src=\"https:\/\/www.europesays.com\/fr\/wp-content\/uploads\/2025\/03\/icon-cross-10x10-grey-6.svg.svg+xml\" width=\"10\" height=\"10\" alt=\"Close advertising\" fetchpriority=\"high\" loading=\"lazy\"\/><\/p>\n<p>Selon Eurostat, cette hausse est principalement due \u00e0 des augmentations de taxes, suite \u00e0 la fin de mesures d&rsquo;all\u00e8gement.<\/p>\n<p>Les disparit\u00e9s de prix li\u00e9es \u00e0 la d\u00e9pendance au gaz russe<\/p>\n<p>Si l&rsquo;on regarde la situation dans les pays de l&rsquo;UE mais aussi dans les pays tiers, on constate une grande disparit\u00e9. La Su\u00e8de, par exemple, affiche le prix du gaz le plus \u00e9lev\u00e9 avec pr\u00e8s de 19 euros pour 100 kWh.\u00a0<\/p>\n<p>La G\u00e9orgie (1,73 \u20ac), la Turquie (2,13 \u20ac), la Hongrie (3,15 \u20ac), la Croatie (4,56 \u20ac), la Serbie (4,92 \u20ac), la Bosnie-Herz\u00e9govine (5,13 \u20ac) et la Roumanie (5,41 \u20ac) sont les pays dans lesquels le prix du gaz est le moins cher.\u00a0<\/p>\n<p>Aucun de ces pays &#8211; \u00e0 l&rsquo;exception de la Croatie et de la Roumanie, qui ont augment\u00e9 leur production nationale de gaz &#8211; n&rsquo;a interrompu les livraisons de gaz russe.<\/p>\n<p>Toutefois, si l&rsquo;on ajuste le prix du gaz en fonction du pouvoir d&rsquo;achat local, le classement est l\u00e9g\u00e8rement diff\u00e9rent.\u00a0<\/p>\n<p>Le Portugal et l&rsquo;Italie ont\u00a0le prix du gaz le plus \u00e9lev\u00e9, suivis par la Su\u00e8de.<\/p>\n","protected":false},"excerpt":{"rendered":"PUBLICIT\u00c9 Le prix du gaz dans l&rsquo;UE a augment\u00e9 de pr\u00e8s de 12 % par rapport \u00e0 la&hellip;\n","protected":false},"author":2,"featured_media":95796,"comment_status":"","ping_status":"","sticky":false,"template":"","format":"standard","meta":{"footnotes":""},"categories":[1586],"tags":[11,20880,1777,674,1779,1011,27,843,12,25,1778,364],"class_list":{"0":"post-95795","1":"post","2":"type-post","3":"status-publish","4":"format-standard","5":"has-post-thumbnail","7":"category-europe","8":"tag-actualites","9":"tag-crise-energetique-en-europe","10":"tag-eu","11":"tag-europe","12":"tag-european-union","13":"tag-fr","14":"tag-france","15":"tag-gaz","16":"tag-news","17":"tag-republique-francaise","18":"tag-ue","19":"tag-union-europeenne"},"share_on_mastodon":{"url":"https:\/\/pubeurope.com\/@fr\/114498345886801556","error":""},"_links":{"self":[{"href":"https:\/\/www.europesays.com\/fr\/wp-json\/wp\/v2\/posts\/95795","targetHints":{"allow":["GET"]}}],"collection":[{"href":"https:\/\/www.europesays.com\/fr\/wp-json\/wp\/v2\/posts"}],"about":[{"href":"https:\/\/www.europesays.com\/fr\/wp-json\/wp\/v2\/types\/post"}],"author":[{"embeddable":true,"href":"https:\/\/www.europesays.com\/fr\/wp-json\/wp\/v2\/users\/2"}],"replies":[{"embeddable":true,"href":"https:\/\/www.europesays.com\/fr\/wp-json\/wp\/v2\/comments?post=95795"}],"version-history":[{"count":0,"href":"https:\/\/www.europesays.com\/fr\/wp-json\/wp\/v2\/posts\/95795\/revisions"}],"wp:featuredmedia":[{"embeddable":true,"href":"https:\/\/www.europesays.com\/fr\/wp-json\/wp\/v2\/media\/95796"}],"wp:attachment":[{"href":"https:\/\/www.europesays.com\/fr\/wp-json\/wp\/v2\/media?parent=95795"}],"wp:term":[{"taxonomy":"category","embeddable":true,"href":"https:\/\/www.europesays.com\/fr\/wp-json\/wp\/v2\/categories?post=95795"},{"taxonomy":"post_tag","embeddable":true,"href":"https:\/\/www.europesays.com\/fr\/wp-json\/wp\/v2\/tags?post=95795"}],"curies":[{"name":"wp","href":"https:\/\/api.w.org\/{rel}","templated":true}]}}