{"id":958023,"date":"2026-05-26T13:33:29","date_gmt":"2026-05-26T13:33:29","guid":{"rendered":"https:\/\/www.europesays.com\/fr\/958023\/"},"modified":"2026-05-26T13:33:29","modified_gmt":"2026-05-26T13:33:29","slug":"aid-el-kebir-2026-aucun-abattoir-a-nice-et-dans-les-alpes-maritimes-voici-les-regles-a-suivre","status":"publish","type":"post","link":"https:\/\/www.europesays.com\/fr\/958023\/","title":{"rendered":"A\u00efd el-K\u00e9bir 2026 : aucun abattoir \u00e0 Nice et dans les Alpes-Maritimes, voici les r\u00e8gles \u00e0 suivre"},"content":{"rendered":"<p>                    Par<br \/>\n        <strong><br \/>\n            <a href=\"https:\/\/actu.fr\/auteur\/ugo-maillard\" title=\"Consulter tous les articles de Ugo Maillard\" rel=\"nofollow noopener\" target=\"_blank\">Ugo Maillard<\/a><br \/>\n                    <\/strong><\/p>\n<p>        Publi\u00e9 le<\/p>\n<p>            26 mai 2026 \u00e0 15h15        <\/p>\n<p>Le grand jour est proche. Dans la nuit du mardi\u00a027 au mercredi 27\u00a0mai 2026, les fid\u00e8les musulmans vont d\u00e9buter les c\u00e9l\u00e9brations de l\u2019<strong>A\u00efd el-K\u00e9bir<\/strong>. Cette f\u00eate religieuse dans l\u2019islam s\u2019accompagne pour beaucoup de familles de l\u2019abattage d\u2019un mouton.<\/p>\n<p class=\" wall-content\">La pr\u00e9fecture des <a href=\"https:\/\/actu.fr\/provence-alpes-cote-d-azur\/alpes-maritimes_06\" rel=\"nofollow noopener\" target=\"_blank\">Alpes-Maritimes<\/a> a diffus\u00e9 un message qu\u2019actu Nice a pu consulter, dans lequel les services rappellent les r\u00e8gles sanitaires \u00e0 suivre.<\/p>\n<p>La liste des abattoirs autoris\u00e9s<\/p>\n<p class=\" wall-content\">Pour la protection sanitaire des citoyens musulmans, Laurent Hottiaux, pr\u00e9fet des Alpes-Maritimes, a pris plusieurs mesures d\u2019interdiction. La principale, l\u2019abattage rituel du mouton est interdit hors abattoir agr\u00e9\u00e9.<\/p>\n<p class=\" wall-content\">Attention, <strong>aucun \u00e9tablissement ne se trouve \u00e0 Nice ou dans les Alpes-Maritimes<\/strong>. Voici la liste des abattoirs agr\u00e9\u00e9s.<\/p>\n<p>    <img   decoding=\"async\" loading=\"lazy\" src=\"https:\/\/www.europesays.com\/fr\/wp-content\/uploads\/2026\/05\/abattoirs-paca-aid-960x640.png\" alt=\"Voici la liste de tous les abattoirs agr\u00e9\u00e9s pour l'A\u00efd 2026.\" width=\"960\" height=\"640\"\/><br \/>\n    Voici la liste de tous les abattoirs agr\u00e9\u00e9s pour l\u2019A\u00efd 2026. (\u00a9Pr\u00e9fecture des Alpes-Maritimes)<\/p>\n<p class=\" wall-content\">Toujours dans un souci sanitaire, des interdictions ont \u00e9t\u00e9 formul\u00e9es\u2009:<\/p>\n<ul class=\" wall-content\">\n<li>la d\u00e9tention d\u2019ovins et la cession \u00e0 titre gratuit ou on\u00e9reux d\u2019ovins ou de caprins vivants, \u00e0 toute personne ne pouvant justifier d\u2019une d\u00e9claration \u00e0 l\u2019\u00e9tablissement de l\u2019\u00e9levage rural r\u00e9gional (EDER)<\/li>\n<li>Le transport d\u2019ovins vivants est interdit dans le d\u00e9partement des Alpes-Maritimes depuis le 5\u00a0mai et jusqu\u2019au 2\u00a0juin 2026, \u00e0 l\u2019exception des cas suivants\u2009: le transport \u00e0 destination des abattoirs agr\u00e9\u00e9s et des abattoirs autoris\u00e9s temporairement pour la f\u00eate de l\u2019A\u00efd-el-K\u00e9bir\u2009; le transport \u00e0 destination des cabinets ou cliniques v\u00e9t\u00e9rinaires\u2009; le transport entre deux exploitations pour lesquelles les d\u00e9tenteurs des animaux ont, chacun en ce qui le concerne, pr\u00e9alablement d\u00e9clar\u00e9 leur activit\u00e9 d\u2019\u00e9levage.<\/li>\n<\/ul>\n<p class=\" wall-content\">\u00c0 noter que toute personne impliqu\u00e9e dans l\u2019abattage d\u2019animaux hors des abattoirs autoris\u00e9s engage sa responsabilit\u00e9 et est passible de sanctions puisqu\u2019il s\u2019agit d\u2019un <strong>d\u00e9lit<\/strong> puni de peine de prison et de 15\u2009000\u00a0euros d\u2019amende.<\/p>\n<p class=\" wall-content\">Personnalisez votre actualit\u00e9 en ajoutant vos villes et m\u00e9dias en favori avec <a href=\"https:\/\/moncompte.actu.fr\" title=\"D\u00e9couvez Mon Actu\" rel=\"nofollow noopener\" data-trk=\"{&quot;cta&quot;:{&quot;action&quot;:&quot;https:\\\/\\\/moncompte.actu.fr&quot;,&quot;category&quot;:&quot;mon compte&quot;,&quot;from&quot;:&quot;article footer&quot;,&quot;name&quot;:&quot;Mon actu&quot;,&quot;type&quot;:&quot;cta&quot;}}\" target=\"_blank\">Mon Actu<\/a>.<\/p>\n","protected":false},"excerpt":{"rendered":"Par Ugo Maillard Publi\u00e9 le 26 mai 2026 \u00e0 15h15 Le grand jour est proche. Dans la nuit&hellip;\n","protected":false},"author":2,"featured_media":958024,"comment_status":"","ping_status":"","sticky":false,"template":"","format":"standard","meta":{"footnotes":"","_share_on_mastodon":"0"},"categories":[2819],"tags":[1111,11,1867,1777,674,1011,27,5318,12,2401,882,4020,25,104],"class_list":["post-958023","post","type-post","status-publish","format-standard","has-post-thumbnail","category-nice","tag-actu","tag-actualites","tag-animaux","tag-eu","tag-europe","tag-fr","tag-france","tag-islam","tag-news","tag-nice","tag-provence-alpes-cote-dazur","tag-religion","tag-republique-francaise","tag-societe"],"share_on_mastodon":{"url":"https:\/\/pubeurope.com\/@fr\/116641138235633257","error":""},"_links":{"self":[{"href":"https:\/\/www.europesays.com\/fr\/wp-json\/wp\/v2\/posts\/958023","targetHints":{"allow":["GET"]}}],"collection":[{"href":"https:\/\/www.europesays.com\/fr\/wp-json\/wp\/v2\/posts"}],"about":[{"href":"https:\/\/www.europesays.com\/fr\/wp-json\/wp\/v2\/types\/post"}],"author":[{"embeddable":true,"href":"https:\/\/www.europesays.com\/fr\/wp-json\/wp\/v2\/users\/2"}],"replies":[{"embeddable":true,"href":"https:\/\/www.europesays.com\/fr\/wp-json\/wp\/v2\/comments?post=958023"}],"version-history":[{"count":0,"href":"https:\/\/www.europesays.com\/fr\/wp-json\/wp\/v2\/posts\/958023\/revisions"}],"wp:featuredmedia":[{"embeddable":true,"href":"https:\/\/www.europesays.com\/fr\/wp-json\/wp\/v2\/media\/958024"}],"wp:attachment":[{"href":"https:\/\/www.europesays.com\/fr\/wp-json\/wp\/v2\/media?parent=958023"}],"wp:term":[{"taxonomy":"category","embeddable":true,"href":"https:\/\/www.europesays.com\/fr\/wp-json\/wp\/v2\/categories?post=958023"},{"taxonomy":"post_tag","embeddable":true,"href":"https:\/\/www.europesays.com\/fr\/wp-json\/wp\/v2\/tags?post=958023"}],"curies":[{"name":"wp","href":"https:\/\/api.w.org\/{rel}","templated":true}]}}