{"id":95814,"date":"2025-05-13T03:27:20","date_gmt":"2025-05-13T03:27:20","guid":{"rendered":"https:\/\/www.europesays.com\/fr\/95814\/"},"modified":"2025-05-13T03:27:20","modified_gmt":"2025-05-13T03:27:20","slug":"long-format-lettres-damour-inedites-expositions-tableaux-retrouves-gustave-courbet-un-peintre-omnipresent-lest-republicain","status":"publish","type":"post","link":"https:\/\/www.europesays.com\/fr\/95814\/","title":{"rendered":"Long format. Lettres d&#039;amour in\u00e9dites, expositions, tableaux retrouv\u00e9s : Gustave Courbet, un peintre omnipr\u00e9sent &#8211; L&#039;Est R\u00e9publicain"},"content":{"rendered":"<ol>\n<li><a href=\"https:\/\/news.google.com\/rss\/articles\/CBMi5gFBVV95cUxNZEVhQTBDNmpYRnMtLWpFR01JUlp6eGdtdGtyTWNYeEtUMnZnNzJoMUV3d2k5ajNTZGVWX1E0ZVI1R2RlSTVjc2dESGtNZTBhU1ZzUG5VWk5yVlRqQUlmTVNQaWV3N2pIWlVPUEVPVnpvRTVzSVI5Q1NaOWdCWk5uVXNBSWZuV1dBR3JqT1ZpOWU3b3N1RnFxX05DUmVkTXBIcEV6UGxtX3pGa2VjQng1UE5BQXp6d1BUbGp3MXpLOTJyekZFalJtcVF5Uks1d0JseGtsLWt0NnhsRDFhTFBrbC1aZWZjZw?oc=5\" target=\"_blank\" rel=\"noopener\">Long format. Lettres d&rsquo;amour in\u00e9dites, expositions, tableaux retrouv\u00e9s : Gustave Courbet, un peintre omnipr\u00e9sent<\/a>&nbsp;&nbsp;L&rsquo;Est R\u00e9publicain<\/li>\n<li><a href=\"https:\/\/news.google.com\/rss\/articles\/CBMi5AFBVV95cUxOZm1KWHdfdFVnSExqR3NhQkR6WWMxX2czNDNiTG9kUGo0cVBjczNyMHRkTmFhU1gwQUR2NWFXZFZpRjh6WWh6NXVSVkFldjk2dFdKOWl5X0NQRVBDZ0ZESzlBYUZhYVhvZW1HaWJZLURqNFdDaDJXQlFFVmpuLTdZR2VvamtGTTVYekZXc1hEdThFbWZEaEtDVXktcHJnZDg3M1JBSzJCTzVpRy00bzcxbmNXR0tpUGQwR0pXd2FSTFl6NUFHNjhKWHI1a0pTTHptX1pyUFV6RENtU3I5VjBabHJVa2E?oc=5\" target=\"_blank\" rel=\"noopener\">VID\u00c9O &#8211; Gustave Courbet : le tableau \u00ab\u00a0Un enterrement \u00e0 Ornans\u00a0\u00bb restaur\u00e9 sous vos yeux au mus\u00e9e d&rsquo;Orsay<\/a>&nbsp;&nbsp;RTL.fr<\/li>\n<li><a href=\"https:\/\/news.google.com\/rss\/articles\/CBMisgFBVV95cUxPZnJBcjFKZjNWbE1ucVY3dkJyQy1ZNWdNS2tYVk9xZHNCbl95VjFBWUI4YVRBdFhrYXh5QUZVUlhDRHR6bnlNX21Ca2hJTVRGbDA2VjdsTDk4N1laVzI0ZXRRMWhxVENOQmFxNjdLYkk5UkZxRVoxZmZrM3RPZ2FQLW1qbzFyaWhCa1dZaEJjNXRjVWpsRU1zNm02OU9DNU9Jc01GMkVDU04yS3VJVDZibUFR?oc=5\" target=\"_blank\" rel=\"noopener\">Orsay lance la restauration d&rsquo; Un enterrement \u00e0 Ornans<\/a>&nbsp;&nbsp;Le Quotidien de l&rsquo;Art<\/li>\n<li><a href=\"https:\/\/news.google.com\/rss\/articles\/CBMi6gFBVV95cUxPbWtKZVZDTXZmaVlhWmpPUXhmWENHai1GMEVNcnRXdEIyQldSY2ZLcjFsM2t5dUYyY3FvRXVfcHRxSV91MUllTXlYV243SGdPRUloSjRGMko2NG1TeldEaHBDSTZLLTM2NXp4SjhRSnFRVzZrQkZvaWs1U2h5aU8zazhxODNNaFZQV2NaU3h0WVNJa3o5T2RnSlVHT0FUM3lwMy10cVhrWDEweGFMTjA2UTZuSURqVE9KMGhQdWNUbzdKSHRqeUJybkFvVnAxYWtpcW5PSmpsYm94cHNsUEltX3g0U0c3QUtUTnc?oc=5\" target=\"_blank\" rel=\"noopener\">Assistez \u00e0 la renaissance de la plus grande \u0153uvre de Gustave Courbet au Mus\u00e9e d&rsquo;Orsay<\/a>&nbsp;&nbsp;MSN<\/li>\n<li><a href=\"https:\/\/news.google.com\/rss\/articles\/CBMizwFBVV95cUxQbmtvekVPck16ZnVNTkVNSEtLcWtNLVJjUUNxS1B4ME5JWWZ6ekM4R25WTVVNRno4ejBBdmdneWd4eTFEWENZVEdTTUtoNDVGcWVwQjR3N042MDVYR3dzejZRWU0yRTBndVYyRFRWZnBBNlJFVEdKRGc2dkozYmt0NkxMd3d6UDN3TUt1WlozZ2hreHNjZ1NVTzM0ZlJBM2ZmRnQtMmdaNEZTVTlEaFgwSG5rQnM4U0hnS3JkeFZkdFBSa2NBVG9qYTRSOU9aVzg?oc=5\" target=\"_blank\" rel=\"noopener\">Un tableau de Gustave Courbet restaur\u00e9 sous les yeux des visiteurs au mus\u00e9e d&rsquo;Orsay<\/a>&nbsp;&nbsp;BFMTV<\/li>\n<\/ol>\n","protected":false},"excerpt":{"rendered":"Long format. Lettres d&rsquo;amour in\u00e9dites, expositions, tableaux retrouv\u00e9s : Gustave Courbet, un peintre omnipr\u00e9sent&nbsp;&nbsp;L&rsquo;Est R\u00e9publicain VID\u00c9O &#8211; Gustave&hellip;\n","protected":false},"author":2,"featured_media":95815,"comment_status":"","ping_status":"","sticky":false,"template":"","format":"standard","meta":{"footnotes":""},"categories":[1358],"tags":[1348,1384,1385,10112,1386,58,8026,14383,59,2271,107,1011,27,937,12126,20881,20882,11058,3456,273],"class_list":{"0":"post-95814","1":"post","2":"type-post","3":"status-publish","4":"format-standard","5":"has-post-thumbnail","7":"category-arts-et-design","8":"tag-arts","9":"tag-arts-and-design","10":"tag-arts-et-design","11":"tag-besancon","12":"tag-design","13":"tag-divertissement","14":"tag-doubs","15":"tag-edition-besancon","16":"tag-entertainment","17":"tag-exposition-arts-plastiques","18":"tag-fil-info","19":"tag-fr","20":"tag-france","21":"tag-histoire","22":"tag-les-dossiers-de-la-redaction","23":"tag-long-format","24":"tag-ornans","25":"tag-region-franche-comte","26":"tag-region-lorraine","27":"tag-selection-de-la-redaction"},"share_on_mastodon":{"url":"https:\/\/pubeurope.com\/@fr\/114498400597002843","error":""},"_links":{"self":[{"href":"https:\/\/www.europesays.com\/fr\/wp-json\/wp\/v2\/posts\/95814","targetHints":{"allow":["GET"]}}],"collection":[{"href":"https:\/\/www.europesays.com\/fr\/wp-json\/wp\/v2\/posts"}],"about":[{"href":"https:\/\/www.europesays.com\/fr\/wp-json\/wp\/v2\/types\/post"}],"author":[{"embeddable":true,"href":"https:\/\/www.europesays.com\/fr\/wp-json\/wp\/v2\/users\/2"}],"replies":[{"embeddable":true,"href":"https:\/\/www.europesays.com\/fr\/wp-json\/wp\/v2\/comments?post=95814"}],"version-history":[{"count":0,"href":"https:\/\/www.europesays.com\/fr\/wp-json\/wp\/v2\/posts\/95814\/revisions"}],"wp:featuredmedia":[{"embeddable":true,"href":"https:\/\/www.europesays.com\/fr\/wp-json\/wp\/v2\/media\/95815"}],"wp:attachment":[{"href":"https:\/\/www.europesays.com\/fr\/wp-json\/wp\/v2\/media?parent=95814"}],"wp:term":[{"taxonomy":"category","embeddable":true,"href":"https:\/\/www.europesays.com\/fr\/wp-json\/wp\/v2\/categories?post=95814"},{"taxonomy":"post_tag","embeddable":true,"href":"https:\/\/www.europesays.com\/fr\/wp-json\/wp\/v2\/tags?post=95814"}],"curies":[{"name":"wp","href":"https:\/\/api.w.org\/{rel}","templated":true}]}}