{"id":95816,"date":"2025-05-13T03:28:12","date_gmt":"2025-05-13T03:28:12","guid":{"rendered":"https:\/\/www.europesays.com\/fr\/95816\/"},"modified":"2025-05-13T03:28:12","modified_gmt":"2025-05-13T03:28:12","slug":"radio-intensite-saint-piat-fete-du-livre-et-de-la-poesie-pour-lenfance-et-la-jeunesse","status":"publish","type":"post","link":"https:\/\/www.europesays.com\/fr\/95816\/","title":{"rendered":"RADIO INTENSITE | SAINT-PIAT &#8211; F\u00eate du Livre et de la Po\u00e9sie pour l&rsquo;Enfance et la Jeunesse"},"content":{"rendered":"\n<p lang=\"fr-FR\" align=\"JUSTIFY\">Samedi 17 mai de 9h00 \u00e0 18h00 \u00e0 la salle des f\u00eates de Saint-Piat\u00a0: F\u00eate du Livre et de la Po\u00e9sie pour l&rsquo;Enfance et la Jeunesse.<\/p>\n<p lang=\"fr-FR\" align=\"JUSTIFY\">Organis\u00e9e par la Communaut\u00e9 de communes avec la complicit\u00e9 des artistes de la Caravane des Po\u00e8tes, cette journ\u00e9e vous r\u00e9serve de belles surprises :<\/p>\n<p lang=\"fr-FR\" align=\"JUSTIFY\">&#8211; un salon ouvert de 9h00 \u00e0 18h00 avec plus de 1 000 livres \u00e0 d\u00e9couvrir,<\/p>\n<p lang=\"fr-FR\" align=\"JUSTIFY\">&#8211; des animations pour petits et grands tout au long de la journ\u00e9e,<\/p>\n<p lang=\"fr-FR\" align=\"JUSTIFY\">&#8211; un spectacle po\u00e9tique in\u00e9dit (\u00e0 11h00), avec les artistes de la Caravane des Po\u00e8tes.<\/p>\n<p lang=\"fr-FR\" align=\"JUSTIFY\">Une journ\u00e9e pour c\u00e9l\u00e9brer les livres, la lecture et la po\u00e9sie\u2026<\/p>\n","protected":false},"excerpt":{"rendered":"Samedi 17 mai de 9h00 \u00e0 18h00 \u00e0 la salle des f\u00eates de Saint-Piat\u00a0: F\u00eate du Livre et&hellip;\n","protected":false},"author":2,"featured_media":95817,"comment_status":"","ping_status":"","sticky":false,"template":"","format":"standard","meta":{"footnotes":""},"categories":[1357],"tags":[4763,20887,20886,4396,10036,1379,340,5738,6961,4150,650,1697,58,20888,59,1939,3696,1349,20889,19290,8181,1011,27,20883,5590,6653,330,1351,1380,10265,20890,635,2742,4838,6426,1825,20891,20885,11725,17385,20892,20893,20894,20895,20896,14356,3552,16335,20884,853,517,20897,602,20898,20899],"class_list":{"0":"post-95816","1":"post","2":"type-post","3":"status-publish","4":"format-standard","5":"has-post-thumbnail","7":"category-livres","8":"tag-agenda","9":"tag-agenda-complet","10":"tag-agenda-eure-et-loir","11":"tag-atelier","12":"tag-ateliers","13":"tag-books","14":"tag-bourse","15":"tag-bourses","16":"tag-brocante","17":"tag-ceremonie","18":"tag-cinema","19":"tag-concert","20":"tag-divertissement","21":"tag-dons-du-sang","22":"tag-entertainment","23":"tag-eure-et-loir","24":"tag-evenements","25":"tag-expositions","26":"tag-fetes-foraines","27":"tag-feux-dartifices","28":"tag-foires","29":"tag-fr","30":"tag-france","31":"tag-idees-sorties","32":"tag-intensite","33":"tag-jeune-public","34":"tag-jeux","35":"tag-litterature","36":"tag-livres","37":"tag-loto","38":"tag-lotos","39":"tag-marches","40":"tag-nature","41":"tag-peche","42":"tag-petanque","43":"tag-radio","44":"tag-randonnees","45":"tag-region-centre-val-de-loir","46":"tag-religions","47":"tag-repas","48":"tag-reunions","49":"tag-saison-halloween","50":"tag-saison-noel","51":"tag-saison-telethon","52":"tag-saisons-culturelles","53":"tag-salons","54":"tag-seniors","55":"tag-soirees","56":"tag-sortir-en-eure-et-loir","57":"tag-spectacles","58":"tag-sport","59":"tag-thes-dansants","60":"tag-tourisme","61":"tag-ventes-aux-encheres","62":"tag-visites"},"share_on_mastodon":{"url":"","error":"Validation failed: Text character limit of 500 exceeded"},"_links":{"self":[{"href":"https:\/\/www.europesays.com\/fr\/wp-json\/wp\/v2\/posts\/95816","targetHints":{"allow":["GET"]}}],"collection":[{"href":"https:\/\/www.europesays.com\/fr\/wp-json\/wp\/v2\/posts"}],"about":[{"href":"https:\/\/www.europesays.com\/fr\/wp-json\/wp\/v2\/types\/post"}],"author":[{"embeddable":true,"href":"https:\/\/www.europesays.com\/fr\/wp-json\/wp\/v2\/users\/2"}],"replies":[{"embeddable":true,"href":"https:\/\/www.europesays.com\/fr\/wp-json\/wp\/v2\/comments?post=95816"}],"version-history":[{"count":0,"href":"https:\/\/www.europesays.com\/fr\/wp-json\/wp\/v2\/posts\/95816\/revisions"}],"wp:featuredmedia":[{"embeddable":true,"href":"https:\/\/www.europesays.com\/fr\/wp-json\/wp\/v2\/media\/95817"}],"wp:attachment":[{"href":"https:\/\/www.europesays.com\/fr\/wp-json\/wp\/v2\/media?parent=95816"}],"wp:term":[{"taxonomy":"category","embeddable":true,"href":"https:\/\/www.europesays.com\/fr\/wp-json\/wp\/v2\/categories?post=95816"},{"taxonomy":"post_tag","embeddable":true,"href":"https:\/\/www.europesays.com\/fr\/wp-json\/wp\/v2\/tags?post=95816"}],"curies":[{"name":"wp","href":"https:\/\/api.w.org\/{rel}","templated":true}]}}