{"id":958195,"date":"2026-05-26T15:20:29","date_gmt":"2026-05-26T15:20:29","guid":{"rendered":"https:\/\/www.europesays.com\/fr\/958195\/"},"modified":"2026-05-26T15:20:29","modified_gmt":"2026-05-26T15:20:29","slug":"super-league-warrington-remplace-george-williams-par-une-pepite-de-leeds-rugby-a-xiii","status":"publish","type":"post","link":"https:\/\/www.europesays.com\/fr\/958195\/","title":{"rendered":"Super League &#8211; Warrington remplace George Williams par une p\u00e9pite de Leeds &#8211; Rugby \u00e0 XIII"},"content":{"rendered":"<p style=\"text-align: justify;\"><strong>C\u2019est la bombe mercato de cette semaine : les Wolves de Warrington viennent de recruter Brodie Croft pour les trois prochaines saisons.<\/strong><\/p>\n<p style=\"text-align: justify;\">Habitu\u00e9s des mercatos retentissants, un peu moins des phases finales, les Wolves de Warrington ont encore frapp\u00e9 un grand coup sur la table des recrues. Alors que le premier tiers de cette saison 2026 de Super League vient \u00e0 peine de s\u2019achever, de nombreux clubs sont d\u00e9j\u00e0 \u00e0 l\u2019\u0153uvre pour pr\u00e9parer l\u2019exercice suivant.<\/p>\n<p style=\"text-align: justify;\">C\u2019est notamment le cas de Warrington qui s\u2019active sur le march\u00e9 des transferts pour tenter de renouveler sa colonne vert\u00e9brale. Avec le d\u00e9part de son arri\u00e8re Matt Dufty vers les Rabbitohs, les Wolves ont \u00e9t\u00e9 contraints de propulser le jeune Cai Taylor-Wray au poste d\u2019arri\u00e8re titulaire.<\/p>\n<p>Une charni\u00e8re vieillissante<\/p>\n<p style=\"text-align: justify;\">Mais aujourd\u2019hui, c\u2019est la charni\u00e8re qui int\u00e9resse Sam Burgess et ses dirigeants. Marc Sneyd, 35 ans et demi, est sur la fin de sa carri\u00e8re, et de son contrat. Son bin\u00f4me, George Williams, a \u00e9t\u00e9 contraint de mettre un terme \u00e0 sa saison pr\u00e9cipitamment apr\u00e8s des probl\u00e8mes aux cervicales.<\/p>\n<p style=\"text-align: justify;\">Mais derri\u00e8re l\u2019\u00e2ge et l\u2019exp\u00e9rience des deux vieux briscards des Wolves, la jeune garde pousse. Leon Hayes, Oli Leyland et le prospect Ewan Irwin manquent encore d\u2019exp\u00e9rience mais pas de talent. Avec la bouteille d\u2019un Brodie Croft au sommet de son art sur les deux derni\u00e8res saisons, un alliage Croft-Hayes ou Croft-Irwin pourrait \u00eatre d\u00e9vastateur pour les d\u00e9fenses de Super League la saison prochaine.<\/p>\n<blockquote class=\"instagram-media\" data-instgrm-captioned=\"\" data-instgrm-permalink=\"https:\/\/www.instagram.com\/reel\/DYm0fzoqamA\/?utm_source=ig_embed&amp;utm_campaign=loading\" data-instgrm-version=\"14\" style=\" background:#FFF; border:0; border-radius:3px; box-shadow:0 0 1px 0 rgba(0,0,0,0.5),0 1px 10px 0 rgba(0,0,0,0.15); margin: 1px; max-width:500px; min-width:326px; padding:0; width:99.375%; width:-webkit-calc(100% - 2px); width:calc(100% - 2px);\">\n<\/blockquote>\n<p>        <script async src=\"\/\/www.instagram.com\/embed.js\"><\/script><\/p>\n","protected":false},"excerpt":{"rendered":"C\u2019est la bombe mercato de cette semaine : les Wolves de Warrington viennent de recruter Brodie Croft pour&hellip;\n","protected":false},"author":2,"featured_media":958196,"comment_status":"","ping_status":"","sticky":false,"template":"","format":"standard","meta":{"footnotes":"","_share_on_mastodon":"0"},"categories":[1416],"tags":[100146,1011,27,24011,479,2228,1468,2229,60,4474,29045],"class_list":["post-958195","post","type-post","status-publish","format-standard","has-post-thumbnail","category-rugby","tag-brodie-croft","tag-fr","tag-france","tag-leeds-rhinos","tag-rugby","tag-rugby-a-xiii","tag-rugby-football","tag-rugby-league","tag-sports","tag-super-league","tag-warrington-wolves"],"share_on_mastodon":{"url":"https:\/\/pubeurope.com\/@fr\/116641557964152484","error":""},"_links":{"self":[{"href":"https:\/\/www.europesays.com\/fr\/wp-json\/wp\/v2\/posts\/958195","targetHints":{"allow":["GET"]}}],"collection":[{"href":"https:\/\/www.europesays.com\/fr\/wp-json\/wp\/v2\/posts"}],"about":[{"href":"https:\/\/www.europesays.com\/fr\/wp-json\/wp\/v2\/types\/post"}],"author":[{"embeddable":true,"href":"https:\/\/www.europesays.com\/fr\/wp-json\/wp\/v2\/users\/2"}],"replies":[{"embeddable":true,"href":"https:\/\/www.europesays.com\/fr\/wp-json\/wp\/v2\/comments?post=958195"}],"version-history":[{"count":0,"href":"https:\/\/www.europesays.com\/fr\/wp-json\/wp\/v2\/posts\/958195\/revisions"}],"wp:featuredmedia":[{"embeddable":true,"href":"https:\/\/www.europesays.com\/fr\/wp-json\/wp\/v2\/media\/958196"}],"wp:attachment":[{"href":"https:\/\/www.europesays.com\/fr\/wp-json\/wp\/v2\/media?parent=958195"}],"wp:term":[{"taxonomy":"category","embeddable":true,"href":"https:\/\/www.europesays.com\/fr\/wp-json\/wp\/v2\/categories?post=958195"},{"taxonomy":"post_tag","embeddable":true,"href":"https:\/\/www.europesays.com\/fr\/wp-json\/wp\/v2\/tags?post=958195"}],"curies":[{"name":"wp","href":"https:\/\/api.w.org\/{rel}","templated":true}]}}