{"id":95828,"date":"2025-05-13T03:34:09","date_gmt":"2025-05-13T03:34:09","guid":{"rendered":"https:\/\/www.europesays.com\/fr\/95828\/"},"modified":"2025-05-13T03:34:09","modified_gmt":"2025-05-13T03:34:09","slug":"la-lecon-de-piano-king-kong-lynch-mylene-farmer-nous-fait-son-cinema-liberation","status":"publish","type":"post","link":"https:\/\/www.europesays.com\/fr\/95828\/","title":{"rendered":"\u00abLa Le\u00e7on de piano\u00bb, \u00abKing Kong\u00bb, Lynch\u2026 Myl\u00e8ne Farmer nous fait son cin\u00e9ma \u2013 Lib\u00e9ration"},"content":{"rendered":"<p class=\"sc-ksZaOG ehjQrN text-element\">Avec 30 millions d\u2019albums vendus depuis ses premiers tubes dans les ann\u00e9es 1980, apr\u00e8s avoir rempli encore trois Stade de France lors de la tourn\u00e9e Nevermore en 2024, <a href=\"https:\/\/www.liberation.fr\/idees-et-debats\/opinions\/mylene-farmer-la-branchitude-sur-le-tard-20241001_2J7SGABQQ5GOZJ4OVOCV7WGATQ\/\" target=\"_blank\" rel=\"noreferrer nofollow noopener\" title=\"https:\/\/www.liberation.fr\/idees-et-debats\/opinions\/mylene-farmer-la-branchitude-sur-le-tard-20241001_2J7SGABQQ5GOZJ4OVOCV7WGATQ\/\">Myl\u00e8ne Farmer<\/a> est et reste l\u2019ind\u00e9tr\u00f4nable h\u00e9ro\u00efne de la g\u00e9n\u00e9ration d\u00e9senchant\u00e9e, Salammb\u00f4 manga aux yeux perp\u00e9tuellement \u00e9carquill\u00e9s sur le puits sans fond du spleen pop. Apr\u00e8s Zaho de Sagazan l\u2019an dernier reprenant Modern Love de Bowie, celle qui a refus\u00e9 de figurer au casting de la c\u00e9r\u00e9monie d\u2019ouverture des JO est annonc\u00e9e pour celle du Festival de Cannes mardi soir pour une prestation \u00e9v\u00e9nement dont on ne sait rien. Thierry Fr\u00e9maux dans Paris Match est cat\u00e9gorique : \u00abOn ne sera pas d\u00e9\u00e7u, croyez-moi.\u00bb Pour Lib\u00e9ration, elle a accept\u00e9 de se plier \u00e0 l\u2019exercice du questionnaire cin\u00e9phile. A lire avec des bougies parfum encens allum\u00e9es partout dans la pi\u00e8ce en \u00e9coutant religieusement Ainsi soit je\u2026<\/p>\n<p class=\"sc-ksZaOG ehjQrN text-element\">The Kid. Charlie Chaplin. Rires et larmes. Tendresse inou\u00efe et ce petit chien !!! L\u2019envie d\u2019adopter les trois !<\/p>\n<p class=\"sc-ksZaOG ehjQrN text-element\"><b>Le chef-d\u2019\u0153uvre dont tout le monde vous parle et que vous n\u2019avez jamais vu<\/b> <b>?<\/b><\/p>\n<p class=\"sc-ksZaOG ehjQrN text-element\">Chantons sous la pluie. Je crois<\/p>\n","protected":false},"excerpt":{"rendered":"Avec 30 millions d\u2019albums vendus depuis ses premiers tubes dans les ann\u00e9es 1980, apr\u00e8s avoir rempli encore trois&hellip;\n","protected":false},"author":2,"featured_media":95829,"comment_status":"","ping_status":"","sticky":false,"template":"","format":"standard","meta":{"footnotes":""},"categories":[8],"tags":[58,59,5634,1011,27,13995],"class_list":{"0":"post-95828","1":"post","2":"type-post","3":"status-publish","4":"format-standard","5":"has-post-thumbnail","7":"category-divertissement","8":"tag-divertissement","9":"tag-entertainment","10":"tag-festival-de-cannes","11":"tag-fr","12":"tag-france","13":"tag-mylene-farmer"},"share_on_mastodon":{"url":"https:\/\/pubeurope.com\/@fr\/114498428236536286","error":""},"_links":{"self":[{"href":"https:\/\/www.europesays.com\/fr\/wp-json\/wp\/v2\/posts\/95828","targetHints":{"allow":["GET"]}}],"collection":[{"href":"https:\/\/www.europesays.com\/fr\/wp-json\/wp\/v2\/posts"}],"about":[{"href":"https:\/\/www.europesays.com\/fr\/wp-json\/wp\/v2\/types\/post"}],"author":[{"embeddable":true,"href":"https:\/\/www.europesays.com\/fr\/wp-json\/wp\/v2\/users\/2"}],"replies":[{"embeddable":true,"href":"https:\/\/www.europesays.com\/fr\/wp-json\/wp\/v2\/comments?post=95828"}],"version-history":[{"count":0,"href":"https:\/\/www.europesays.com\/fr\/wp-json\/wp\/v2\/posts\/95828\/revisions"}],"wp:featuredmedia":[{"embeddable":true,"href":"https:\/\/www.europesays.com\/fr\/wp-json\/wp\/v2\/media\/95829"}],"wp:attachment":[{"href":"https:\/\/www.europesays.com\/fr\/wp-json\/wp\/v2\/media?parent=95828"}],"wp:term":[{"taxonomy":"category","embeddable":true,"href":"https:\/\/www.europesays.com\/fr\/wp-json\/wp\/v2\/categories?post=95828"},{"taxonomy":"post_tag","embeddable":true,"href":"https:\/\/www.europesays.com\/fr\/wp-json\/wp\/v2\/tags?post=95828"}],"curies":[{"name":"wp","href":"https:\/\/api.w.org\/{rel}","templated":true}]}}