{"id":95838,"date":"2025-05-13T03:39:12","date_gmt":"2025-05-13T03:39:12","guid":{"rendered":"https:\/\/www.europesays.com\/fr\/95838\/"},"modified":"2025-05-13T03:39:12","modified_gmt":"2025-05-13T03:39:12","slug":"louane-avant-meme-leurovision-elle-a-deja-tout-gagne","status":"publish","type":"post","link":"https:\/\/www.europesays.com\/fr\/95838\/","title":{"rendered":"Louane : avant m\u00eame l\u2019Eurovision, elle a d\u00e9j\u00e0 tout gagn\u00e9"},"content":{"rendered":"<p>      R\u00e9sum\u00e9<\/p>\n<p>Louane se pr\u00e9pare \u00e0 repr\u00e9senter la France \u00e0 l&rsquo;Eurovision 2025 \u00e0 B\u00e2le, et malgr\u00e9 des pr\u00e9visions modestes des bookmakers, elle retrouve le Top Singles avec son titre \u00ab\u00a0Maman\u00a0\u00bb.<\/p>\n<p>        Sommaire<\/p>\n<p>De quoi la mettre en confiance avant de se lancer dans le grand bain. Ce samedi 17 mai 2025, <a href=\"https:\/\/www.public.fr\/tag\/louane\" rel=\"nofollow noopener\" target=\"_blank\">Louane<\/a> a rendez-vous avec l\u2019histoire. En effet, l\u2019ancienne candidate de <strong>\u00ab\u00a0The Voice\u00a0\u00bb<\/strong> va monter sur sc\u00e8ne dans la\u00a0Halle Saint-Jakob, pour repr\u00e9senter la France \u00e0 l\u2019Eurovision. Une salle\u00a0qui peut accueillir 12 400 personnes debout dans la fosse et 8000 assises.<\/p>\n<p>Apr\u00e8s l\u2019excellent r\u00e9sultat de <a href=\"https:\/\/www.public.fr\/tag\/slimane\" rel=\"nofollow noopener\" target=\"_blank\">Slimane<\/a> l\u2019an dernier, qui a fini \u00e0 la 4e place lors du concours en Su\u00e8de, <a href=\"https:\/\/vsd.fr\/tag\/louane\/\" rel=\"nofollow noopener\" target=\"_blank\">la maman d\u2019Esm\u00e9e<\/a> esp\u00e8re faire mieux et pourquoi pas remporter un concours qui fuit notre pays depuis Marie Myriam, en 1977 avec <strong>\u00ab\u00a0L\u2019oiseau et l\u2019enfant\u00a0\u00bb<\/strong>.<\/p>\n<p>Louane, pas donn\u00e9e gagnante<\/p>\n<p>Depuis plusieurs jours, elle pu s\u2019impr\u00e9gner de l\u2019ambiance du concours. En effet, elle a quitt\u00e9 la France le 7 mai dernier pour se rendre en Suisse, plus pr\u00e9cis\u00e9ment \u00e0 B\u00e2le, o\u00f9 aura lieu le prochain concours de l\u2019Eurovision.\u00a0<\/p>\n<p>Louane, bien qu\u2019elle reste optimiste, ne pense pas pouvoir remporter le concours. Et visiblement, <a href=\"https:\/\/www.public.fr\/eurovision-2025-louane-senvole-pour-le-concours-voici-sa-place-dans-le-classement-des-favoris\" rel=\"nofollow noopener\" target=\"_blank\">les bookmakers sont d\u2019accord<\/a> avec elle. N\u00e9anmoins, m\u00eame s\u2019ils ne la placent sur la premi\u00e8re place du podium, elle devrait tout de m\u00eame r\u00e9ussir \u00e0 occuper une marche de celui-ci.<\/p>\n<p>En effet, d\u2019apr\u00e8s eux, la chanteuse de 28 ans pourrait se hisser \u00e0 la troisi\u00e8me place, tout en restant loin derri\u00e8re la Su\u00e8de et l&rsquo;Autriche, qui semblent largement favorites. Au niveau des chances de victoire de la maman d\u2019Esm\u00e9e, celles-ci sont estim\u00e9es \u00e0\u00a0\u00e0 7%.<\/p>\n<p>Une nouvelle qui la mettre en confiance<\/p>\n<p>Il va, dans tous les cas, falloir patienter jusqu\u2019au 17 mai prochain pour conna\u00eetre l\u2019issue et savoir si Louane va remporter le concours de l\u2019Eurovision. En attendant, elle a tout de m\u00eame remport\u00e9 une belle victoire en ce d\u00e9but de semaine.<\/p>\n<p>Comme le relaient nos confr\u00e8res de Purecharts, son titre<strong> \u00ab\u00a0Maman\u00a0\u00bb<\/strong>, qu\u2019elle va interpr\u00e9ter sur la sc\u00e8ne de la\u00a0Halle Saint-Jakob, au cours du week-end, vient en effet de faire son retour dans le Top Singles.\u00a0<\/p>\n<p>\u00ab\u00a0\u00c0 quelques jours de l&rsquo;Eurovision, Louane revient dans le Top Singles. <strong>Sa chanson \u00e9mouvante\u00a0\u00ab\u00a0Maman\u00a0\u00bb, qui repr\u00e9sentera la France, signe un retour remarqu\u00e9 \u00e0 la 75\u00e8me place avec 1,04 million d&rsquo;\u00e9coutes au compteur.<\/strong> Un bon indicateur avant la grande finale et alors que son best of vient de sortir !\u00a0\u00bb, indiquent nos confr\u00e8res. De quoi donner de la force \u00e0 Louane, \u00e0 quelques jours du concours.\u00a0<\/p>\n<p>      Mentionn\u00e9s dans cet article<\/p>\n<p>\u00c0 lire aussi<\/p>\n","protected":false},"excerpt":{"rendered":"R\u00e9sum\u00e9 Louane se pr\u00e9pare \u00e0 repr\u00e9senter la France \u00e0 l&rsquo;Eurovision 2025 \u00e0 B\u00e2le, et malgr\u00e9 des pr\u00e9visions modestes&hellip;\n","protected":false},"author":2,"featured_media":95839,"comment_status":"","ping_status":"","sticky":false,"template":"","format":"standard","meta":{"footnotes":""},"categories":[2],"tags":[11,8753,1011,27,4501,12,9055],"class_list":{"0":"post-95838","1":"post","2":"type-post","3":"status-publish","4":"format-standard","5":"has-post-thumbnail","7":"category-actualites","8":"tag-actualites","9":"tag-concours-eurovision-de-la-chanson","10":"tag-fr","11":"tag-france","12":"tag-louane","13":"tag-news","14":"tag-slimane"},"share_on_mastodon":{"url":"https:\/\/pubeurope.com\/@fr\/114498448359035267","error":""},"_links":{"self":[{"href":"https:\/\/www.europesays.com\/fr\/wp-json\/wp\/v2\/posts\/95838","targetHints":{"allow":["GET"]}}],"collection":[{"href":"https:\/\/www.europesays.com\/fr\/wp-json\/wp\/v2\/posts"}],"about":[{"href":"https:\/\/www.europesays.com\/fr\/wp-json\/wp\/v2\/types\/post"}],"author":[{"embeddable":true,"href":"https:\/\/www.europesays.com\/fr\/wp-json\/wp\/v2\/users\/2"}],"replies":[{"embeddable":true,"href":"https:\/\/www.europesays.com\/fr\/wp-json\/wp\/v2\/comments?post=95838"}],"version-history":[{"count":0,"href":"https:\/\/www.europesays.com\/fr\/wp-json\/wp\/v2\/posts\/95838\/revisions"}],"wp:featuredmedia":[{"embeddable":true,"href":"https:\/\/www.europesays.com\/fr\/wp-json\/wp\/v2\/media\/95839"}],"wp:attachment":[{"href":"https:\/\/www.europesays.com\/fr\/wp-json\/wp\/v2\/media?parent=95838"}],"wp:term":[{"taxonomy":"category","embeddable":true,"href":"https:\/\/www.europesays.com\/fr\/wp-json\/wp\/v2\/categories?post=95838"},{"taxonomy":"post_tag","embeddable":true,"href":"https:\/\/www.europesays.com\/fr\/wp-json\/wp\/v2\/tags?post=95838"}],"curies":[{"name":"wp","href":"https:\/\/api.w.org\/{rel}","templated":true}]}}