{"id":95842,"date":"2025-05-13T03:41:13","date_gmt":"2025-05-13T03:41:13","guid":{"rendered":"https:\/\/www.europesays.com\/fr\/95842\/"},"modified":"2025-05-13T03:41:13","modified_gmt":"2025-05-13T03:41:13","slug":"a-saint-etienne-du-gres-les-habitants-ont-fete-les-90-ans-de-la-creation-de-la-commune","status":"publish","type":"post","link":"https:\/\/www.europesays.com\/fr\/95842\/","title":{"rendered":"\u00c0 Saint-\u00c9tienne-du-Gr\u00e8s, les habitants ont f\u00eat\u00e9 les 90 ans de la cr\u00e9ation de la commune"},"content":{"rendered":"<p>\u00c0 l&rsquo;occasion des 90 ans de la commune de Saint-\u00c9tienne-du-Gr\u00e8s, habitants et visiteurs se sont r\u00e9unis autour de la traditionnelle \u00ab\u00a0grande table\u00a0\u00bb en plein c\u0153ur du village, dans une ambiance festive qui a su faire revivre l&rsquo;esprit des ann\u00e9es 1930. Depuis 2015, cette manifestation est devenue un rendez-vous incontournable de la <a href=\"https:\/\/www.laprovence.com\/article\/sortie-loisirs\/76101598955918\/8-mai-pourquoi-ce-jour-est-il-ferie\" target=\"_blank\" rel=\"noopener\">journ\u00e9e du 8-Mai<\/a>, m\u00ealant souvenirs de la Lib\u00e9ration et festivit\u00e9s printani\u00e8res.<\/p>\n<p>Cette ann\u00e9e, le th\u00e8me du retour en 1935 &#8211; date de naissance de la commune &#8211; a donn\u00e9 une teinte historique et nostalgique \u00e0 la journ\u00e9e. V\u00eatues de costumes d&rsquo;\u00e9poque, les Arl\u00e9siennes, voitures anciennes et bicyclettes ont redonn\u00e9 vie \u00e0 l&rsquo;atmosph\u00e8re d&rsquo;antan. Les festivit\u00e9s ont commenc\u00e9 d\u00e8s 11h avec un grand d\u00e9fil\u00e9 dans les rues du village, suivi d&rsquo;un ap\u00e9ritif musical et de repas partag\u00e9s autour des grandes tables dress\u00e9es avenue de la R\u00e9publique. Le chef Jean Broche a r\u00e9gal\u00e9 les convives avec un menu typique : cochons farcis aux andouillettes, fromage et dessert, le tout accompagn\u00e9 par la <a href=\"https:\/\/www.facebook.com\/p\/La-Pe%C3%B1a-Taurine-de-St-Etienne-du-Gr%C3%A8s-100078938652915\/\" target=\"_blank\" rel=\"noopener\">Pe\u00f1a taurine de Saint-\u00c9tienne-du-Gr\u00e8s<\/a>.<\/p>\n<p>Un drapeau cr\u00e9\u00e9 pour l&rsquo;occasion<\/p>\n<p>\u00c0 midi, un moment solennel a marqu\u00e9 les 90 ans de la commune avec la pr\u00e9sentation officielle du drapeau sp\u00e9cialement cr\u00e9\u00e9 pour cet anniversaire. <a href=\"https:\/\/www.laprovence.com\/article\/region\/2034600495948715\/saint-etienne-du-gres-le-maire-jean-mangion-celebre-ses-40-ans-de-mandature-et-devient-un-des-plus-anciens-elus-du-pays-darles\" target=\"_blank\" rel=\"noopener\">Le maire, Jean Mangion<\/a>, a ensuite transmis ce symbole au conseil municipal des jeunes. \u00ab\u00a0Ensemble, continuons \u00e0 faire de Saint-\u00c9tienne-du-Gr\u00e8s une commune tourn\u00e9e vers l&rsquo;avenir, sans jamais oublier son histoire et ses racines\u00a0\u00bb, a soulign\u00e9 l&rsquo;\u00e9dile.<\/p>\n<p>Le square Dorlhac-de-Borne a ensuite accueilli les visiteurs avec des jeux en bois anciens, tandis que la fin de journ\u00e9e s&rsquo;est ponctu\u00e9e par la comm\u00e9moration du 8 mai 1945 au monument aux Morts, rappelant l&rsquo;importance du souvenir dans cette journ\u00e9e embl\u00e9matique. L&rsquo;\u00e9v\u00e9nement fut empreint d&rsquo;\u00e9motion pour toutes les g\u00e9n\u00e9rations.<\/p>\n","protected":false},"excerpt":{"rendered":"\u00c0 l&rsquo;occasion des 90 ans de la commune de Saint-\u00c9tienne-du-Gr\u00e8s, habitants et visiteurs se sont r\u00e9unis autour de&hellip;\n","protected":false},"author":2,"featured_media":95843,"comment_status":"","ping_status":"","sticky":false,"template":"","format":"standard","meta":{"footnotes":""},"categories":[9653],"tags":[17,1111,11,1764,2430,1777,674,4768,1011,27,4021,151,2831,12,2537,25,4001,15987],"class_list":{"0":"post-95842","1":"post","2":"type-post","3":"status-publish","4":"format-standard","5":"has-post-thumbnail","7":"category-saint-etienne","8":"tag-17","9":"tag-actu","10":"tag-actualites","11":"tag-ans","12":"tag-auvergne-rhone-alpes","13":"tag-eu","14":"tag-europe","15":"tag-fete","16":"tag-fr","17":"tag-france","18":"tag-habitants","19":"tag-les","20":"tag-loisirs-traditions","21":"tag-news","22":"tag-ont","23":"tag-republique-francaise","24":"tag-saint-etienne","25":"tag-saint-etienne-du-gres"},"share_on_mastodon":{"url":"https:\/\/pubeurope.com\/@fr\/114498455896746892","error":""},"_links":{"self":[{"href":"https:\/\/www.europesays.com\/fr\/wp-json\/wp\/v2\/posts\/95842","targetHints":{"allow":["GET"]}}],"collection":[{"href":"https:\/\/www.europesays.com\/fr\/wp-json\/wp\/v2\/posts"}],"about":[{"href":"https:\/\/www.europesays.com\/fr\/wp-json\/wp\/v2\/types\/post"}],"author":[{"embeddable":true,"href":"https:\/\/www.europesays.com\/fr\/wp-json\/wp\/v2\/users\/2"}],"replies":[{"embeddable":true,"href":"https:\/\/www.europesays.com\/fr\/wp-json\/wp\/v2\/comments?post=95842"}],"version-history":[{"count":0,"href":"https:\/\/www.europesays.com\/fr\/wp-json\/wp\/v2\/posts\/95842\/revisions"}],"wp:featuredmedia":[{"embeddable":true,"href":"https:\/\/www.europesays.com\/fr\/wp-json\/wp\/v2\/media\/95843"}],"wp:attachment":[{"href":"https:\/\/www.europesays.com\/fr\/wp-json\/wp\/v2\/media?parent=95842"}],"wp:term":[{"taxonomy":"category","embeddable":true,"href":"https:\/\/www.europesays.com\/fr\/wp-json\/wp\/v2\/categories?post=95842"},{"taxonomy":"post_tag","embeddable":true,"href":"https:\/\/www.europesays.com\/fr\/wp-json\/wp\/v2\/tags?post=95842"}],"curies":[{"name":"wp","href":"https:\/\/api.w.org\/{rel}","templated":true}]}}