{"id":95844,"date":"2025-05-13T03:42:10","date_gmt":"2025-05-13T03:42:10","guid":{"rendered":"https:\/\/www.europesays.com\/fr\/95844\/"},"modified":"2025-05-13T03:42:10","modified_gmt":"2025-05-13T03:42:10","slug":"nancy-la-bibasse-rebondit-pour-une-nouvelle-edition-apres-une-convention-2024-remarquable","status":"publish","type":"post","link":"https:\/\/www.europesays.com\/fr\/95844\/","title":{"rendered":"Nancy. La Bibasse rebondit pour une nouvelle \u00e9dition apr\u00e8s une convention 2024 remarquable"},"content":{"rendered":"<p>Ils ne feront sans doute pas aussi bien que l\u2019an pass\u00e9, et c\u2019est bien normal. \u00ab\u00a0Parce que l\u2019an pass\u00e9, on f\u00eatait la 10 e \u00e9dition. Et puis on \u00e9tait la premi\u00e8re convention de l\u2019ann\u00e9e, il n\u2019y avait pas d\u2019autre convention en face en France. M\u00eame au niveau local, il n\u2019avait pas d\u2019autres gros \u00e9v\u00e9nements en concurrence. Et en plus, on a pu s\u2019\u00e9tendre sur une journ\u00e9e suppl\u00e9mentaire\u00a0!\u00a0\u00bb<\/p>\n<p>Ce bilan est tir\u00e9 par Nadine Royer, directrice de la MJC des 3 Maisons, et Audrey Rolin, animatrice. Bref, les astres \u00e9taient aussi joliment align\u00e9s que les balles de jonglage dans un ciel sans nuage\u00a0!<\/p>\n<p>Tant et si bien que la Bibasse 2024, convention de jonglerie, a r\u00e9uni pr\u00e8s de 250 participants, soit pr\u00e8s du double de la fr\u00e9quentation habituelle. Quant aux&#8230;<\/p>\n","protected":false},"excerpt":{"rendered":"Ils ne feront sans doute pas aussi bien que l\u2019an pass\u00e9, et c\u2019est bien normal. \u00ab\u00a0Parce que l\u2019an&hellip;\n","protected":false},"author":2,"featured_media":95845,"comment_status":"","ping_status":"","sticky":false,"template":"","format":"standard","meta":{"footnotes":""},"categories":[9635],"tags":[1111,11,1687,1704,1777,674,1011,27,775,1702,1703,12,25,3140],"class_list":{"0":"post-95844","1":"post","2":"type-post","3":"status-publish","4":"format-standard","5":"has-post-thumbnail","7":"category-nancy","8":"tag-actu","9":"tag-actualites","10":"tag-culture-loisirs","11":"tag-edition-nancy-et-agglomeration","12":"tag-eu","13":"tag-europe","14":"tag-fr","15":"tag-france","16":"tag-grand-est","17":"tag-nancy","18":"tag-nancy-ville-54b","19":"tag-news","20":"tag-republique-francaise","21":"tag-spectacle"},"share_on_mastodon":{"url":"https:\/\/pubeurope.com\/@fr\/114498459781268847","error":""},"_links":{"self":[{"href":"https:\/\/www.europesays.com\/fr\/wp-json\/wp\/v2\/posts\/95844","targetHints":{"allow":["GET"]}}],"collection":[{"href":"https:\/\/www.europesays.com\/fr\/wp-json\/wp\/v2\/posts"}],"about":[{"href":"https:\/\/www.europesays.com\/fr\/wp-json\/wp\/v2\/types\/post"}],"author":[{"embeddable":true,"href":"https:\/\/www.europesays.com\/fr\/wp-json\/wp\/v2\/users\/2"}],"replies":[{"embeddable":true,"href":"https:\/\/www.europesays.com\/fr\/wp-json\/wp\/v2\/comments?post=95844"}],"version-history":[{"count":0,"href":"https:\/\/www.europesays.com\/fr\/wp-json\/wp\/v2\/posts\/95844\/revisions"}],"wp:featuredmedia":[{"embeddable":true,"href":"https:\/\/www.europesays.com\/fr\/wp-json\/wp\/v2\/media\/95845"}],"wp:attachment":[{"href":"https:\/\/www.europesays.com\/fr\/wp-json\/wp\/v2\/media?parent=95844"}],"wp:term":[{"taxonomy":"category","embeddable":true,"href":"https:\/\/www.europesays.com\/fr\/wp-json\/wp\/v2\/categories?post=95844"},{"taxonomy":"post_tag","embeddable":true,"href":"https:\/\/www.europesays.com\/fr\/wp-json\/wp\/v2\/tags?post=95844"}],"curies":[{"name":"wp","href":"https:\/\/api.w.org\/{rel}","templated":true}]}}