{"id":95846,"date":"2025-05-13T03:43:13","date_gmt":"2025-05-13T03:43:13","guid":{"rendered":"https:\/\/www.europesays.com\/fr\/95846\/"},"modified":"2025-05-13T03:43:13","modified_gmt":"2025-05-13T03:43:13","slug":"meurthe-et-moselle-a-nancy-terra-nova-veut-rapprocher-citoyens-et-experts-autour-des-enjeux-democratiques","status":"publish","type":"post","link":"https:\/\/www.europesays.com\/fr\/95846\/","title":{"rendered":"Meurthe-et-Moselle. \u00c0 Nancy, Terra Nova veut rapprocher citoyens et experts autour des enjeux d\u00e9mocratiques"},"content":{"rendered":"<p>                    Terra Nova, c\u2019est quoi\u00a0?<\/p>\n<p>Cr\u00e9e en 2008, Terra Nova est un \u00ab\u00a0think tank\u00a0\u00bb, un cercle de r\u00e9flexion, un des plus influents du paysage politique fran\u00e7ais, plac\u00e9 \u00e0 gauche de l\u2019\u00e9chiquier politique.<\/p>\n<p>Fond\u00e9e \u00e0 l\u2019initiative d\u2019Olivier Ferrand, ancien haut fonctionnaire et conseiller politique, d\u00e9c\u00e9d\u00e9 en 2012, Terra Nova revendique une double vocation\u00a0: \u00eatre \u00e0 la fois un laboratoire d\u2019id\u00e9es ind\u00e9pendant et un acteur engag\u00e9 dans la transformation sociale. L\u2019association, structur\u00e9e en r\u00e9seau d\u2019experts, de chercheurs, de responsables politiques et de citoyens, publie r\u00e9guli\u00e8rement des notes et des rapports sur des th\u00e8mes aussi vari\u00e9s que le travail, l\u2019\u00e9cologie, les in\u00e9galit\u00e9s, l\u2019Europe ou encore la d\u00e9mocratie.<\/p>\n<p>Quels sont ses objectifs\u00a0?<\/p>\n<p>Derri\u00e8re ce nom \u00e9vocateur du \u00ab\u00a0nouveau monde\u00a0\u00bb, l\u2019ambition de Terra Nova est claire\u00a0: nourrir la r\u00e9flexion progressiste, fournir des id\u00e9es neuves \u00e0 la gauche, et peser sur le d\u00e9bat public.<\/p>\n<p>Terra Nova va plus loin. Pour l\u2019association, le but est de \u00ab\u00a0produire et diffuser des&#8230;<\/p>\n","protected":false},"excerpt":{"rendered":"Terra Nova, c\u2019est quoi\u00a0? Cr\u00e9e en 2008, Terra Nova est un \u00ab\u00a0think tank\u00a0\u00bb, un cercle de r\u00e9flexion, un&hellip;\n","protected":false},"author":2,"featured_media":95847,"comment_status":"","ping_status":"","sticky":false,"template":"","format":"standard","meta":{"footnotes":""},"categories":[9635],"tags":[1111,11,1707,1704,1706,1705,1777,674,1011,27,775,3457,1702,1703,12,316,25,767,104],"class_list":{"0":"post-95846","1":"post","2":"type-post","3":"status-publish","4":"format-standard","5":"has-post-thumbnail","7":"category-nancy","8":"tag-actu","9":"tag-actualites","10":"tag-edition-luneville","11":"tag-edition-nancy-et-agglomeration","12":"tag-edition-pont-a-mousson","13":"tag-edition-toul","14":"tag-eu","15":"tag-europe","16":"tag-fr","17":"tag-france","18":"tag-grand-est","19":"tag-meurthe-et-moselle","20":"tag-nancy","21":"tag-nancy-ville-54b","22":"tag-news","23":"tag-politique","24":"tag-republique-francaise","25":"tag-science-et-technologie","26":"tag-societe"},"share_on_mastodon":{"url":"https:\/\/pubeurope.com\/@fr\/114498463711378064","error":""},"_links":{"self":[{"href":"https:\/\/www.europesays.com\/fr\/wp-json\/wp\/v2\/posts\/95846","targetHints":{"allow":["GET"]}}],"collection":[{"href":"https:\/\/www.europesays.com\/fr\/wp-json\/wp\/v2\/posts"}],"about":[{"href":"https:\/\/www.europesays.com\/fr\/wp-json\/wp\/v2\/types\/post"}],"author":[{"embeddable":true,"href":"https:\/\/www.europesays.com\/fr\/wp-json\/wp\/v2\/users\/2"}],"replies":[{"embeddable":true,"href":"https:\/\/www.europesays.com\/fr\/wp-json\/wp\/v2\/comments?post=95846"}],"version-history":[{"count":0,"href":"https:\/\/www.europesays.com\/fr\/wp-json\/wp\/v2\/posts\/95846\/revisions"}],"wp:featuredmedia":[{"embeddable":true,"href":"https:\/\/www.europesays.com\/fr\/wp-json\/wp\/v2\/media\/95847"}],"wp:attachment":[{"href":"https:\/\/www.europesays.com\/fr\/wp-json\/wp\/v2\/media?parent=95846"}],"wp:term":[{"taxonomy":"category","embeddable":true,"href":"https:\/\/www.europesays.com\/fr\/wp-json\/wp\/v2\/categories?post=95846"},{"taxonomy":"post_tag","embeddable":true,"href":"https:\/\/www.europesays.com\/fr\/wp-json\/wp\/v2\/tags?post=95846"}],"curies":[{"name":"wp","href":"https:\/\/api.w.org\/{rel}","templated":true}]}}